{"id":34833,"date":"2021-10-07T17:57:31","date_gmt":"2021-10-07T20:57:31","guid":{"rendered":"http:\/\/www.centraldenoticias.com.ar\/?p=34833"},"modified":"2021-10-07T17:57:31","modified_gmt":"2021-10-07T20:57:31","slug":"se-esperan-temperaturas-superiores-al-promedio-en-los-ultimos-tres-meses-del-ano","status":"publish","type":"post","link":"https:\/\/cdnoticias.com\/index.php\/2021\/10\/07\/se-esperan-temperaturas-superiores-al-promedio-en-los-ultimos-tres-meses-del-ano\/","title":{"rendered":"Se esperan temperaturas superiores al promedio en los \u00faltimos tres meses del a\u00f1o"},"content":{"rendered":"<div class=\"td_block_wrap tdb_single_subtitle tdi_72 td-pb-border-top td_block_template_1\" data-td-block-uid=\"tdi_72\">\n<div class=\"tdb-block-inner td-fix-index\">\n<p>Los datos surgen del informe trimestral que realiz\u00f3 el Servicio Meteorol\u00f3gico Nacional (SMN).<\/p>\n<\/div>\n<\/div>\n<p><!--more--><\/p>\n<hr \/>\n<div class=\"td_block_wrap tdb_single_date tdi_73 td-pb-border-top td_block_template_1 tdb-post-meta\" data-td-block-uid=\"tdi_73\">\n<p>&nbsp;<\/p>\n<p>Los meses de <strong>octubre, noviembre y diciembre<\/strong> tendr\u00e1n<strong> \u201cm\u00e1s probabilidades\u201d de registrar temperaturas m\u00e1s c\u00e1lidas a las habituales en gran parte del pa\u00eds<\/strong>, seg\u00fan el <strong>informe trimestral<\/strong> que realiz\u00f3 el <strong>Servicio Meteorol\u00f3gico Nacional<\/strong> (SMN), que detall\u00f3 adem\u00e1s que las regiones de Cuyo, Pampeana y centro y norte de la Patagonia ser\u00e1n las que reflejar\u00e1n m\u00e1s esta situaci\u00f3n.<\/p>\n<p>&nbsp;<\/p>\n<p>Para elaborar este informe<strong> el organismo observa el comportamiento de la lluvia y la temperatura y establece tres categor\u00edas posibles: inferior a lo normal, normal y superior a lo normal.<\/strong><\/p>\n<p>&nbsp;<\/p>\n<p>\u201cSin factores que modifiquen la circulaci\u00f3n atmosf\u00e9rica t\u00edpica del trimestre, <strong>cada categor\u00eda tiene la misma probabilidad de ocurrencia: un 33.3%<\/strong>. Pero cuando act\u00faan <strong>forzantes atmosf\u00e9ricas, como el Ni\u00f1o o la Ni\u00f1a<\/strong>, la <strong>circulaci\u00f3n planetaria se modifica<\/strong> y la ocurrencia de alguna de esas categor\u00edas se hace m\u00e1s o menos- probable\u201d, advirti\u00f3 el organismo.<\/p>\n<p>&nbsp;<\/p>\n<p>Asimismo, las regiones con las <strong>mayores probabilidades (45%-50%) de temperatura media m\u00e1s alta<\/strong> son Cuyo, Pampeana y el centro y norte patag\u00f3nico, en tanto que en Tierra del Fuego, Santa Cruz, este de Buenos Aires, Litoral y NEA (Noreste Argentino) \u201cse espera un <strong>trimestre de normal a superior de lo normal,<\/strong> con una <strong>probabilidad entre el 40% y 45%<\/strong> de esa categor\u00eda\u201d.<\/p>\n<\/div>\n<p>&nbsp;<\/p>\n<p>Para el resto del <strong>territorio nacional<\/strong> se estima<strong> \u201cuna mayor probabilidad de que los pr\u00f3ximos meses se presenten, en promedio, con valores de temperatura t\u00edpicos de esta \u00e9poca del a\u00f1o\u201d.<\/strong><\/p>\n<p>&nbsp;<\/p>\n<p>En cuanto a las<strong> precipitaciones,<\/strong> los especialistas del organismo coincidieron en que las provincias de Misiones y Corrientes tienen entre un <strong>50% y un 55% <\/strong>\u00a0m\u00e1s de probabilidades de tener un trimestre <strong>\u201ccon lluvias inferiores a las normales para esta parte del a\u00f1o\u201d<\/strong>, y algo similar se espera en Entre R\u00edos, el este de Buenos Aires y el oeste patag\u00f3nico, aunque con una probabilidad de entre el <strong>45% y 50%.<\/strong><\/p>\n<p>&nbsp;<\/p>\n<p>En <strong>el resto del pa\u00eds<\/strong> se espera que, en promedio, las <strong>precipitaciones de los pr\u00f3ximos 90 d\u00edas sean de normal a inferior a lo normal<\/strong>, pero las excepciones son las provincias del NOA (Noroeste Argentino) y Cuyo, donde se estima que el trimestre tenga lluvias normales.<\/p>\n<p>&nbsp;<\/p>\n<p>\u201cEl <strong>Pron\u00f3stico Clim\u00e1tico Trimestral<\/strong> es de gran utilidad para la <strong>toma de decisi\u00f3n a mediano y largo plazo<\/strong>, pero el Organismo aclara que <strong>el producto no brinda detalles sobre las condiciones meteorol\u00f3gicas de un d\u00eda determinado<\/strong> ni contempla singularidades, como olas de calor o fr\u00edo, lluvias intensas o tormentas severas, por lo que <strong>debe complementarse con los pron\u00f3sticos diarios y alertas<\/strong>\u201d, record\u00f3 el SMN.<\/p>\n<p>&nbsp;<\/p>\n<p><em>Fuente: DIB\u00a0<\/em><\/p>\n","protected":false},"excerpt":{"rendered":"<p>Los datos surgen del informe trimestral que realiz\u00f3 el Servicio Meteorol\u00f3gico Nacional (SMN).<\/p>\n","protected":false},"author":6,"featured_media":34834,"comment_status":"closed","ping_status":"closed","sticky":false,"template":"","format":"standard","meta":{"_jetpack_memberships_contains_paid_content":false,"footnotes":""},"categories":[6,1],"tags":[],"class_list":["post-34833","post","type-post","status-publish","format-standard","has-post-thumbnail","hentry","category-nacionales","category-portada"],"jetpack_featured_media_url":"https:\/\/i0.wp.com\/cdnoticias.com\/wp-content\/uploads\/2021\/10\/5a58ba6916a831515764329.jpg?fit=2199%2C1381&ssl=1","jetpack_sharing_enabled":true,"_links":{"self":[{"href":"https:\/\/cdnoticias.com\/index.php\/wp-json\/wp\/v2\/posts\/34833","targetHints":{"allow":["GET"]}}],"collection":[{"href":"https:\/\/cdnoticias.com\/index.php\/wp-json\/wp\/v2\/posts"}],"about":[{"href":"https:\/\/cdnoticias.com\/index.php\/wp-json\/wp\/v2\/types\/post"}],"author":[{"embeddable":true,"href":"https:\/\/cdnoticias.com\/index.php\/wp-json\/wp\/v2\/users\/6"}],"replies":[{"embeddable":true,"href":"https:\/\/cdnoticias.com\/index.php\/wp-json\/wp\/v2\/comments?post=34833"}],"version-history":[{"count":0,"href":"https:\/\/cdnoticias.com\/index.php\/wp-json\/wp\/v2\/posts\/34833\/revisions"}],"wp:featuredmedia":[{"embeddable":true,"href":"https:\/\/cdnoticias.com\/index.php\/wp-json\/wp\/v2\/media\/34834"}],"wp:attachment":[{"href":"https:\/\/cdnoticias.com\/index.php\/wp-json\/wp\/v2\/media?parent=34833"}],"wp:term":[{"taxonomy":"category","embeddable":true,"href":"https:\/\/cdnoticias.com\/index.php\/wp-json\/wp\/v2\/categories?post=34833"},{"taxonomy":"post_tag","embeddable":true,"href":"https:\/\/cdnoticias.com\/index.php\/wp-json\/wp\/v2\/tags?post=34833"}],"curies":[{"name":"wp","href":"https:\/\/api.w.org\/{rel}","templated":true}]}}