{"id":34826,"date":"2021-10-06T16:41:54","date_gmt":"2021-10-06T19:41:54","guid":{"rendered":"http:\/\/www.centraldenoticias.com.ar\/?p=34826"},"modified":"2021-10-06T16:41:54","modified_gmt":"2021-10-06T19:41:54","slug":"este-jueves-habra-un-corte-de-luz-programado-en-barrio-belgrano","status":"publish","type":"post","link":"https:\/\/cdnoticias.com\/index.php\/2021\/10\/06\/este-jueves-habra-un-corte-de-luz-programado-en-barrio-belgrano\/","title":{"rendered":"Este jueves habr\u00e1 un corte de luz programado en barrio Belgrano"},"content":{"rendered":"<p>Ser\u00e1 durante la ma\u00f1ana por motivos de mantenimiento. Podr\u00e1 reprogramarse si las condiciones clim\u00e1ticas se presenta adversas.\u00a0<!--more--><\/p>\n<hr \/>\n<p>Coopelectric inform\u00f3 que este jueves habr\u00e1 un corte de luz programado en<strong> barrio Belgrano.<\/strong><\/p>\n<p>&nbsp;<\/p>\n<p><strong>Ser\u00e1 en el horario de 8:30 a 11:00<\/strong>, en el sector comprendido por <strong>Moya, avenida Del Valle, avenida Pellegrini y avenida Pueyrred\u00f3n.<\/strong><\/p>\n<p>&nbsp;<\/p>\n<p>Seg\u00fan se inform\u00f3 el motivo es por <strong>mantenimiento<\/strong> y podr\u00e1 suspenderse y reprogramarse en caso de que las condiciones clim\u00e1ticas sean adversas.<\/p>\n","protected":false},"excerpt":{"rendered":"<p>Ser\u00e1 durante la ma\u00f1ana por motivos de mantenimiento. Podr\u00e1 reprogramarse si las condiciones clim\u00e1ticas se presenta adversas.\u00a0<\/p>\n","protected":false},"author":5,"featured_media":6841,"comment_status":"closed","ping_status":"closed","sticky":false,"template":"","format":"standard","meta":{"_jetpack_memberships_contains_paid_content":false,"footnotes":""},"categories":[5,1],"tags":[],"class_list":["post-34826","post","type-post","status-publish","format-standard","has-post-thumbnail","hentry","category-informacion-general","category-portada"],"jetpack_featured_media_url":"https:\/\/i0.wp.com\/cdnoticias.com\/wp-content\/uploads\/2020\/11\/01-Tareas-Alimentador-N%C2%B0-1.jpg?fit=1365%2C768&ssl=1","jetpack_sharing_enabled":true,"_links":{"self":[{"href":"https:\/\/cdnoticias.com\/index.php\/wp-json\/wp\/v2\/posts\/34826","targetHints":{"allow":["GET"]}}],"collection":[{"href":"https:\/\/cdnoticias.com\/index.php\/wp-json\/wp\/v2\/posts"}],"about":[{"href":"https:\/\/cdnoticias.com\/index.php\/wp-json\/wp\/v2\/types\/post"}],"author":[{"embeddable":true,"href":"https:\/\/cdnoticias.com\/index.php\/wp-json\/wp\/v2\/users\/5"}],"replies":[{"embeddable":true,"href":"https:\/\/cdnoticias.com\/index.php\/wp-json\/wp\/v2\/comments?post=34826"}],"version-history":[{"count":0,"href":"https:\/\/cdnoticias.com\/index.php\/wp-json\/wp\/v2\/posts\/34826\/revisions"}],"wp:featuredmedia":[{"embeddable":true,"href":"https:\/\/cdnoticias.com\/index.php\/wp-json\/wp\/v2\/media\/6841"}],"wp:attachment":[{"href":"https:\/\/cdnoticias.com\/index.php\/wp-json\/wp\/v2\/media?parent=34826"}],"wp:term":[{"taxonomy":"category","embeddable":true,"href":"https:\/\/cdnoticias.com\/index.php\/wp-json\/wp\/v2\/categories?post=34826"},{"taxonomy":"post_tag","embeddable":true,"href":"https:\/\/cdnoticias.com\/index.php\/wp-json\/wp\/v2\/tags?post=34826"}],"curies":[{"name":"wp","href":"https:\/\/api.w.org\/{rel}","templated":true}]}}