{"id":34818,"date":"2021-10-06T13:19:23","date_gmt":"2021-10-06T16:19:23","guid":{"rendered":"http:\/\/www.centraldenoticias.com.ar\/?p=34818"},"modified":"2021-10-06T13:19:23","modified_gmt":"2021-10-06T16:19:23","slug":"como-sera-el-proyecto-de-construccion-del-edificio-del-instituto-de-educacion-fisica","status":"publish","type":"post","link":"https:\/\/cdnoticias.com\/index.php\/2021\/10\/06\/como-sera-el-proyecto-de-construccion-del-edificio-del-instituto-de-educacion-fisica\/","title":{"rendered":"\u00bfC\u00f3mo ser\u00e1 el proyecto de construcci\u00f3n del edificio del Instituto de Educaci\u00f3n F\u00edsica?"},"content":{"rendered":"<p>El secretario de Obras P\u00fablicas, Julio Ferraro, explic\u00f3 detalles de lo que ser\u00e1 este edificio, que con otras etapas se convertir\u00e1 en el Complejo Deportivo Municipal.\u00a0<!--more--><\/p>\n<hr \/>\n<p>Tras el <a href=\"https:\/\/cdnoticias.com\/index.php\/2021\/10\/06\/anunciaron-la-construccion-del-edificio-para-el-instituto-de-educacion-fisica\/\" target=\"_blank\" rel=\"noopener\">anuncio del Intendente Galli de creaci\u00f3n del edificio del Instituto de Educaci\u00f3n F\u00edsica en el Parque Avellaneda<\/a>, <strong>el secretario de Obras P\u00fablicas municipal, Julio Ferraro, dio detalles de lo que ser\u00e1, finalmente, el Complejo Deportivo Municipal.<\/strong><\/p>\n<p>&nbsp;<\/p>\n<p>Indic\u00f3 que<em> \u201cvenimos trabajando desde el inicio de la gesti\u00f3n con el intendente Galli, quer\u00edamos tener un proyecto superador, que reuniera muchas disciplinas deportivas. Empezamos a trabajar junto con el equipo Obras P\u00fablicas, en una <strong>primera etapa se realiz\u00f3 la pista de atletismo, luego seguimos con las gradas y vestuarios<\/strong>\u201d<\/em>, coment\u00f3.<\/p>\n<p>&nbsp;<\/p>\n<p>En este sentido, se manifest\u00f3 <em>\u201corgulloso de presentar este ambicioso proyecto\u201d.<\/em><\/p>\n<p>&nbsp;<\/p>\n<p><img data-recalc-dims=\"1\" loading=\"lazy\" decoding=\"async\" class=\"alignnone size-large wp-image-34800\" src=\"https:\/\/i0.wp.com\/cdnoticias.com\/wp-content\/uploads\/2021\/10\/instituto1.jpg?resize=800%2C534&#038;ssl=1\" alt=\"\" width=\"800\" height=\"534\" srcset=\"https:\/\/i0.wp.com\/cdnoticias.com\/wp-content\/uploads\/2021\/10\/instituto1.jpg?resize=1024%2C683&amp;ssl=1 1024w, https:\/\/i0.wp.com\/cdnoticias.com\/wp-content\/uploads\/2021\/10\/instituto1.jpg?resize=300%2C200&amp;ssl=1 300w, https:\/\/i0.wp.com\/cdnoticias.com\/wp-content\/uploads\/2021\/10\/instituto1.jpg?resize=768%2C512&amp;ssl=1 768w, https:\/\/i0.wp.com\/cdnoticias.com\/wp-content\/uploads\/2021\/10\/instituto1.jpg?resize=272%2C182&amp;ssl=1 272w, https:\/\/i0.wp.com\/cdnoticias.com\/wp-content\/uploads\/2021\/10\/instituto1.jpg?w=1600&amp;ssl=1 1600w, https:\/\/i0.wp.com\/cdnoticias.com\/wp-content\/uploads\/2021\/10\/instituto1.jpg?w=2400&amp;ssl=1 2400w\" sizes=\"auto, (max-width: 800px) 100vw, 800px\" \/><\/p>\n<p>&nbsp;<\/p>\n<p>A nivel general, <strong><em>\u201csobre calle Avellaneda planteamos cuatro edificios de 1.600 metros cuadrados, es un gran complejo, que va a tener un edificio principal para la sede del Instituto de Educaci\u00f3n F\u00edsica, en otro edificio est\u00e1 proyectado trasladar la Subsecretar\u00eda de Deportes y dormis en planta alta. Tambi\u00e9n va a contar con distintos playones deportivos al aire libre para handball, b\u00e1squet, v\u00f3ley, gimansio, una gran pista de pat\u00edn, con un sector de estacionamiento e ingreso\u201d<\/em><\/strong>, detall\u00f3.<\/p>\n<p>&nbsp;<\/p>\n<p>Puntualmente, <strong>la sede del Instituto de Educaci\u00f3n F\u00edsica ser\u00e1 de 1.015 metros cuadrados cubiertos, con ocho aulas, biblioteca, administraci\u00f3n, direcci\u00f3n, sala de profesores, sanitarios, vestuarios con ducha y estacionamiento.<\/strong><\/p>\n<p>&nbsp;<\/p>\n<p><img data-recalc-dims=\"1\" loading=\"lazy\" decoding=\"async\" class=\"alignnone size-large wp-image-34804\" src=\"https:\/\/i0.wp.com\/cdnoticias.com\/wp-content\/uploads\/2021\/10\/instituto5.jpg?resize=800%2C534&#038;ssl=1\" alt=\"\" width=\"800\" height=\"534\" srcset=\"https:\/\/i0.wp.com\/cdnoticias.com\/wp-content\/uploads\/2021\/10\/instituto5.jpg?resize=1024%2C683&amp;ssl=1 1024w, https:\/\/i0.wp.com\/cdnoticias.com\/wp-content\/uploads\/2021\/10\/instituto5.jpg?resize=300%2C200&amp;ssl=1 300w, https:\/\/i0.wp.com\/cdnoticias.com\/wp-content\/uploads\/2021\/10\/instituto5.jpg?resize=768%2C512&amp;ssl=1 768w, https:\/\/i0.wp.com\/cdnoticias.com\/wp-content\/uploads\/2021\/10\/instituto5.jpg?resize=272%2C182&amp;ssl=1 272w, https:\/\/i0.wp.com\/cdnoticias.com\/wp-content\/uploads\/2021\/10\/instituto5.jpg?w=1600&amp;ssl=1 1600w, https:\/\/i0.wp.com\/cdnoticias.com\/wp-content\/uploads\/2021\/10\/instituto5.jpg?w=2400&amp;ssl=1 2400w\" sizes=\"auto, (max-width: 800px) 100vw, 800px\" \/><\/p>\n<p>&nbsp;<\/p>\n<blockquote><p>\u201cEstamos proyectando algo magn\u00edfico\u201d, cerr\u00f3 el titular de la cartera de Obras P\u00fablicas.<\/p><\/blockquote>\n<p>&nbsp;<\/p>\n<p>Explic\u00f3, a su vez, que se encuentran trabajando en el Pliego de Licitaci\u00f3n, mientras que una vez adjudicada, el proceso administrativo estima la construcci\u00f3n en, aproximadamente, 15 meses.<\/p>\n","protected":false},"excerpt":{"rendered":"<p>El secretario de Obras P\u00fablicas, Julio Ferraro, explic\u00f3 detalles de lo que ser\u00e1 este edificio, que con otras etapas se<\/p>\n","protected":false},"author":2,"featured_media":34802,"comment_status":"closed","ping_status":"closed","sticky":false,"template":"","format":"standard","meta":{"_jetpack_memberships_contains_paid_content":false,"footnotes":""},"categories":[5,1],"tags":[],"class_list":["post-34818","post","type-post","status-publish","format-standard","has-post-thumbnail","hentry","category-informacion-general","category-portada"],"jetpack_featured_media_url":"https:\/\/i0.wp.com\/cdnoticias.com\/wp-content\/uploads\/2021\/10\/instituto3.jpg?fit=4608%2C3072&ssl=1","jetpack_sharing_enabled":true,"_links":{"self":[{"href":"https:\/\/cdnoticias.com\/index.php\/wp-json\/wp\/v2\/posts\/34818","targetHints":{"allow":["GET"]}}],"collection":[{"href":"https:\/\/cdnoticias.com\/index.php\/wp-json\/wp\/v2\/posts"}],"about":[{"href":"https:\/\/cdnoticias.com\/index.php\/wp-json\/wp\/v2\/types\/post"}],"author":[{"embeddable":true,"href":"https:\/\/cdnoticias.com\/index.php\/wp-json\/wp\/v2\/users\/2"}],"replies":[{"embeddable":true,"href":"https:\/\/cdnoticias.com\/index.php\/wp-json\/wp\/v2\/comments?post=34818"}],"version-history":[{"count":0,"href":"https:\/\/cdnoticias.com\/index.php\/wp-json\/wp\/v2\/posts\/34818\/revisions"}],"wp:featuredmedia":[{"embeddable":true,"href":"https:\/\/cdnoticias.com\/index.php\/wp-json\/wp\/v2\/media\/34802"}],"wp:attachment":[{"href":"https:\/\/cdnoticias.com\/index.php\/wp-json\/wp\/v2\/media?parent=34818"}],"wp:term":[{"taxonomy":"category","embeddable":true,"href":"https:\/\/cdnoticias.com\/index.php\/wp-json\/wp\/v2\/categories?post=34818"},{"taxonomy":"post_tag","embeddable":true,"href":"https:\/\/cdnoticias.com\/index.php\/wp-json\/wp\/v2\/tags?post=34818"}],"curies":[{"name":"wp","href":"https:\/\/api.w.org\/{rel}","templated":true}]}}