{"id":34799,"date":"2021-10-06T12:56:53","date_gmt":"2021-10-06T15:56:53","guid":{"rendered":"http:\/\/www.centraldenoticias.com.ar\/?p=34799"},"modified":"2021-10-06T15:40:24","modified_gmt":"2021-10-06T18:40:24","slug":"anunciaron-la-construccion-del-edificio-para-el-instituto-de-educacion-fisica","status":"publish","type":"post","link":"https:\/\/cdnoticias.com\/index.php\/2021\/10\/06\/anunciaron-la-construccion-del-edificio-para-el-instituto-de-educacion-fisica\/","title":{"rendered":"Anunciaron la construcci\u00f3n del edificio para el Instituto de Educaci\u00f3n F\u00edsica"},"content":{"rendered":"<p>En un emotivo acto y con mucha participaci\u00f3n de autoridades, docentes, ex docentes y estudiantes, el intendente Galli anunci\u00f3 que se construir\u00e1 en el Parque Avellaneda. \u201cUstedes fueron constructores de nuestras vidas, hoy nosotros construiremos su casa\u201d.\u00a0<!--more--><\/p>\n<hr \/>\n<p>En la ma\u00f1ana de este mi\u00e9rcoles, <strong>el intendente Ezequiel Galli anunci\u00f3 el inicio de obra del nuevo edificio para el Instituto de Educaci\u00f3n F\u00edsica de Olavarr\u00eda<\/strong>, en un m\u00e1s que emotivo acto en el Centro Cultural San Jos\u00e9. Se dio, adem\u00e1s, en el marco del 50\u00b0 aniversario de la Instituci\u00f3n que no ten\u00eda sede propia.<\/p>\n<p>&nbsp;<\/p>\n<p><em>\u201cOlavarr\u00eda tiene historia. Historia cultural, pol\u00edtica, profesional. Olavarr\u00eda tiene un pasado de orgullo, porque siempre fue una regi\u00f3n pujante y laburante. Olavarr\u00eda tiene muchas razones para querer vivir, trabajar, estudiar y criar hijos. <strong>Y Olavarr\u00eda tiene tambi\u00e9n historia deportiva\u201d<\/strong><\/em>, comenz\u00f3 su discurso el intendente Ezequiel Galli.<\/p>\n<p>&nbsp;<\/p>\n<p><img data-recalc-dims=\"1\" loading=\"lazy\" decoding=\"async\" class=\"alignnone size-large wp-image-34805\" src=\"https:\/\/i0.wp.com\/cdnoticias.com\/wp-content\/uploads\/2021\/10\/instituto6.jpg?resize=800%2C534&#038;ssl=1\" alt=\"\" width=\"800\" height=\"534\" srcset=\"https:\/\/i0.wp.com\/cdnoticias.com\/wp-content\/uploads\/2021\/10\/instituto6.jpg?resize=1024%2C683&amp;ssl=1 1024w, https:\/\/i0.wp.com\/cdnoticias.com\/wp-content\/uploads\/2021\/10\/instituto6.jpg?resize=300%2C200&amp;ssl=1 300w, https:\/\/i0.wp.com\/cdnoticias.com\/wp-content\/uploads\/2021\/10\/instituto6.jpg?resize=768%2C512&amp;ssl=1 768w, https:\/\/i0.wp.com\/cdnoticias.com\/wp-content\/uploads\/2021\/10\/instituto6.jpg?resize=272%2C182&amp;ssl=1 272w, https:\/\/i0.wp.com\/cdnoticias.com\/wp-content\/uploads\/2021\/10\/instituto6.jpg?w=1600&amp;ssl=1 1600w, https:\/\/i0.wp.com\/cdnoticias.com\/wp-content\/uploads\/2021\/10\/instituto6.jpg?w=2400&amp;ssl=1 2400w\" sizes=\"auto, (max-width: 800px) 100vw, 800px\" \/><\/p>\n<p>&nbsp;<\/p>\n<p>Se\u00f1al\u00f3 que <em>\u201ceste a\u00f1o se cumplen 50 a\u00f1os del nacimiento del Instituto Superior de Formaci\u00f3n Docente Nro. 47 de Olavarr\u00eda. En el a\u00f1o 1971, el Instituto daba la bienvenida al primer grupo de estudiantes varones. Un a\u00f1o m\u00e1s tarde, recib\u00eda a las primeras mujeres. Fue un hecho hist\u00f3rico en la regi\u00f3n, porque fue el primer Centro Provincial que formaba Profesores de Educaci\u00f3n F\u00edsica. He escuchado alguna vez, que para ingresar hab\u00eda que pasar un examen muy exigente. Durante d\u00e9cadas, la ciudad fue anfitriona de estudiantes de diversas regiones que no iban al Instituto Nacional que estaba s\u00f3lo en Buenos Aires\u201d.<\/em><\/p>\n<p>&nbsp;<\/p>\n<blockquote><p>\u201cAqu\u00ed se formaron profes y tambi\u00e9n se formaron parejas, historias, matrimonios, amistades, proyectos, hijos\u2026 aqu\u00ed se forjaron vidas. Aqu\u00ed comenzaron las carreras de muchos profes, porque hay profesores de matem\u00e1tica y de m\u00fasica. Hay profesores de historia y de geograf\u00eda, pero el \u201cprofe\u201d o la \u201cprofe\u201d es el o la de Educaci\u00f3n F\u00edsica\u201d, defini\u00f3.<\/p><\/blockquote>\n<p>&nbsp;<\/p>\n<p>Galli cont\u00f3 que <em>\u201ctodo comenz\u00f3 en las instalaciones del Cerro, con una colaboraci\u00f3n de la Fundaci\u00f3n Alfredo Fortabat y durante a\u00f1os, los profes se formaban en una sede o en otra. En una municipal o en una provincial. Pero nunca una sede propia. Nunca en la casa donde los profes estudian\u201d.<\/em><\/p>\n<p>&nbsp;<\/p>\n<p><img data-recalc-dims=\"1\" loading=\"lazy\" decoding=\"async\" class=\"alignnone size-large wp-image-34804\" src=\"https:\/\/i0.wp.com\/cdnoticias.com\/wp-content\/uploads\/2021\/10\/instituto5.jpg?resize=800%2C534&#038;ssl=1\" alt=\"\" width=\"800\" height=\"534\" srcset=\"https:\/\/i0.wp.com\/cdnoticias.com\/wp-content\/uploads\/2021\/10\/instituto5.jpg?resize=1024%2C683&amp;ssl=1 1024w, https:\/\/i0.wp.com\/cdnoticias.com\/wp-content\/uploads\/2021\/10\/instituto5.jpg?resize=300%2C200&amp;ssl=1 300w, https:\/\/i0.wp.com\/cdnoticias.com\/wp-content\/uploads\/2021\/10\/instituto5.jpg?resize=768%2C512&amp;ssl=1 768w, https:\/\/i0.wp.com\/cdnoticias.com\/wp-content\/uploads\/2021\/10\/instituto5.jpg?resize=272%2C182&amp;ssl=1 272w, https:\/\/i0.wp.com\/cdnoticias.com\/wp-content\/uploads\/2021\/10\/instituto5.jpg?w=1600&amp;ssl=1 1600w, https:\/\/i0.wp.com\/cdnoticias.com\/wp-content\/uploads\/2021\/10\/instituto5.jpg?w=2400&amp;ssl=1 2400w\" sizes=\"auto, (max-width: 800px) 100vw, 800px\" \/><\/p>\n<p>&nbsp;<\/p>\n<p><em>\u201cLes dec\u00eda hace unos minutos, que el pasado de Olavarr\u00eda es motivo de orgullo y el deporte no es la excepci\u00f3n. Como pol\u00edtico considero que el deporte es y debe ser un eje de gesti\u00f3n. F\u00edjense por favor, que todos los pa\u00edses que invirtieron recursos en el deporte, tuvieron resultados extraordinarios. Pero no es s\u00f3lo por el deporte, es por lo que el deporte significa. El deporte es salud, es sociabilizaci\u00f3n, es respeto. El deporte es disciplina, es respetar las reglas. Es construir equipos\u201d<\/em>, asegur\u00f3.<\/p>\n<p>&nbsp;<\/p>\n<p><em>\u201cSe\u00f1ores profesores y se\u00f1oras profesoras con may\u00fasculas, que dieron mucho m\u00e1s que instrucci\u00f3n o educaci\u00f3n deportiva. Fueron padrinos, gu\u00edas, madrinas y compa\u00f1eros de muchos de nosotros. Algunos tuvimos la dicha de forjar verdaderas amistades.<strong> Ustedes, queridos profesores, fueron constructores de nuestras vidas. Hoy nosotros construiremos su casa, porque la merecen y mucho m\u00e1s. Esa casa que est\u00e1 pendiente. Esa casa propia. Esa casa donde los profes estudian para construir educaci\u00f3n, deporte, salud y amistades<\/strong>\u201d,<\/em> anunci\u00f3.<\/p>\n<p>&nbsp;<\/p>\n<blockquote class=\"instagram-media\" style=\"background: #FFF; border: 0; border-radius: 3px; box-shadow: 0 0 1px 0 rgba(0,0,0,0.5),0 1px 10px 0 rgba(0,0,0,0.15); margin: 1px; max-width: 540px; min-width: 326px; padding: 0; width: calc(100% - 2px);\" data-instgrm-captioned=\"\" data-instgrm-permalink=\"https:\/\/www.instagram.com\/p\/CUsMe7elP_g\/?utm_source=ig_embed&amp;utm_campaign=loading\" data-instgrm-version=\"14\">\n<div style=\"padding: 16px;\">\n<p>&nbsp;<\/p>\n<div style=\"display: flex; flex-direction: row; align-items: center;\">\n<div style=\"background-color: #f4f4f4; border-radius: 50%; flex-grow: 0; height: 40px; margin-right: 14px; width: 40px;\"><\/div>\n<div style=\"display: flex; flex-direction: column; flex-grow: 1; justify-content: center;\">\n<div style=\"background-color: #f4f4f4; border-radius: 4px; flex-grow: 0; height: 14px; margin-bottom: 6px; width: 100px;\"><\/div>\n<div style=\"background-color: #f4f4f4; border-radius: 4px; flex-grow: 0; height: 14px; width: 60px;\"><\/div>\n<\/div>\n<\/div>\n<div style=\"padding: 19% 0;\"><\/div>\n<div style=\"display: block; height: 50px; margin: 0 auto 12px; width: 50px;\"><\/div>\n<div style=\"padding-top: 8px;\">\n<div style=\"color: #3897f0; font-family: Arial,sans-serif; font-size: 14px; font-style: normal; font-weight: 550; line-height: 18px;\">View this post on Instagram<\/div>\n<\/div>\n<div style=\"padding: 12.5% 0;\"><\/div>\n<div style=\"display: flex; flex-direction: row; margin-bottom: 14px; align-items: center;\">\n<div>\n<div style=\"background-color: #f4f4f4; border-radius: 50%; height: 12.5px; width: 12.5px; transform: translateX(0px) translateY(7px);\"><\/div>\n<div style=\"background-color: #f4f4f4; height: 12.5px; transform: rotate(-45deg) translateX(3px) translateY(1px); width: 12.5px; flex-grow: 0; margin-right: 14px; margin-left: 2px;\"><\/div>\n<div style=\"background-color: #f4f4f4; border-radius: 50%; height: 12.5px; width: 12.5px; transform: translateX(9px) translateY(-18px);\"><\/div>\n<\/div>\n<div style=\"margin-left: 8px;\">\n<div style=\"background-color: #f4f4f4; border-radius: 50%; flex-grow: 0; height: 20px; width: 20px;\"><\/div>\n<div style=\"width: 0; height: 0; border-top: 2px solid transparent; border-left: 6px solid #f4f4f4; border-bottom: 2px solid transparent; transform: translateX(16px) translateY(-4px) rotate(30deg);\"><\/div>\n<\/div>\n<div style=\"margin-left: auto;\">\n<div style=\"width: 0px; border-top: 8px solid #F4F4F4; border-right: 8px solid transparent; transform: translateY(16px);\"><\/div>\n<div style=\"background-color: #f4f4f4; flex-grow: 0; height: 12px; width: 16px; transform: translateY(-4px);\"><\/div>\n<div style=\"width: 0; height: 0; border-top: 8px solid #F4F4F4; border-left: 8px solid transparent; transform: translateY(-4px) translateX(8px);\"><\/div>\n<\/div>\n<\/div>\n<div style=\"display: flex; flex-direction: column; flex-grow: 1; justify-content: center; margin-bottom: 24px;\">\n<div style=\"background-color: #f4f4f4; border-radius: 4px; flex-grow: 0; height: 14px; margin-bottom: 6px; width: 224px;\"><\/div>\n<div style=\"background-color: #f4f4f4; border-radius: 4px; flex-grow: 0; height: 14px; width: 144px;\"><\/div>\n<\/div>\n<p>&nbsp;<\/p>\n<p style=\"color: #c9c8cd; font-family: Arial,sans-serif; font-size: 14px; line-height: 17px; margin-bottom: 0; margin-top: 8px; overflow: hidden; padding: 8px 0 7px; text-align: center; text-overflow: ellipsis; white-space: nowrap;\"><a style=\"color: #c9c8cd; font-family: Arial,sans-serif; font-size: 14px; font-style: normal; font-weight: normal; line-height: 17px; text-decoration: none;\" href=\"https:\/\/www.instagram.com\/p\/CUsMe7elP_g\/?utm_source=ig_embed&amp;utm_campaign=loading\" target=\"_blank\" rel=\"noopener\">Una publicaci\u00f3n compartida por Central de Noticias Olavarr\u00eda (@cdnolavarria)<\/a><\/p>\n<\/div>\n<\/blockquote>\n<p><script async src=\"\/\/www.instagram.com\/embed.js\"><\/script><\/p>\n<p>&nbsp;<\/p>\n<p>Para finalizar, record\u00f3 que<em> \u201chace un tiempo hicimos la pista de atletismo, y tiene una gran simbolog\u00eda porque es la disciplina madre, es la madre de todos los deportes.<strong> Hoy damos por iniciada la construcci\u00f3n de la Sede del Profesorado de Educaci\u00f3n F\u00edsica Nro. 47 de Olavarr\u00eda, con recursos del Fondo Educativo.<\/strong> Continuaremos luego con la construcci\u00f3n de la Secretar\u00eda Municipal de Deportes y la de nuestro deseado Centro de Mediano Rendimiento\u201d.<\/em><\/p>\n<p>&nbsp;<\/p>\n<p><img data-recalc-dims=\"1\" loading=\"lazy\" decoding=\"async\" class=\"alignnone size-large wp-image-34807\" src=\"https:\/\/i0.wp.com\/cdnoticias.com\/wp-content\/uploads\/2021\/10\/instituto8.jpg?resize=800%2C534&#038;ssl=1\" alt=\"\" width=\"800\" height=\"534\" srcset=\"https:\/\/i0.wp.com\/cdnoticias.com\/wp-content\/uploads\/2021\/10\/instituto8.jpg?resize=1024%2C683&amp;ssl=1 1024w, https:\/\/i0.wp.com\/cdnoticias.com\/wp-content\/uploads\/2021\/10\/instituto8.jpg?resize=300%2C200&amp;ssl=1 300w, https:\/\/i0.wp.com\/cdnoticias.com\/wp-content\/uploads\/2021\/10\/instituto8.jpg?resize=768%2C512&amp;ssl=1 768w, https:\/\/i0.wp.com\/cdnoticias.com\/wp-content\/uploads\/2021\/10\/instituto8.jpg?resize=272%2C182&amp;ssl=1 272w, https:\/\/i0.wp.com\/cdnoticias.com\/wp-content\/uploads\/2021\/10\/instituto8.jpg?w=1600&amp;ssl=1 1600w, https:\/\/i0.wp.com\/cdnoticias.com\/wp-content\/uploads\/2021\/10\/instituto8.jpg?w=2400&amp;ssl=1 2400w\" sizes=\"auto, (max-width: 800px) 100vw, 800px\" \/><\/p>\n<p>&nbsp;<\/p>\n<p><em>\u201cPorque Olavarr\u00eda tiene historia, porque lo merecemos y porque las futuras generaciones merecen, tambi\u00e9n, tener grandes profes como los que nosotros disfrutamos. Felicitaciones profes. Esta sede ser\u00e1 la casa de estudios de los futuros profes, pero tambi\u00e9n ser\u00e1 de ustedes. Tan de ustedes como este ruidoso aplauso que sintetiza cu\u00e1nto nos ense\u00f1aron y nos inspiraron\u201d<\/em>, concluy\u00f3.<\/p>\n<p>&nbsp;<\/p>\n<p>Encabezaron el acto de anuncio el director del Instituto Gabriel Coronel, los secretarios de Desarrollo Humano y Calidad de Vida Diego Robbiani y de Mantenimiento y Obras P\u00fablicas Julio Ferraro y el subsecretario de Deporte y Recreaci\u00f3n Juan Agust\u00edn Galli.<\/p>\n<p>&nbsp;<\/p>\n<p>Tambi\u00e9n estuvieron presentes el secretario de Gobierno Hilario Galli, el director de Deporte Social Fabricio Carrera, el presidente del Consejo Escolar Bruno Di Carlo y la consejera escolar Andrea Rivas, la concejala Mar\u00eda Jos\u00e9 Gonzalez, docentes y alumnos del Instituto, inspectores de Educaci\u00f3n.<\/p>\n<p>&nbsp;<\/p>\n<p>Tambi\u00e9n participaron representantes de los CEF 44, 100, 124 y San Antonio, del Club Pueblo Nuevo y Estudiantes, los ex directores de Deportes del Municipio Jos\u00e9 Luis Sal\u00edas y Eduardo Galli, el ex director del Instituto Remo Calahorrano e integrantes de toda la comunidad del Instituto de Educaci\u00f3n F\u00edsica de Olavarr\u00eda.<\/p>\n<p>&nbsp;<\/p>\n<p><img data-recalc-dims=\"1\" loading=\"lazy\" decoding=\"async\" class=\"alignnone size-large wp-image-34807\" src=\"https:\/\/i0.wp.com\/cdnoticias.com\/wp-content\/uploads\/2021\/10\/instituto8.jpg?resize=800%2C534&#038;ssl=1\" alt=\"\" width=\"800\" height=\"534\" srcset=\"https:\/\/i0.wp.com\/cdnoticias.com\/wp-content\/uploads\/2021\/10\/instituto8.jpg?resize=1024%2C683&amp;ssl=1 1024w, https:\/\/i0.wp.com\/cdnoticias.com\/wp-content\/uploads\/2021\/10\/instituto8.jpg?resize=300%2C200&amp;ssl=1 300w, https:\/\/i0.wp.com\/cdnoticias.com\/wp-content\/uploads\/2021\/10\/instituto8.jpg?resize=768%2C512&amp;ssl=1 768w, https:\/\/i0.wp.com\/cdnoticias.com\/wp-content\/uploads\/2021\/10\/instituto8.jpg?resize=272%2C182&amp;ssl=1 272w, https:\/\/i0.wp.com\/cdnoticias.com\/wp-content\/uploads\/2021\/10\/instituto8.jpg?w=1600&amp;ssl=1 1600w, https:\/\/i0.wp.com\/cdnoticias.com\/wp-content\/uploads\/2021\/10\/instituto8.jpg?w=2400&amp;ssl=1 2400w\" sizes=\"auto, (max-width: 800px) 100vw, 800px\" \/><\/p>\n<p>&nbsp;<\/p>\n<p><img data-recalc-dims=\"1\" loading=\"lazy\" decoding=\"async\" class=\"alignnone size-large wp-image-34810\" src=\"https:\/\/i0.wp.com\/cdnoticias.com\/wp-content\/uploads\/2021\/10\/instituto11.jpg?resize=800%2C534&#038;ssl=1\" alt=\"\" width=\"800\" height=\"534\" srcset=\"https:\/\/i0.wp.com\/cdnoticias.com\/wp-content\/uploads\/2021\/10\/instituto11.jpg?resize=1024%2C683&amp;ssl=1 1024w, https:\/\/i0.wp.com\/cdnoticias.com\/wp-content\/uploads\/2021\/10\/instituto11.jpg?resize=300%2C200&amp;ssl=1 300w, https:\/\/i0.wp.com\/cdnoticias.com\/wp-content\/uploads\/2021\/10\/instituto11.jpg?resize=768%2C512&amp;ssl=1 768w, https:\/\/i0.wp.com\/cdnoticias.com\/wp-content\/uploads\/2021\/10\/instituto11.jpg?resize=272%2C182&amp;ssl=1 272w, https:\/\/i0.wp.com\/cdnoticias.com\/wp-content\/uploads\/2021\/10\/instituto11.jpg?w=1600&amp;ssl=1 1600w, https:\/\/i0.wp.com\/cdnoticias.com\/wp-content\/uploads\/2021\/10\/instituto11.jpg?w=2400&amp;ssl=1 2400w\" sizes=\"auto, (max-width: 800px) 100vw, 800px\" \/><\/p>\n<p>&nbsp;<\/p>\n<p>Por su parte, <strong>el director de Instituto de Educaci\u00f3n F\u00edsica Gabriel Coronel, manifest\u00f3 en primer lugar sentirse <em>\u201cmuy feliz y contento\u201d<\/em>.<\/strong> Seguidamente dijo que en lo inmediato <em>\u201cno vamos a poder entender el avance de este anuncio, nos impacta profundamente, festejando los 50 a\u00f1os del Instituto, que no es poco. Tenemos una agenda cargada y estamos sensibilizados por todas las experiencias, esta seguramente es la m\u00e1s importante porque llega en un momento crucial en la vida del Instituto y tenemos que celebrar, agradecer y festejar\u201d.<\/em><\/p>\n<p>&nbsp;<\/p>\n<blockquote><p>\u201cEste proyecto que compartimos habla de dimensi\u00f3n que significa para el profesor, que nunca pens\u00f3 en formarse en estos espacios, es como un sue\u00f1o que seguramente va a quedar en la memoria de todos nosotros\u201d, destac\u00f3 el profesor Coronel.<\/p><\/blockquote>\n<p>&nbsp;<\/p>\n<p><strong><em>\u201cEl Instituto tiene una plantilla 50 docentes, formado por un equipo de gesti\u00f3n que comparte sue\u00f1os, ideas, con \u00f3rganos de representaci\u00f3n institucional, din\u00e1micos, con una pol\u00edtica estudiantil que acompa\u00f1a la vida acad\u00e9mica y toda la gente que hace cotidianamente al Instituto\u201d.<\/em><\/strong><\/p>\n<p>&nbsp;<\/p>\n<p><img data-recalc-dims=\"1\" loading=\"lazy\" decoding=\"async\" class=\"alignnone size-large wp-image-34803\" src=\"https:\/\/i0.wp.com\/cdnoticias.com\/wp-content\/uploads\/2021\/10\/instituto4.jpg?resize=800%2C445&#038;ssl=1\" alt=\"\" width=\"800\" height=\"445\" srcset=\"https:\/\/i0.wp.com\/cdnoticias.com\/wp-content\/uploads\/2021\/10\/instituto4.jpg?resize=1024%2C570&amp;ssl=1 1024w, https:\/\/i0.wp.com\/cdnoticias.com\/wp-content\/uploads\/2021\/10\/instituto4.jpg?resize=300%2C167&amp;ssl=1 300w, https:\/\/i0.wp.com\/cdnoticias.com\/wp-content\/uploads\/2021\/10\/instituto4.jpg?resize=768%2C427&amp;ssl=1 768w, https:\/\/i0.wp.com\/cdnoticias.com\/wp-content\/uploads\/2021\/10\/instituto4.jpg?resize=800%2C445&amp;ssl=1 800w, https:\/\/i0.wp.com\/cdnoticias.com\/wp-content\/uploads\/2021\/10\/instituto4.jpg?w=1600&amp;ssl=1 1600w, https:\/\/i0.wp.com\/cdnoticias.com\/wp-content\/uploads\/2021\/10\/instituto4.jpg?w=2400&amp;ssl=1 2400w\" sizes=\"auto, (max-width: 800px) 100vw, 800px\" \/><\/p>\n<p>&nbsp;<\/p>\n<p><em>\u201cTenemos exponentes en la regi\u00f3n y la provincia, que vienen a formarse a Olavarr\u00eda. <strong>Merec\u00edamos tener una sede, en lugar p\u00fablico para una instituci\u00f3n p\u00fablica, tenemos una celular social con los egresados, referentes de la educaci\u00f3n f\u00edsica que han mantenido la tradici\u00f3n e historia del Instituto<\/strong><\/em>\u201d, manifest\u00f3.<\/p>\n<p>&nbsp;<\/p>\n<p><em>\u201cEstamos m\u00e1s que contentos por este anuncio. Llevamos en el coraz\u00f3n esta propuesta, esperamos que se concrete de una vez por todas este sue\u00f1o anhelado por muchos\u201d<\/em>, asegur\u00f3 visiblemente emocionado.<\/p>\n<p>&nbsp;<\/p>\n<p><em>\u201cEstamos formando una generaci\u00f3n de profesores para un pr\u00e1ctica de transformaci\u00f3n con eje en lo social, deportivo, cultural y tur\u00edstico. Vamos a tener una sede propia, tras una peregrinaci\u00f3n de 54 a\u00f1os para proyectar a Olavarr\u00eda a nivel local, regional, provincial e internacional\u201d.<\/em><\/p>\n<p>&nbsp;<\/p>\n<p><img data-recalc-dims=\"1\" loading=\"lazy\" decoding=\"async\" class=\"alignnone size-large wp-image-34811\" src=\"https:\/\/i0.wp.com\/cdnoticias.com\/wp-content\/uploads\/2021\/10\/instituto12.jpg?resize=800%2C534&#038;ssl=1\" alt=\"\" width=\"800\" height=\"534\" srcset=\"https:\/\/i0.wp.com\/cdnoticias.com\/wp-content\/uploads\/2021\/10\/instituto12.jpg?resize=1024%2C683&amp;ssl=1 1024w, https:\/\/i0.wp.com\/cdnoticias.com\/wp-content\/uploads\/2021\/10\/instituto12.jpg?resize=300%2C200&amp;ssl=1 300w, https:\/\/i0.wp.com\/cdnoticias.com\/wp-content\/uploads\/2021\/10\/instituto12.jpg?resize=768%2C512&amp;ssl=1 768w, https:\/\/i0.wp.com\/cdnoticias.com\/wp-content\/uploads\/2021\/10\/instituto12.jpg?resize=272%2C182&amp;ssl=1 272w, https:\/\/i0.wp.com\/cdnoticias.com\/wp-content\/uploads\/2021\/10\/instituto12.jpg?w=1600&amp;ssl=1 1600w, https:\/\/i0.wp.com\/cdnoticias.com\/wp-content\/uploads\/2021\/10\/instituto12.jpg?w=2400&amp;ssl=1 2400w\" sizes=\"auto, (max-width: 800px) 100vw, 800px\" \/><\/p>\n<p>&nbsp;<\/p>\n<p><img data-recalc-dims=\"1\" loading=\"lazy\" decoding=\"async\" class=\"alignnone size-large wp-image-34809\" src=\"https:\/\/i0.wp.com\/cdnoticias.com\/wp-content\/uploads\/2021\/10\/instituto10.jpg?resize=800%2C534&#038;ssl=1\" alt=\"\" width=\"800\" height=\"534\" srcset=\"https:\/\/i0.wp.com\/cdnoticias.com\/wp-content\/uploads\/2021\/10\/instituto10.jpg?resize=1024%2C683&amp;ssl=1 1024w, https:\/\/i0.wp.com\/cdnoticias.com\/wp-content\/uploads\/2021\/10\/instituto10.jpg?resize=300%2C200&amp;ssl=1 300w, https:\/\/i0.wp.com\/cdnoticias.com\/wp-content\/uploads\/2021\/10\/instituto10.jpg?resize=768%2C512&amp;ssl=1 768w, https:\/\/i0.wp.com\/cdnoticias.com\/wp-content\/uploads\/2021\/10\/instituto10.jpg?resize=272%2C182&amp;ssl=1 272w, https:\/\/i0.wp.com\/cdnoticias.com\/wp-content\/uploads\/2021\/10\/instituto10.jpg?w=1600&amp;ssl=1 1600w, https:\/\/i0.wp.com\/cdnoticias.com\/wp-content\/uploads\/2021\/10\/instituto10.jpg?w=2400&amp;ssl=1 2400w\" sizes=\"auto, (max-width: 800px) 100vw, 800px\" \/><\/p>\n<p>&nbsp;<\/p>\n<p><em>\u201cEs una mega obra, queremos agradecer a todas las autoridades, colegas, profesores que siempre pensaron el Instituto como una casa de formaci\u00f3n de formadores\u201d<\/em>, cerr\u00f3 Coronel.<\/p>\n","protected":false},"excerpt":{"rendered":"<p>En un emotivo acto y con mucha participaci\u00f3n de autoridades, docentes, ex docentes y estudiantes, el intendente Galli anunci\u00f3 que<\/p>\n","protected":false},"author":2,"featured_media":34801,"comment_status":"closed","ping_status":"closed","sticky":false,"template":"","format":"standard","meta":{"_jetpack_memberships_contains_paid_content":false,"footnotes":""},"categories":[5,1],"tags":[],"class_list":["post-34799","post","type-post","status-publish","format-standard","has-post-thumbnail","hentry","category-informacion-general","category-portada"],"jetpack_featured_media_url":"https:\/\/i0.wp.com\/cdnoticias.com\/wp-content\/uploads\/2021\/10\/instituto2.jpg?fit=4608%2C3072&ssl=1","jetpack_sharing_enabled":true,"_links":{"self":[{"href":"https:\/\/cdnoticias.com\/index.php\/wp-json\/wp\/v2\/posts\/34799","targetHints":{"allow":["GET"]}}],"collection":[{"href":"https:\/\/cdnoticias.com\/index.php\/wp-json\/wp\/v2\/posts"}],"about":[{"href":"https:\/\/cdnoticias.com\/index.php\/wp-json\/wp\/v2\/types\/post"}],"author":[{"embeddable":true,"href":"https:\/\/cdnoticias.com\/index.php\/wp-json\/wp\/v2\/users\/2"}],"replies":[{"embeddable":true,"href":"https:\/\/cdnoticias.com\/index.php\/wp-json\/wp\/v2\/comments?post=34799"}],"version-history":[{"count":0,"href":"https:\/\/cdnoticias.com\/index.php\/wp-json\/wp\/v2\/posts\/34799\/revisions"}],"wp:featuredmedia":[{"embeddable":true,"href":"https:\/\/cdnoticias.com\/index.php\/wp-json\/wp\/v2\/media\/34801"}],"wp:attachment":[{"href":"https:\/\/cdnoticias.com\/index.php\/wp-json\/wp\/v2\/media?parent=34799"}],"wp:term":[{"taxonomy":"category","embeddable":true,"href":"https:\/\/cdnoticias.com\/index.php\/wp-json\/wp\/v2\/categories?post=34799"},{"taxonomy":"post_tag","embeddable":true,"href":"https:\/\/cdnoticias.com\/index.php\/wp-json\/wp\/v2\/tags?post=34799"}],"curies":[{"name":"wp","href":"https:\/\/api.w.org\/{rel}","templated":true}]}}