{"id":34795,"date":"2021-10-06T09:44:06","date_gmt":"2021-10-06T12:44:06","guid":{"rendered":"http:\/\/www.centraldenoticias.com.ar\/?p=34795"},"modified":"2021-10-06T12:57:17","modified_gmt":"2021-10-06T15:57:17","slug":"feriados-acuerdan-la-apertura-de-mayoria-de-comercios-el-viernes","status":"publish","type":"post","link":"https:\/\/cdnoticias.com\/index.php\/2021\/10\/06\/feriados-acuerdan-la-apertura-de-mayoria-de-comercios-el-viernes\/","title":{"rendered":"Feriados: acuerdan la apertura de \u201cmayor\u00eda de comercios\u201d el viernes"},"content":{"rendered":"<p>Esto se decidi\u00f3 tras un relevamiento de Comerciantes Unidos. \u201cQuienes tengan empleados rigen las obligaciones de un feriado\u201d recordaron.\u00a0<!--more--><\/p>\n<hr \/>\n<p>Tras un relevamiento realizado por la agrupaci\u00f3n <strong>Comerciantes Unidos de Olavarr\u00eda, el pr\u00f3ximo viernes (uno de los dos feriados del fin de semana largo) la<em> \u201cmayor\u00eda de los comercios tendremos nuestras puertas abiertas\u201d.<\/em><\/strong><\/p>\n<p>&nbsp;<\/p>\n<blockquote><p>Se\u00f1alaron que el lunes 11 de octubre ser\u00e1 \u201cel d\u00eda que se tome como feriado\u201d y all\u00ed s\u00ed, habr\u00e1 mayor\u00eda de comercios cerrados.<\/p><\/blockquote>\n<p>&nbsp;<\/p>\n<p><strong><em>\u201cEnti\u00e9ndase que hay excepciones, m\u00e1s que nada los rubros de gastronom\u00eda y afines que abrir\u00e1n los dos d\u00edas normalmente\u201d<\/em><\/strong> agregaron, teniendo en cuenta la gran afluencia de vecinos y vecinas que asistir\u00e1n a estos lugares, m\u00e1s a\u00fan con las flexibilizaciones por la pandemia.<\/p>\n<p>&nbsp;<\/p>\n<p>Uno de los objetivos por los cuales se inform\u00f3 la apertura de negocios es<em> \u201cque puedan organizar sus compras\u201d.<\/em><\/p>\n<p>&nbsp;<\/p>\n<p>De todas maneras, para cerrar dejaron en claro a los titulares de comercios que<strong><em> \u201cquienes tengan empleados y empleadas, rigen las obligaciones usuales de un feriado\u201d.<\/em><\/strong><\/p>\n","protected":false},"excerpt":{"rendered":"<p>Esto se decidi\u00f3 tras un relevamiento de Comerciantes Unidos. \u201cQuienes tengan empleados rigen las obligaciones de un feriado\u201d recordaron.\u00a0<\/p>\n","protected":false},"author":2,"featured_media":964,"comment_status":"closed","ping_status":"closed","sticky":false,"template":"","format":"standard","meta":{"_jetpack_memberships_contains_paid_content":false,"footnotes":""},"categories":[5,1],"tags":[],"class_list":["post-34795","post","type-post","status-publish","format-standard","has-post-thumbnail","hentry","category-informacion-general","category-portada"],"jetpack_featured_media_url":"https:\/\/i0.wp.com\/cdnoticias.com\/wp-content\/uploads\/2020\/09\/comercios4.jpg?fit=3816%2C2412&ssl=1","jetpack_sharing_enabled":true,"_links":{"self":[{"href":"https:\/\/cdnoticias.com\/index.php\/wp-json\/wp\/v2\/posts\/34795","targetHints":{"allow":["GET"]}}],"collection":[{"href":"https:\/\/cdnoticias.com\/index.php\/wp-json\/wp\/v2\/posts"}],"about":[{"href":"https:\/\/cdnoticias.com\/index.php\/wp-json\/wp\/v2\/types\/post"}],"author":[{"embeddable":true,"href":"https:\/\/cdnoticias.com\/index.php\/wp-json\/wp\/v2\/users\/2"}],"replies":[{"embeddable":true,"href":"https:\/\/cdnoticias.com\/index.php\/wp-json\/wp\/v2\/comments?post=34795"}],"version-history":[{"count":0,"href":"https:\/\/cdnoticias.com\/index.php\/wp-json\/wp\/v2\/posts\/34795\/revisions"}],"wp:featuredmedia":[{"embeddable":true,"href":"https:\/\/cdnoticias.com\/index.php\/wp-json\/wp\/v2\/media\/964"}],"wp:attachment":[{"href":"https:\/\/cdnoticias.com\/index.php\/wp-json\/wp\/v2\/media?parent=34795"}],"wp:term":[{"taxonomy":"category","embeddable":true,"href":"https:\/\/cdnoticias.com\/index.php\/wp-json\/wp\/v2\/categories?post=34795"},{"taxonomy":"post_tag","embeddable":true,"href":"https:\/\/cdnoticias.com\/index.php\/wp-json\/wp\/v2\/tags?post=34795"}],"curies":[{"name":"wp","href":"https:\/\/api.w.org\/{rel}","templated":true}]}}