{"id":34793,"date":"2021-10-06T09:18:07","date_gmt":"2021-10-06T12:18:07","guid":{"rendered":"http:\/\/www.centraldenoticias.com.ar\/?p=34793"},"modified":"2021-10-06T09:18:07","modified_gmt":"2021-10-06T12:18:07","slug":"campana-de-vacunacion-este-martes-se-vacunaron-373-personas","status":"publish","type":"post","link":"https:\/\/cdnoticias.com\/index.php\/2021\/10\/06\/campana-de-vacunacion-este-martes-se-vacunaron-373-personas\/","title":{"rendered":"Campa\u00f1a de vacunaci\u00f3n: este martes se vacunaron 373 personas"},"content":{"rendered":"<p>Ratificaron que la semana pr\u00f3xima comenzar\u00e1 la vacunaci\u00f3n a ni\u00f1os de entre 3 a 11 a\u00f1os.\u00a0<!--more--><\/p>\n<hr \/>\n<p>En un nuevo parte diario de la campa\u00f1a provincial contra el COVID,<strong> confirmaron que 373 personas se aplicaron dosis, mientras que ratificaron que la semana pr\u00f3xima comenzar\u00e1n con el grupo de entre 3 y 11 a\u00f1os.<\/strong><\/p>\n<p>&nbsp;<\/p>\n<p>Al detalle, en el <strong>Servicio Territorial N\u00b02<\/strong> se vacunaron 161 personas, 36 con primeras dosis y 125 completando esquemas con segundo componente; en la <strong>Facultad de Ciencias de la Salud<\/strong> se vacunaron 94 vecinos y vecinas, de los cuales 58 corresponden a primeras dosis y 36 con segundo componente; y en <strong>Centro Cultural Universitario<\/strong> se aplicaron 118 vacunas, 68 de primer componente y 36 segundas dosis.<\/p>\n<p>&nbsp;<\/p>\n<blockquote><p>Adem\u00e1s, sigue desarroll\u00e1ndose la vacunaci\u00f3n libre de primeras dosis para los mayores de 18 a\u00f1os que acrediten domicilio en la localidad present\u00e1ndose con su DNI en cualquiera de las postas de vacunaci\u00f3n.<\/p><\/blockquote>\n<p>&nbsp;<\/p>\n<p>Cabe recordar que desde<strong> el martes pr\u00f3ximo comenzar\u00e1n a vacunar a menores de entre 3 y 11 a\u00f1os<\/strong>, los mismos deber\u00e1n inscribirse al igual que los menores de 12 a 17 a\u00f1os a trav\u00e9s del sitio web <a href=\"http:\/\/www.vacunatepba.gba.gob.ar\">www.vacunatepba.gba.gob.ar<\/a>. De esta forma, se ratific\u00f3 el anuncio realizado por el gobernador Kicillof.<\/p>\n<p>&nbsp;<\/p>\n<p>Con respecto a las aplicaciones de segundas dosis,<strong> desde ma\u00f1ana se ampl\u00eda la aplicaci\u00f3n libre para los mayores de 30 a\u00f1os adem\u00e1s de las personas gestantes, trabajadores de salud y de educaci\u00f3n, personas inmunodeprimidas y mayores de 18 con enfermedades preexistentes en cuanto hayan cumplido con los tiempos de la vacuna.<\/strong><\/p>\n<p>&nbsp;<\/p>\n<blockquote><p>El resto de la poblaci\u00f3n para recibir el segundo componente debe respetar el turno, por lo que se le pide a los vecinos y vecinas que est\u00e9n atentos a las notificaciones que se env\u00edan desde el Ministerio de Salud provincial.<\/p><\/blockquote>\n<p>&nbsp;<\/p>\n<p>Cualquier duda o consulta, podr\u00e1n acercarse a cualquiera de las tres postas: Servicio Territorial N\u00b02, Av. Alberdi 2543, de 8 a 18 horas; Facultad de Ciencias de la Salud, Merlo entre Av. Pringles y 9 de julio, de 8 a 18, y en el Centro Cultural Universitario, San Martin 1955, de 8 a 18.<\/p>\n<p>&nbsp;<\/p>\n<p>En cuanto a las actividades preventivas y que se realizan en el Centro Provincial de Testeos que funciona en las instalaciones del Club El Fort\u00edn (Urquiza 2980), de lunes a viernes de 8 a 12 horas, <strong>este martes se realizaron 24 hisopados a personas que se presentaron de manera espont\u00e1nea, las cuales ninguna arroj\u00f3 result\u00f3 positivo.<\/strong><\/p>\n","protected":false},"excerpt":{"rendered":"<p>Ratificaron que la semana pr\u00f3xima comenzar\u00e1 la vacunaci\u00f3n a ni\u00f1os de entre 3 a 11 a\u00f1os.\u00a0<\/p>\n","protected":false},"author":2,"featured_media":25493,"comment_status":"closed","ping_status":"closed","sticky":false,"template":"","format":"standard","meta":{"_jetpack_memberships_contains_paid_content":false,"footnotes":""},"categories":[16,1],"tags":[],"class_list":["post-34793","post","type-post","status-publish","format-standard","has-post-thumbnail","hentry","category-covid-19","category-portada"],"jetpack_featured_media_url":"https:\/\/i0.wp.com\/cdnoticias.com\/wp-content\/uploads\/2021\/07\/WhatsApp-Image-2021-07-01-at-20.05.48.jpeg?fit=1280%2C778&ssl=1","jetpack_sharing_enabled":true,"_links":{"self":[{"href":"https:\/\/cdnoticias.com\/index.php\/wp-json\/wp\/v2\/posts\/34793","targetHints":{"allow":["GET"]}}],"collection":[{"href":"https:\/\/cdnoticias.com\/index.php\/wp-json\/wp\/v2\/posts"}],"about":[{"href":"https:\/\/cdnoticias.com\/index.php\/wp-json\/wp\/v2\/types\/post"}],"author":[{"embeddable":true,"href":"https:\/\/cdnoticias.com\/index.php\/wp-json\/wp\/v2\/users\/2"}],"replies":[{"embeddable":true,"href":"https:\/\/cdnoticias.com\/index.php\/wp-json\/wp\/v2\/comments?post=34793"}],"version-history":[{"count":0,"href":"https:\/\/cdnoticias.com\/index.php\/wp-json\/wp\/v2\/posts\/34793\/revisions"}],"wp:featuredmedia":[{"embeddable":true,"href":"https:\/\/cdnoticias.com\/index.php\/wp-json\/wp\/v2\/media\/25493"}],"wp:attachment":[{"href":"https:\/\/cdnoticias.com\/index.php\/wp-json\/wp\/v2\/media?parent=34793"}],"wp:term":[{"taxonomy":"category","embeddable":true,"href":"https:\/\/cdnoticias.com\/index.php\/wp-json\/wp\/v2\/categories?post=34793"},{"taxonomy":"post_tag","embeddable":true,"href":"https:\/\/cdnoticias.com\/index.php\/wp-json\/wp\/v2\/tags?post=34793"}],"curies":[{"name":"wp","href":"https:\/\/api.w.org\/{rel}","templated":true}]}}