{"id":34783,"date":"2021-10-05T20:07:35","date_gmt":"2021-10-05T23:07:35","guid":{"rendered":"http:\/\/www.centraldenoticias.com.ar\/?p=34783"},"modified":"2021-10-05T20:31:24","modified_gmt":"2021-10-05T23:31:24","slug":"la-comunidad-podra-elegir-el-nombre-de-la-pista-de-atletismo","status":"publish","type":"post","link":"https:\/\/cdnoticias.com\/index.php\/2021\/10\/05\/la-comunidad-podra-elegir-el-nombre-de-la-pista-de-atletismo\/","title":{"rendered":"La comunidad podr\u00e1 elegir el nombre de la pista de atletismo"},"content":{"rendered":"<p>Desde el municipio se detall\u00f3 que los vecinos y vecinas podr\u00e1n votar desde el pr\u00f3ximo martes. Cu\u00e1les son las alternativas y c\u00f3mo participar<!--more--><\/p>\n<hr \/>\n<p>Desde el pr\u00f3ximo martes 12 de octubre, los vecinos y vecinas del partido de Olavarr\u00eda tendr\u00e1n la posibilidad de elegir el nombre que llevar\u00e1 la pista municipal de atletismo. <strong>Ser\u00e1 con una nueva herramienta de participaci\u00f3n ciudadana, donde votar ser\u00e1 de una manera simple a trav\u00e9s del portal oficial de la Municipalidad de Olavarr\u00eda.<\/strong><\/p>\n<p>&nbsp;<\/p>\n<p>\u201cEs un trabajo en conjunto que llevamos desde la Subsecretar\u00eda de Deportes con la Secretar\u00eda de Desarrollo Econ\u00f3mico a trav\u00e9s de la Direcci\u00f3n de Modernizaci\u00f3n del Municipio. All\u00ed<strong> nosotros presentamos algunos posibles nombres, luego investigamos y llegamos a la confirmaci\u00f3n que tambi\u00e9n pod\u00eda llevar el nombre de la pista algunas personas que afortunadamente hoy tenemos entre nosotros\u201d, explic\u00f3 el titular de Deporte Juan Agust\u00edn Galli.<\/strong><\/p>\n<p>&nbsp;<\/p>\n<p><img data-recalc-dims=\"1\" loading=\"lazy\" decoding=\"async\" class=\"alignnone size-large wp-image-9632\" src=\"https:\/\/i0.wp.com\/cdnoticias.com\/wp-content\/uploads\/2020\/12\/pista-de-atletismo-13.jpeg?resize=800%2C600&#038;ssl=1\" alt=\"\" width=\"800\" height=\"600\" srcset=\"https:\/\/i0.wp.com\/cdnoticias.com\/wp-content\/uploads\/2020\/12\/pista-de-atletismo-13.jpeg?resize=1024%2C768&amp;ssl=1 1024w, https:\/\/i0.wp.com\/cdnoticias.com\/wp-content\/uploads\/2020\/12\/pista-de-atletismo-13.jpeg?resize=300%2C225&amp;ssl=1 300w, https:\/\/i0.wp.com\/cdnoticias.com\/wp-content\/uploads\/2020\/12\/pista-de-atletismo-13.jpeg?resize=768%2C576&amp;ssl=1 768w, https:\/\/i0.wp.com\/cdnoticias.com\/wp-content\/uploads\/2020\/12\/pista-de-atletismo-13.jpeg?w=1152&amp;ssl=1 1152w\" sizes=\"auto, (max-width: 800px) 100vw, 800px\" \/><\/p>\n<p>&nbsp;<\/p>\n<p>Seguidamente explic\u00f3 que <strong>\u201cen una primera instancia pensamos en deportistas que han dejado una huella en la disciplina, pero tras mantener reuniones con otros referentes del atletismo a nivel local nos sugirieron poder postular a alg\u00fan dirigente y as\u00ed fue como surgi\u00f3 el nombre de \u201cBoby\u201d Bellinzoni\u201d.<\/strong><\/p>\n<p>&nbsp;<\/p>\n<p>Se inform\u00f3 que a partir del pr\u00f3ximo martes 12 de octubre, los vecinos interesados en participar de esta elecci\u00f3n deber\u00e1n ingresar a <a href=\"http:\/\/www.olavarria.gov.ar\" target=\"_blank\" rel=\"noopener\">www.olavarria.gov.ar<\/a> y all\u00ed encontrar\u00e1n <strong>un banner donde tendr\u00e1n la posibilidad de elegir el nombre que quieren que lleve la pista de atletismo.<\/strong><\/p>\n<p>&nbsp;<\/p>\n<p><em><strong>Los nombres postulantes de la pista de atletismos:<\/strong><\/em><\/p>\n<p>&nbsp;<\/p>\n<p><em><strong>Rafael Lamarque<\/strong><\/em><\/p>\n<p>&nbsp;<\/p>\n<p>De su mano, comenzaron las carreras de calle en Olavarr\u00eda a fines de la d\u00e9cada del \u201920 en el siglo pasado. Durante muchos a\u00f1os, el apodado \u201cMisto\u201d impuls\u00f3 el atletismo, representando a Racing, organizando pruebas y siendo parte del Club Pedestre Olavarriense.<\/p>\n<p>&nbsp;<\/p>\n<p>Fue un destacado fondista, que llev\u00f3 el nombre de Olavarr\u00eda por distintas ciudades de la Provincia de Buenos Aires.<\/p>\n<p>&nbsp;<\/p>\n<p>En su rol de dirigente-atleta, tambi\u00e9n fue pieza importante en la realizaci\u00f3n de la edici\u00f3n local de la \u201cMarat\u00f3n de los Barrios\u201d (organizada a nivel nacional por la revista El Gr\u00e1fico).<\/p>\n<p>&nbsp;<\/p>\n<p><em><strong>An\u00edbal Guillermo \u00c1valos<\/strong><\/em><\/p>\n<p>&nbsp;<\/p>\n<p>Naci\u00f3 el 23 de febrero de 1923 en Olavarr\u00eda (actual barrio El Provincial) y falleci\u00f3 el 19 de marzo de 1978 en la localidad bonaerense de B\u00e9ccar.<\/p>\n<p>&nbsp;<\/p>\n<p>Comenz\u00f3 con la pr\u00e1ctica del atletismo en 1941 en Estudiantes. Fue un especialista en 800 metros, donde solo perder\u00eda una carrera de todas las que corri\u00f3. En cuando ya pensaba en alejarse de las pistas, es llevado por V\u00edctor Gin\u00e9s Sal\u00edas a Independiente de Avellaneda. All\u00ed realiza una campa\u00f1a espectacular que le permite en poco tiempo ser representante argentino en los panamericanos de R\u00edo de Janeiro, constituy\u00e9ndose en figura importante del equipo que gan\u00f3 ese evento luego de 12 a\u00f1os de frustraciones<\/p>\n<p>&nbsp;<\/p>\n<p>Hasta hoy el \u00fanico participante de la disciplina Atletismo de Olavarr\u00eda que particip\u00f3 en los Juegos Ol\u00edmpicos de Londres 1948, con 25 a\u00f1os de edad, representando a Independiente de Avellaneda pero habiendo iniciado su carrera en el Club Estudiantes de nuestra ciudad.<\/p>\n<p>&nbsp;<\/p>\n<p>\u00c1valos particip\u00f3 en la serie eliminatoria de los 800 metros y en la posta 4\u00d7400, que termin\u00f3 en el tercer lugar y no pudo acceder a la final pues solamente se clasificaban las dos primeras.<\/p>\n<p>&nbsp;<\/p>\n<p><img data-recalc-dims=\"1\" loading=\"lazy\" decoding=\"async\" class=\"alignnone size-large wp-image-12787\" src=\"https:\/\/i0.wp.com\/cdnoticias.com\/wp-content\/uploads\/2021\/02\/Deportes-Inauguracion-Pista-Atletismo-1-1024x685-1024x685.jpg?resize=800%2C535&#038;ssl=1\" alt=\"\" width=\"800\" height=\"535\" srcset=\"https:\/\/i0.wp.com\/cdnoticias.com\/wp-content\/uploads\/2021\/02\/Deportes-Inauguracion-Pista-Atletismo-1-1024x685.jpg?resize=1024%2C685&amp;ssl=1 1024w, https:\/\/i0.wp.com\/cdnoticias.com\/wp-content\/uploads\/2021\/02\/Deportes-Inauguracion-Pista-Atletismo-1-1024x685.jpg?resize=300%2C201&amp;ssl=1 300w, https:\/\/i0.wp.com\/cdnoticias.com\/wp-content\/uploads\/2021\/02\/Deportes-Inauguracion-Pista-Atletismo-1-1024x685.jpg?resize=768%2C514&amp;ssl=1 768w, https:\/\/i0.wp.com\/cdnoticias.com\/wp-content\/uploads\/2021\/02\/Deportes-Inauguracion-Pista-Atletismo-1-1024x685.jpg?resize=272%2C182&amp;ssl=1 272w\" sizes=\"auto, (max-width: 800px) 100vw, 800px\" \/><\/p>\n<p>&nbsp;<\/p>\n<p><em><strong>V\u00edctor Gines Sal\u00edas<\/strong><\/em><\/p>\n<p>&nbsp;<\/p>\n<p>Naci\u00f3 el 29 de julio de 1918 en La Victoria (Espigas), en la Estancia Las Rosas y falleci\u00f3 el 17 de junio de 2011.<\/p>\n<p>&nbsp;<\/p>\n<p>Fue 11 veces campe\u00f3n nacional de pista y represent\u00f3 a Estudiantes de Olavarr\u00eda desde 1937 a 1944, Independiente de Avellaneda (7 veces campe\u00f3n nacional) y Comunicaciones (4 veces). Retorn\u00f3 a Olavarr\u00eda en 1959.<\/p>\n<p>&nbsp;<\/p>\n<p>Adem\u00e1s de sus t\u00edtulos, fue el primer olavarriense en ser tapa de la tradicional revista \u201cEl Gr\u00e1fico\u201d, el 6 de diciembre de 1946, tras ganar la famosa \u201cMarat\u00f3n de los Barrios\u201d que organizaba esa publicaci\u00f3n. Como premio tuvo los gastos pagos a San Pablo para participar en la San Silvestre, donde fue cuarto entre 3.500 corredores.<\/p>\n<p>&nbsp;<\/p>\n<p>Se impuso en 103 maratones y 98 pruebas de pista. En mayo de 1947, en C\u00f3rdoba, corri\u00f3 tres maratones en 30 horas.<\/p>\n<p>&nbsp;<\/p>\n<p><em><strong>Ricardo Cesar Vigo<\/strong><\/em><\/p>\n<p>&nbsp;<\/p>\n<p>Naci\u00f3 el de 1952.Un gran atleta, docente (en escuelas y clubes durante 30 a\u00f1os) y dirigente en el \u00e1mbito local y provincial, donde desde hace a\u00f1os integra la conducci\u00f3n de la Federaci\u00f3n de Atletismo de la Provincia).<\/p>\n<p>&nbsp;<\/p>\n<p>En 1971 gana los 400 metros con 50\u2033 6\/10 y los 800 metros con 1\u2032 59\u2033 4\/10, que quedar\u00e1n para siempre como r\u00e9cord de la Olimp\u00edada Estudiantil que organizaba el Club Atl\u00e9tico Estudiantes.<\/p>\n<p>&nbsp;<\/p>\n<p>En 1974 fue campe\u00f3n argentino de posta 4 x 400. En 1976, en el Nacional de mayores, en los 400 metros marc\u00f3 49\u2033 3\/10, excelente considerando que se corr\u00eda sobre pistas de carbonilla.<\/p>\n<p>&nbsp;<\/p>\n<p>Tuvo su punto culminante durante el Campeonato Sudamericano de atletismo de 1977 disputado en Montevideo, donde logr\u00f3 la medalla de bronce en los 800 metros. Ricardo gan\u00f3 su serie clasificatoria y debi\u00f3 lidiar con un esguince de \u00faltima hora que puso en duda su participaci\u00f3n.<\/p>\n<p>&nbsp;<\/p>\n<p>Ese a\u00f1o, con 1\u2032 52\u2033 2\/10 finaliza la temporada como primero en el ranking nacional en 800 metros.<\/p>\n<p>&nbsp;<\/p>\n<p><em><strong>Jorge Bellinzoni<\/strong><\/em><\/p>\n<p>&nbsp;<\/p>\n<p>En cuatro a\u00f1os como atleta, su m\u00e1ximo logro fue el r\u00e9cord olavarriense de 1.500 metros en 1992 con una marca de 4\u2032 04\u2033, en el Cenard en un Gran Prix Sudamericano. Tambi\u00e9n tiene el mejor registro local de 3.000 metros con obst\u00e1culos.<\/p>\n<p>&nbsp;<\/p>\n<p>Lleva casi tres d\u00e9cadas como entrenador vinculado al atletismo, que lo llev\u00f3 a ser distinguido como Formador Deportivo en 2015. Se inici\u00f3 en la desaparecida pista de Estudiantes, junto al profesor Sergio Merlos, en una escuela apadrinada por Ricardo Vigo.<\/p>\n<p>&nbsp;<\/p>\n<p>A los pocos meses present\u00f3 un proyecto en el CEF 124 y r\u00e1pidamente se sumaron muchos chicos. Con los a\u00f1os trabaj\u00f3 en atletismo en el CEF 44 y en el CEF 100, aunque siempre teniendo la base en la pista de atletismo. Cuando a comienzos de la d\u00e9cada pasada el espacio ya no estuvo, en acuerdo junto a los padres de sus alumnos, pas\u00f3 a trabajar en el Parque Eseverri, luego en El Fort\u00edn, y actualmente en la Pista Municipal del Parque Avellaneda.<\/p>\n<p>&nbsp;<\/p>\n<p>Sus alumnos consiguieron t\u00edtulos argentinos y sudamericanos, en pistas de nuestro pa\u00eds Colombia, Brasil y Chile. Tambi\u00e9n compitieron con \u00e9xitos repetidos en los Torneos Bonaerenses, en Espa\u00f1a y Estados Unidos. Fue designado por la Federaci\u00f3n Bonaerense como encargado de sus equipos en torneos Nacionales.<\/p>\n<p>&nbsp;<\/p>\n<p>Adem\u00e1s de atleta y entrenador, fue un dirigente y colaborador m\u00e1s de los grupos de padres que han ido acompa\u00f1ando y sosteniendo la actividad en Olavarr\u00eda, impulsando todo tipo de acciones que lo ubican como un referente nacional de la disciplina.<\/p>\n","protected":false},"excerpt":{"rendered":"<p>Desde el municipio se detall\u00f3 que los vecinos y vecinas podr\u00e1n votar desde el pr\u00f3ximo martes. Cu\u00e1les son las alternativas<\/p>\n","protected":false},"author":3,"featured_media":34784,"comment_status":"closed","ping_status":"closed","sticky":false,"template":"","format":"standard","meta":{"_jetpack_memberships_contains_paid_content":false,"footnotes":""},"categories":[5,1],"tags":[],"class_list":["post-34783","post","type-post","status-publish","format-standard","has-post-thumbnail","hentry","category-informacion-general","category-portada"],"jetpack_featured_media_url":"https:\/\/i0.wp.com\/cdnoticias.com\/wp-content\/uploads\/2021\/10\/Deportes-Inauguracion-Pista-Atletismo-2-scaled.jpg?fit=2560%2C1711&ssl=1","jetpack_sharing_enabled":true,"_links":{"self":[{"href":"https:\/\/cdnoticias.com\/index.php\/wp-json\/wp\/v2\/posts\/34783","targetHints":{"allow":["GET"]}}],"collection":[{"href":"https:\/\/cdnoticias.com\/index.php\/wp-json\/wp\/v2\/posts"}],"about":[{"href":"https:\/\/cdnoticias.com\/index.php\/wp-json\/wp\/v2\/types\/post"}],"author":[{"embeddable":true,"href":"https:\/\/cdnoticias.com\/index.php\/wp-json\/wp\/v2\/users\/3"}],"replies":[{"embeddable":true,"href":"https:\/\/cdnoticias.com\/index.php\/wp-json\/wp\/v2\/comments?post=34783"}],"version-history":[{"count":0,"href":"https:\/\/cdnoticias.com\/index.php\/wp-json\/wp\/v2\/posts\/34783\/revisions"}],"wp:featuredmedia":[{"embeddable":true,"href":"https:\/\/cdnoticias.com\/index.php\/wp-json\/wp\/v2\/media\/34784"}],"wp:attachment":[{"href":"https:\/\/cdnoticias.com\/index.php\/wp-json\/wp\/v2\/media?parent=34783"}],"wp:term":[{"taxonomy":"category","embeddable":true,"href":"https:\/\/cdnoticias.com\/index.php\/wp-json\/wp\/v2\/categories?post=34783"},{"taxonomy":"post_tag","embeddable":true,"href":"https:\/\/cdnoticias.com\/index.php\/wp-json\/wp\/v2\/tags?post=34783"}],"curies":[{"name":"wp","href":"https:\/\/api.w.org\/{rel}","templated":true}]}}