{"id":34762,"date":"2021-10-06T08:12:50","date_gmt":"2021-10-06T11:12:50","guid":{"rendered":"http:\/\/www.centraldenoticias.com.ar\/?p=34762"},"modified":"2021-10-06T08:51:28","modified_gmt":"2021-10-06T11:51:28","slug":"el-martes-12-habra-perfeccionamiento-docente-y-se-suma-un-dia-mas-al-finde-xxl","status":"publish","type":"post","link":"https:\/\/cdnoticias.com\/index.php\/2021\/10\/06\/el-martes-12-habra-perfeccionamiento-docente-y-se-suma-un-dia-mas-al-finde-xxl\/","title":{"rendered":"El martes 12 habr\u00e1 perfeccionamiento docente y se suma un d\u00eda m\u00e1s al finde XXL"},"content":{"rendered":"<p>Las escuelas bonaerenses suspender\u00e1n las clases por una jornada institucional docente. La medida se plegar\u00e1 a los feriados del viernes y del lunes proximo.\u00a0<!--more--><\/p>\n<hr \/>\n<p>Los colegios de la provincia de Buenos Aires comunicaron que este jueves o el martes, dependiendo la regi\u00f3n, se llevar\u00e1 a cabo una <strong>jornada de perfeccionamiento docente, por lo que los alumnos no deber\u00e1n concurrir a clases.<\/strong><\/p>\n<p>&nbsp;<\/p>\n<p><strong>En el caso de Olavarr\u00eda, no habr\u00e1 clases el martes 12.<\/strong> La medida se plegar\u00e1 directamente a los feriados del viernes y del pr\u00f3ximo lunes por el puente tur\u00edstico y el D\u00eda del Respeto a la Diversidad Cultural, por lo que se formar\u00e1 un fin de semana extra largo para los estudiantes.<\/p>\n<p>&nbsp;<\/p>\n<p>La jornada institucional docente considerada \u201cobligatoria\u201d, pondr\u00e1 el eje en <strong>fortalecer las estrategias para compensar los aprendizajes que quedaron pendientes a ra\u00edz del cierre de las escuelas durante la pandemia.<\/strong> Incluir\u00e1, seg\u00fan se inform\u00f3, los niveles de jard\u00edn, primaria y secundaria tanto de escuelas p\u00fablicas como privadas, y tambi\u00e9n se llevar\u00e1 a cabo en la Ciudad de Buenos Aires.<\/p>\n<p>&nbsp;<\/p>\n<p>En la provincia, los distritos se dividen entre los que organizaron la jornada institucional para el jueves (de la regi\u00f3n 1 a la 12) y <strong>los que la planearon para el martes (de la 13 a la 25).<\/strong><\/p>\n<p>&nbsp;<\/p>\n<p>Seg\u00fan se explic\u00f3, las jornadas fueron planificadas en estas fechas, atendiendo a la importancia de la formaci\u00f3n pedag\u00f3gica del \u00faltimo tramo del bienio 2020-2021 y procurando una mejor organizaci\u00f3n de las familias en el marco de los pr\u00f3ximos feriados.<\/p>\n<p>&nbsp;<\/p>\n<p>Fuente: DIB<\/p>\n","protected":false},"excerpt":{"rendered":"<p>Las escuelas bonaerenses suspender\u00e1n las clases por una jornada institucional docente. La medida se plegar\u00e1 a los feriados del viernes<\/p>\n","protected":false},"author":5,"featured_media":2501,"comment_status":"closed","ping_status":"closed","sticky":false,"template":"","format":"standard","meta":{"_jetpack_memberships_contains_paid_content":false,"footnotes":""},"categories":[5,1],"tags":[],"class_list":["post-34762","post","type-post","status-publish","format-standard","has-post-thumbnail","hentry","category-informacion-general","category-portada"],"jetpack_featured_media_url":"https:\/\/i0.wp.com\/cdnoticias.com\/wp-content\/uploads\/2020\/09\/educacion-clases.jpg?fit=1200%2C675&ssl=1","jetpack_sharing_enabled":true,"_links":{"self":[{"href":"https:\/\/cdnoticias.com\/index.php\/wp-json\/wp\/v2\/posts\/34762","targetHints":{"allow":["GET"]}}],"collection":[{"href":"https:\/\/cdnoticias.com\/index.php\/wp-json\/wp\/v2\/posts"}],"about":[{"href":"https:\/\/cdnoticias.com\/index.php\/wp-json\/wp\/v2\/types\/post"}],"author":[{"embeddable":true,"href":"https:\/\/cdnoticias.com\/index.php\/wp-json\/wp\/v2\/users\/5"}],"replies":[{"embeddable":true,"href":"https:\/\/cdnoticias.com\/index.php\/wp-json\/wp\/v2\/comments?post=34762"}],"version-history":[{"count":0,"href":"https:\/\/cdnoticias.com\/index.php\/wp-json\/wp\/v2\/posts\/34762\/revisions"}],"wp:featuredmedia":[{"embeddable":true,"href":"https:\/\/cdnoticias.com\/index.php\/wp-json\/wp\/v2\/media\/2501"}],"wp:attachment":[{"href":"https:\/\/cdnoticias.com\/index.php\/wp-json\/wp\/v2\/media?parent=34762"}],"wp:term":[{"taxonomy":"category","embeddable":true,"href":"https:\/\/cdnoticias.com\/index.php\/wp-json\/wp\/v2\/categories?post=34762"},{"taxonomy":"post_tag","embeddable":true,"href":"https:\/\/cdnoticias.com\/index.php\/wp-json\/wp\/v2\/tags?post=34762"}],"curies":[{"name":"wp","href":"https:\/\/api.w.org\/{rel}","templated":true}]}}