{"id":34683,"date":"2021-10-05T07:52:55","date_gmt":"2021-10-05T10:52:55","guid":{"rendered":"http:\/\/www.centraldenoticias.com.ar\/?p=34683"},"modified":"2021-10-05T07:52:55","modified_gmt":"2021-10-05T10:52:55","slug":"dr-alberto-andres-ringuelet-q-e-p-d","status":"publish","type":"post","link":"https:\/\/cdnoticias.com\/index.php\/2021\/10\/05\/dr-alberto-andres-ringuelet-q-e-p-d\/","title":{"rendered":"Dr. Alberto Andr\u00e9s Ringuelet (Q.E.P.D.)"},"content":{"rendered":"<p>Falleci\u00f3 en Olavarr\u00eda el 4 de octubre de 2021 a los 85 a\u00f1os de edad. Su esposa Mar\u00eda Cristina Porto; sus hijos Mar\u00eda Gabriela, Matilde (f) y Esteban Alberto Ringuelet; su hija pol\u00edtica Valentina P\u00e1ez; sus nietos Mar\u00eda Emilia, Delfina, Juan Mart\u00edn, Dolores, Emilio y Justo y dem\u00e1s deudos participan su fallecimiento.<\/p>\n<p>&nbsp;<\/p>\n<p>Sus restos ser\u00e1n inhumados en el Crematorio Pinos de Paz, en d\u00eda y horario a confirmar. Nacido en La Plata, vecino de Microcentro, reconocido Doctor en Medicina y Otorrinolaring\u00f3logo de nuestra ciudad.<\/p>\n","protected":false},"excerpt":{"rendered":"<p>Falleci\u00f3 en Olavarr\u00eda el 4 de octubre de 2021 a los 85 a\u00f1os de edad. Su esposa Mar\u00eda Cristina Porto;<\/p>\n","protected":false},"author":2,"featured_media":0,"comment_status":"closed","ping_status":"closed","sticky":false,"template":"","format":"standard","meta":{"_jetpack_memberships_contains_paid_content":false,"footnotes":""},"categories":[10],"tags":[],"class_list":["post-34683","post","type-post","status-publish","format-standard","hentry","category-necrologicas"],"jetpack_featured_media_url":"","jetpack_sharing_enabled":true,"_links":{"self":[{"href":"https:\/\/cdnoticias.com\/index.php\/wp-json\/wp\/v2\/posts\/34683","targetHints":{"allow":["GET"]}}],"collection":[{"href":"https:\/\/cdnoticias.com\/index.php\/wp-json\/wp\/v2\/posts"}],"about":[{"href":"https:\/\/cdnoticias.com\/index.php\/wp-json\/wp\/v2\/types\/post"}],"author":[{"embeddable":true,"href":"https:\/\/cdnoticias.com\/index.php\/wp-json\/wp\/v2\/users\/2"}],"replies":[{"embeddable":true,"href":"https:\/\/cdnoticias.com\/index.php\/wp-json\/wp\/v2\/comments?post=34683"}],"version-history":[{"count":0,"href":"https:\/\/cdnoticias.com\/index.php\/wp-json\/wp\/v2\/posts\/34683\/revisions"}],"wp:attachment":[{"href":"https:\/\/cdnoticias.com\/index.php\/wp-json\/wp\/v2\/media?parent=34683"}],"wp:term":[{"taxonomy":"category","embeddable":true,"href":"https:\/\/cdnoticias.com\/index.php\/wp-json\/wp\/v2\/categories?post=34683"},{"taxonomy":"post_tag","embeddable":true,"href":"https:\/\/cdnoticias.com\/index.php\/wp-json\/wp\/v2\/tags?post=34683"}],"curies":[{"name":"wp","href":"https:\/\/api.w.org\/{rel}","templated":true}]}}