{"id":34659,"date":"2021-10-06T08:51:18","date_gmt":"2021-10-06T11:51:18","guid":{"rendered":"http:\/\/www.centraldenoticias.com.ar\/?p=34659"},"modified":"2021-10-06T09:44:39","modified_gmt":"2021-10-06T12:44:39","slug":"ahora-el-mundo-respira-de-otra-manera","status":"publish","type":"post","link":"https:\/\/cdnoticias.com\/index.php\/2021\/10\/06\/ahora-el-mundo-respira-de-otra-manera\/","title":{"rendered":"\u00a0\u201cAhora el mundo respira de otra manera\u201d"},"content":{"rendered":"<p>Luego de mucho trabajo, angustia y estr\u00e9s, que no haya internados por Covid en terapia se muestra como esa luz al final del t\u00fanel. La salida de la pandemia est\u00e1 cada vez m\u00e1s cerca. Sensaciones y experiencias comentadas por el personal de salud.<!--more--><\/p>\n<hr \/>\n<p><em>Tom\u00e1s Kessler-Agencia Comunica<\/em><\/p>\n<p>&nbsp;<\/p>\n<p>M\u00e1s de 400 d\u00edas tuvieron que pasar desde el comienzo de la pandemia para que en la ciudad no haya internados con Covid en terapia intensiva. Un camino largu\u00edsimo lleno de dudas, miedos y temores. Pero que en base a esfuerzo, trabajo y dedicaci\u00f3n se pudo recorrer. Y se seguir\u00e1 recorriendo, pero este es un gran paso. <em>\u201cAhora hay una suerte de relajaci\u00f3n, una alegr\u00eda interna\u201d,<\/em> comenta el <strong>secretario de Salud de la ciudad, Dr. Germ\u00e1n Caputo.<\/strong><\/p>\n<p>&nbsp;<\/p>\n<p><em>\u201cLas sensaciones fueron primero un gran alivio y despu\u00e9s un sentimiento f\u00edsico y corporal de descanso y de finalmente poder aflojar. Eso sentimos despu\u00e9s de tanto trabajo, esperando por supuesto que no se complique y no vengan nuevos casos\u201d,<\/em> agrega <strong>Carolina Alan\u00eds, kinesi\u00f3loga y parte del equipo de trabajo de la UTI.<\/strong><\/p>\n<p>&nbsp;<\/p>\n<p>Reflexionando sobre todo el trayecto acontecido, el <strong>Dr. Iv\u00e1n Recabarren, Jefe de Terapia Intensiva<\/strong> expresa que el negacionismo de la sociedad fue algo que lo asombr\u00f3. Los pensamientos acerca de que la pandemia era una mentira y\/o una jugada pol\u00edtica para mantener a la sociedad controlada y encerrada eran \u201cinsanos\u201d, asegura. \u201cHay que recordar eso todo el tiempo porque hizo da\u00f1o\u201d, recrimina. El mismo alega que la principal causa de los contagios fue que \u201cal no tener defensas, el virus circulaba libre\u201d.<\/p>\n<p>&nbsp;<\/p>\n<p>La situaci\u00f3n en UTI no fue nada f\u00e1cil para el equipo de trabajo, <em>\u201cpor la falta de personal disponible era complicado cubrir todas las demandas. Fue un estr\u00e9s grande, y nunca me olvido de que los principales fueron los enfermeros ya que ellos ten\u00edan que estar ah\u00ed al lado del paciente mucho m\u00e1s que nosotros y eso se sufri\u00f3\u201d<\/em> se sincera el jefe de la Terapia Intensiva. De todas formas y a pesar de tanta carga laboral y sufrimiento,<strong> \u201c<em>el sistema de salud respondi\u00f3 en todo momento\u201d<\/em> <\/strong>agrega Germ\u00e1n Caputo y destaca el equipo de trabajo.<\/p>\n<p>&nbsp;<\/p>\n<p><strong>Carolina Alan\u00eds da cuenta del gran grupo que est\u00e1 compuesto por m\u00e1s de 30 personas.<\/strong> Cada uno cumpli\u00f3 su rol profesional de la mejor manera posible afrontando los cambios que se produjeron a causa del virus y el hecho de enfrentar una nueva amenaza completamente desconocida.<\/p>\n<p>&nbsp;<\/p>\n<p>El miedo a lo desconocido se sinti\u00f3 todos los d\u00edas en la sociedad y si bien ahora parece estar cada vez m\u00e1s cerca el fin del recorrido, por momentos se vivieron situaciones angustiantes. <strong><em>\u201cLas personas reaccionaron de muy distintas maneras. Pacientes que fallec\u00edan y nosotros pr\u00e1cticamente no pod\u00edamos hacer nada. Eso hace da\u00f1o y te afecta psicol\u00f3gicamente\u201d,<\/em> revela el jefe de Terapia Intensiva.<\/strong><\/p>\n<p>&nbsp;<\/p>\n<p>M\u00e1s all\u00e1 de que hoy en d\u00eda no hay pacientes con Covid en Terapia Intensiva, all\u00ed<em> \u201c<strong>se sigue trabajando y luchando un poco entre la vida y la muerte<\/strong>, y si bien uno est\u00e1 preparado, el covid nos afect\u00f3 porque era algo desconocido que ven\u00eda de golpe y no sab\u00edamos c\u00f3mo iba a atacar\u201d<\/em>, exterioriza el Dr. Caputo.<\/p>\n<p>&nbsp;<\/p>\n<p>Refiri\u00e9ndose a las ense\u00f1anzas y las cosas positivas que quedan en esta pandemia, Alan\u00eds remarca que<em> \u201cdeja como ense\u00f1anza para todos el hecho de aprender a cuidarnos como un conjunto, no solo de este virus sino de un mont\u00f3n de cosas. Todos como ciudadanos podemos asumir las responsabilidades civiles del cuidado personal<strong>. Hay que tener en cuenta que el que est\u00e1 a mi alrededor no tiene por qu\u00e9 enfermarse por un descuido o una irresponsabilidad m\u00eda.<\/strong> Ese cuidado personal, trasladarlo a todas las formas de manejarse socialmente\u201d<\/em>.<\/p>\n<p>&nbsp;<\/p>\n<p>En continuaci\u00f3n con la l\u00ednea de la kinesi\u00f3loga, el Dr. Caputo destaca que la pandemia deja <em>\u201cun sistema de salud robustecido. Se acostumbr\u00f3 a trabajar bajo presi\u00f3n y con mucha cantidad de gente. Se incorpor\u00f3 servicio humano que ahora ya queda para el servicio de salud y eso siempre es bueno\u201d.<\/em><\/p>\n<p>&nbsp;<\/p>\n<p>El <strong>robustecimiento del sistema de salud<\/strong> se evidencia r\u00e1pidamente, <em>\u201chubo momentos que estuvimos al borde del colapso, la cantidad de pacientes era abrumante pero nunca llegamos a tener, por ejemplo, la imagen de una persona muriendo en los pasillos sin poder ser atendida. Eso no nos pas\u00f3 debido al sistema de salud y porque en la sociedad se hicieron las cosas bien\u201d<\/em> detalla Iv\u00e1n Recabarren.<\/p>\n<p>&nbsp;<\/p>\n<p>La presencia de este virus, indefectiblemente provoc\u00f3 <strong>mas de 300 fallecimientos en la ciudad.<\/strong><em> \u201cUna p\u00e9rdida, no importa cual, es tan importante como 100 o 200. No importa la edad, sino la p\u00e9rdida en s\u00ed\u201d<\/em>, confiesa la kinesiologa Alan\u00eds. Sumado a esto, el secretario de salud relata que <em>\u201cdesde la secretar\u00eda de salud, en febrero de 2020 hab\u00edamos hecho una progresi\u00f3n de posibles casos y fallecimientos, y estos n\u00fameros que vemos actualmente son como los que planeabamos. Uno si tiene que ser cr\u00edtico en algo, lo primero que piensa es que quiz\u00e1s podr\u00edamos haber vacunado antes pero eso es un tema que nos excede\u201d.<\/em><\/p>\n<p>&nbsp;<\/p>\n<p><strong>El rol de la vacuna y la sociedad<\/strong><\/p>\n<p>&nbsp;<\/p>\n<p>La vacuna y el accionar de la sociedad cumplieron un rol fundamental. <strong>La no circulaci\u00f3n de las personas dio un gran aire a todo el sistema de salud,<\/strong> <em>\u201cnunca un sistema hubiera podido tolerar una circulaci\u00f3n libre del virus\u201d<\/em> explica Iv\u00e1n Recabarren y destaca el rol de la sociedad.<em> \u201cMe molesta que se vea al m\u00e9dico como un h\u00e9roe cuando en realidad, el destino de lo que nos pasaba tambi\u00e9n depend\u00eda de la responsabilidad personal y cumplieron con los cuidados como corresponde. Todos participamos de la tarea, con distintos lugares y roles, pero el resultado es de conducta social\u201d.<\/em> Asimismo, realza la importancia de la vacuna y explica que, en el peor momento, se not\u00f3 la influencia de \u00e9sta.<\/p>\n<p>&nbsp;<\/p>\n<p>Por su parte, el Dr. Caputo confirma que<em> \u201c<strong>la vacunaci\u00f3n es la salida a este problema, si en el mundo no hubiese vacunaci\u00f3n, a\u00fan estar\u00edamos como en el 2020.<\/strong> Las vacunas son efectivas, el virus est\u00e1 como acorralado y esos son los n\u00fameros que se ven tanto ac\u00e1 en Olavarr\u00eda, como en el pa\u00eds y en el mundo\u201d.<\/em><\/p>\n<p>&nbsp;<\/p>\n<p>Mientras que Carolina Alan\u00eds opina que <em>\u201cla vacuna fue fundamental, influy\u00f3 en lo m\u00e1s profundo de cada uno de nosotros como personas y como seres sociales que somos. Gener\u00f3 responsabilidad y conciencia. En un principio no ve\u00edamos la luz y no sab\u00edamos c\u00f3mo y cuando \u00edbamos a salir de esta situaci\u00f3n, pero con la vacuna eso se resolvi\u00f3\u201d.<\/em><\/p>\n<p>&nbsp;<\/p>\n<p>La situaci\u00f3n es otra hoy. <strong><em>\u201cAhora todo el mundo respira de otra manera, en salud los enfermeros est\u00e1n contentos, sentir que la pasaron luego de poner mucho es muy bueno\u201d<\/em><\/strong>, asegura el Dr. recabarren, con otro \u00e1nimo puertas adentro de terapia.<\/p>\n","protected":false},"excerpt":{"rendered":"<p>Luego de mucho trabajo, angustia y estr\u00e9s, que no haya internados por Covid en terapia se muestra como esa luz<\/p>\n","protected":false},"author":5,"featured_media":34660,"comment_status":"closed","ping_status":"closed","sticky":false,"template":"","format":"standard","meta":{"_jetpack_memberships_contains_paid_content":false,"footnotes":""},"categories":[5,1],"tags":[],"class_list":["post-34659","post","type-post","status-publish","format-standard","has-post-thumbnail","hentry","category-informacion-general","category-portada"],"jetpack_featured_media_url":"https:\/\/i0.wp.com\/cdnoticias.com\/wp-content\/uploads\/2021\/10\/tera2.jpg?fit=4128%2C2322&ssl=1","jetpack_sharing_enabled":true,"_links":{"self":[{"href":"https:\/\/cdnoticias.com\/index.php\/wp-json\/wp\/v2\/posts\/34659","targetHints":{"allow":["GET"]}}],"collection":[{"href":"https:\/\/cdnoticias.com\/index.php\/wp-json\/wp\/v2\/posts"}],"about":[{"href":"https:\/\/cdnoticias.com\/index.php\/wp-json\/wp\/v2\/types\/post"}],"author":[{"embeddable":true,"href":"https:\/\/cdnoticias.com\/index.php\/wp-json\/wp\/v2\/users\/5"}],"replies":[{"embeddable":true,"href":"https:\/\/cdnoticias.com\/index.php\/wp-json\/wp\/v2\/comments?post=34659"}],"version-history":[{"count":0,"href":"https:\/\/cdnoticias.com\/index.php\/wp-json\/wp\/v2\/posts\/34659\/revisions"}],"wp:featuredmedia":[{"embeddable":true,"href":"https:\/\/cdnoticias.com\/index.php\/wp-json\/wp\/v2\/media\/34660"}],"wp:attachment":[{"href":"https:\/\/cdnoticias.com\/index.php\/wp-json\/wp\/v2\/media?parent=34659"}],"wp:term":[{"taxonomy":"category","embeddable":true,"href":"https:\/\/cdnoticias.com\/index.php\/wp-json\/wp\/v2\/categories?post=34659"},{"taxonomy":"post_tag","embeddable":true,"href":"https:\/\/cdnoticias.com\/index.php\/wp-json\/wp\/v2\/tags?post=34659"}],"curies":[{"name":"wp","href":"https:\/\/api.w.org\/{rel}","templated":true}]}}