{"id":34641,"date":"2021-10-04T16:50:08","date_gmt":"2021-10-04T19:50:08","guid":{"rendered":"http:\/\/www.centraldenoticias.com.ar\/?p=34641"},"modified":"2021-10-04T19:46:34","modified_gmt":"2021-10-04T22:46:34","slug":"ignacio-montoya-carlotto-aporta-su-mirada-en-coplas-al-azar","status":"publish","type":"post","link":"https:\/\/cdnoticias.com\/index.php\/2021\/10\/04\/ignacio-montoya-carlotto-aporta-su-mirada-en-coplas-al-azar\/","title":{"rendered":"Ignacio Montoya Carlotto aporta su mirada en &#8220;Coplas al Azar&#8221;"},"content":{"rendered":"<p>Se trata de su nuevo disco el cual ser\u00e1 presentado este viernes 8 de octubre a las 19:00 en el Centro Cultural San Jos\u00e9.<!--more--><\/p>\n<hr \/>\n<p>&nbsp;<\/p>\n<p><strong>Ignacio Montoya Carlotto<\/strong> lanza su <strong>nuevo disco<em> &#8220;Coplas al Azar&#8221;<\/em><\/strong> el cual ser\u00e1 presentado este <strong>viernes 8 de octubre<\/strong> a las<strong> 19:00<\/strong> en el <strong>Centro Cultural San Jos\u00e9<\/strong> en el <strong>marco del ciclo &#8220;Octubre Suena&#8221;,<\/strong> respetando todos los <strong>protocolos vigentes<\/strong>. Las <strong>entradas<\/strong> tienen un <strong>valor de $250<\/strong> (estudiantes 2&#215;1).<\/p>\n<p>&nbsp;<\/p>\n<p><em><strong>&#8220;Coplas al azar&#8221;<\/strong><\/em>, cuenta con la<strong> participaci\u00f3n<\/strong> de <strong>Agust\u00edn Begue<\/strong> (guitarra y voz) y <strong>Samuel Carabajal<\/strong> (bater\u00eda, percusi\u00f3n y voz). Por otra parte, <strong>Carlotto<\/strong> estar\u00e1 en piano, acorde\u00f3n, bajo, percusi\u00f3n, programaci\u00f3n y voz.<\/p>\n<p>&nbsp;<\/p>\n<p>El disco &#8220;esencialmente de <strong>versiones de otros autores,<\/strong> contiene <strong>nuestra mirada sobre un grupo de canciones que fuimos encontrando al azar<\/strong>, y que por alguna raz\u00f3n &#8211; <strong>siempre m\u00e1gica como las canciones<\/strong>&#8211; <strong>nos deslumbraron<\/strong>, sumado a esto el hecho de no encontrar muchas versiones de esas m\u00fasicas, m\u00e1s all\u00e1 de las de sus propios autores&#8221; se indic\u00f3.<\/p>\n<p>&nbsp;<\/p>\n<p><img data-recalc-dims=\"1\" loading=\"lazy\" decoding=\"async\" class=\"aligncenter wp-image-34648 size-large\" src=\"https:\/\/i0.wp.com\/cdnoticias.com\/wp-content\/uploads\/2021\/10\/carlotto.jpg?resize=800%2C905&#038;ssl=1\" alt=\"\" width=\"800\" height=\"905\" srcset=\"https:\/\/i0.wp.com\/cdnoticias.com\/wp-content\/uploads\/2021\/10\/carlotto.jpg?resize=905%2C1024&amp;ssl=1 905w, https:\/\/i0.wp.com\/cdnoticias.com\/wp-content\/uploads\/2021\/10\/carlotto.jpg?resize=265%2C300&amp;ssl=1 265w, https:\/\/i0.wp.com\/cdnoticias.com\/wp-content\/uploads\/2021\/10\/carlotto.jpg?resize=768%2C869&amp;ssl=1 768w, https:\/\/i0.wp.com\/cdnoticias.com\/wp-content\/uploads\/2021\/10\/carlotto.jpg?w=1413&amp;ssl=1 1413w\" sizes=\"auto, (max-width: 800px) 100vw, 800px\" \/><\/p>\n<p>&nbsp;<\/p>\n<p>Adem\u00e1s, <strong>habr\u00e1 m\u00fasicos invitados<\/strong>, entre ellos, <strong>Quique Ferrari<\/strong> (bajo el\u00e9ctrico), <strong>Lucas Chamorro<\/strong> (arm\u00f3nica) e <strong>Ingrid Feniger<\/strong> (clarinete y bajo).<\/p>\n<p>&nbsp;<\/p>\n<p><em><strong>&#8220;Coplas al azar&#8221;<\/strong> <\/em>fue <strong>grabado<\/strong> en <strong>&#8220;La puerta al otro lado del mundo&#8221;<\/strong>, <strong>Loma Negra<\/strong>, Olavarr\u00eda. La grabaci\u00f3n, mezcla, y producci\u00f3n general fue realizada por<strong> Ignacio Montoya Carlotto<\/strong> y el <strong>m\u00e1ster<\/strong> por Gast\u00f3n Gauna, <strong>Nido Records, Tandil.<\/strong> El <strong>arte de tapa<\/strong> fue hecho por <strong>Celeste Madue\u00f1a.<\/strong><\/p>\n<p>&nbsp;<\/p>\n<p>El disco <strong>ya se encuentra disponible en la plataforma Spotify<\/strong> y lo pueden escuchar en el siguiente link:\u00a0<a href=\"https:\/\/open.spotify.com\/album\/26h0ZnyGEs6uhEKjByOMi1?si=Q04JYA6-SqSj1HB22IzJlw&amp;dl_branch=1&amp;nd=1\" target=\"_blank\" rel=\"noopener\">https:\/\/open.spotify.com\/album\/26h0ZnyGEs6uhEKjByOMi1?si=Q04JYA6-SqSj1HB22IzJlw&amp;dl_branch=1&amp;nd=1<\/a><\/p>\n<p>&nbsp;<\/p>\n<p>&nbsp;<\/p>\n<p>&nbsp;<\/p>\n<p>&nbsp;<\/p>\n","protected":false},"excerpt":{"rendered":"<p>Se trata de su nuevo disco el cual ser\u00e1 presentado este viernes 8 de octubre a las 19:00 en el<\/p>\n","protected":false},"author":6,"featured_media":34651,"comment_status":"closed","ping_status":"closed","sticky":false,"template":"","format":"standard","meta":{"_jetpack_memberships_contains_paid_content":false,"footnotes":""},"categories":[9,1],"tags":[],"class_list":["post-34641","post","type-post","status-publish","format-standard","has-post-thumbnail","hentry","category-cultura","category-portada"],"jetpack_featured_media_url":"https:\/\/i0.wp.com\/cdnoticias.com\/wp-content\/uploads\/2021\/10\/coplasalazar.png?fit=1080%2C1080&ssl=1","jetpack_sharing_enabled":true,"_links":{"self":[{"href":"https:\/\/cdnoticias.com\/index.php\/wp-json\/wp\/v2\/posts\/34641","targetHints":{"allow":["GET"]}}],"collection":[{"href":"https:\/\/cdnoticias.com\/index.php\/wp-json\/wp\/v2\/posts"}],"about":[{"href":"https:\/\/cdnoticias.com\/index.php\/wp-json\/wp\/v2\/types\/post"}],"author":[{"embeddable":true,"href":"https:\/\/cdnoticias.com\/index.php\/wp-json\/wp\/v2\/users\/6"}],"replies":[{"embeddable":true,"href":"https:\/\/cdnoticias.com\/index.php\/wp-json\/wp\/v2\/comments?post=34641"}],"version-history":[{"count":0,"href":"https:\/\/cdnoticias.com\/index.php\/wp-json\/wp\/v2\/posts\/34641\/revisions"}],"wp:featuredmedia":[{"embeddable":true,"href":"https:\/\/cdnoticias.com\/index.php\/wp-json\/wp\/v2\/media\/34651"}],"wp:attachment":[{"href":"https:\/\/cdnoticias.com\/index.php\/wp-json\/wp\/v2\/media?parent=34641"}],"wp:term":[{"taxonomy":"category","embeddable":true,"href":"https:\/\/cdnoticias.com\/index.php\/wp-json\/wp\/v2\/categories?post=34641"},{"taxonomy":"post_tag","embeddable":true,"href":"https:\/\/cdnoticias.com\/index.php\/wp-json\/wp\/v2\/tags?post=34641"}],"curies":[{"name":"wp","href":"https:\/\/api.w.org\/{rel}","templated":true}]}}