{"id":34603,"date":"2021-10-03T20:50:52","date_gmt":"2021-10-03T23:50:52","guid":{"rendered":"http:\/\/www.centraldenoticias.com.ar\/?p=34603"},"modified":"2021-10-04T09:03:07","modified_gmt":"2021-10-04T12:03:07","slug":"el-hombre-fallecido-en-la-via-publica-integraba-la-orquesta-muyinga","status":"publish","type":"post","link":"https:\/\/cdnoticias.com\/index.php\/2021\/10\/03\/el-hombre-fallecido-en-la-via-publica-integraba-la-orquesta-muyinga\/","title":{"rendered":"El hombre fallecido en la v\u00eda p\u00fablica integraba la Orquesta Muyinga"},"content":{"rendered":"<p>El\u00a0 hecho se registr\u00f3 fuera del Club La Esperanza. Dieron a conocer oficialmente la identidad.\u00a0<!--more--><\/p>\n<hr \/>\n<p>Tras el <a href=\"https:\/\/cdnoticias.com\/index.php\/2021\/10\/03\/investigan-las-causas-de-la-muerte-de-un-hombre-frente-al-club-la-esperanza\/\" target=\"_blank\" rel=\"noopener\">lamentable fallecimiento de un hombre en la v\u00eda p\u00fablica en la tarde del domingo en la vereda del club La Esperanza<\/a>, <strong>se di\u00f3 a conocer su identidad: era uno de los integrantes de la Orquesta Muyinga.<\/strong><\/p>\n<p>&nbsp;<\/p>\n<blockquote><p>Se trata de Carlos Germ\u00e1n Saavedra, de 50 a\u00f1os, quien se desempe\u00f1aba como percusionista de la reconocida banda local.<\/p><\/blockquote>\n<p>&nbsp;<\/p>\n<p>Hubo un <strong>hondo pesar por la noticia en el \u00e1mbito cultural local<\/strong>, dado que era un reconocido artista querido por sus colegas y compa\u00f1eros.<\/p>\n<p>&nbsp;<\/p>\n<p>Cabe recordar que <strong>el hecho se registr\u00f3 cerca de las 15 horas en Col\u00f3n a metros de Ituzaing\u00f3<\/strong>, en la vereda de la sede del club La Esperanza.<\/p>\n<p>&nbsp;<\/p>\n<p>Personal policial y de salud acudieron al lugar de forma urgente tras ser notificados de la descompensaci\u00f3n, en la v\u00eda p\u00fablica, de un hombre. Al llegar al lugar, constataron su fallecimiento.<\/p>\n<p>&nbsp;<\/p>\n<p>Se labraron actuaciones por<em> &#8220;averiguaci\u00f3n de causales de muerte&#8221;.<\/em><\/p>\n","protected":false},"excerpt":{"rendered":"<p>El\u00a0 hecho se registr\u00f3 fuera del Club La Esperanza. Dieron a conocer oficialmente la identidad.\u00a0<\/p>\n","protected":false},"author":2,"featured_media":34587,"comment_status":"closed","ping_status":"closed","sticky":false,"template":"","format":"standard","meta":{"_jetpack_memberships_contains_paid_content":false,"footnotes":""},"categories":[14,1],"tags":[],"class_list":["post-34603","post","type-post","status-publish","format-standard","has-post-thumbnail","hentry","category-policiales","category-portada"],"jetpack_featured_media_url":"https:\/\/i0.wp.com\/cdnoticias.com\/wp-content\/uploads\/2021\/10\/WhatsApp-Image-2021-10-03-at-16.04.34.jpeg?fit=1599%2C1200&ssl=1","jetpack_sharing_enabled":true,"_links":{"self":[{"href":"https:\/\/cdnoticias.com\/index.php\/wp-json\/wp\/v2\/posts\/34603","targetHints":{"allow":["GET"]}}],"collection":[{"href":"https:\/\/cdnoticias.com\/index.php\/wp-json\/wp\/v2\/posts"}],"about":[{"href":"https:\/\/cdnoticias.com\/index.php\/wp-json\/wp\/v2\/types\/post"}],"author":[{"embeddable":true,"href":"https:\/\/cdnoticias.com\/index.php\/wp-json\/wp\/v2\/users\/2"}],"replies":[{"embeddable":true,"href":"https:\/\/cdnoticias.com\/index.php\/wp-json\/wp\/v2\/comments?post=34603"}],"version-history":[{"count":0,"href":"https:\/\/cdnoticias.com\/index.php\/wp-json\/wp\/v2\/posts\/34603\/revisions"}],"wp:featuredmedia":[{"embeddable":true,"href":"https:\/\/cdnoticias.com\/index.php\/wp-json\/wp\/v2\/media\/34587"}],"wp:attachment":[{"href":"https:\/\/cdnoticias.com\/index.php\/wp-json\/wp\/v2\/media?parent=34603"}],"wp:term":[{"taxonomy":"category","embeddable":true,"href":"https:\/\/cdnoticias.com\/index.php\/wp-json\/wp\/v2\/categories?post=34603"},{"taxonomy":"post_tag","embeddable":true,"href":"https:\/\/cdnoticias.com\/index.php\/wp-json\/wp\/v2\/tags?post=34603"}],"curies":[{"name":"wp","href":"https:\/\/api.w.org\/{rel}","templated":true}]}}