{"id":34593,"date":"2021-10-03T18:10:04","date_gmt":"2021-10-03T21:10:04","guid":{"rendered":"http:\/\/www.centraldenoticias.com.ar\/?p=34593"},"modified":"2021-10-03T18:12:14","modified_gmt":"2021-10-03T21:12:14","slug":"vuelta-del-publico-a-las-canchas-kicillof-asistio-al-partido-de-gimnasia","status":"publish","type":"post","link":"https:\/\/cdnoticias.com\/index.php\/2021\/10\/03\/vuelta-del-publico-a-las-canchas-kicillof-asistio-al-partido-de-gimnasia\/","title":{"rendered":"Vuelta del p\u00fablico a las canchas: Kicillof asisti\u00f3 al partido de Gimnasia"},"content":{"rendered":"<p>El gobernador valor\u00f3 el regreso de \u201cuna fiesta familiar y popular\u201d. Adelant\u00f3 que \u201ccontinuaremos avanzando con aperturas y flexibilizaciones mientras las condiciones epidemiol\u00f3gicas lo permitan\u201d.\u00a0<!--more--><\/p>\n<hr \/>\n<p>El gobernador de la provincia de Buenos Aires, <strong>Axel Kicillof, asisti\u00f3 este domingo al partido disputado entre Gimnasia y Esgrima La Plata y Sarmiento de Jun\u00edn en el Estadio \u00danico Diego Armando Maradona.<\/strong><\/p>\n<p>&nbsp;<\/p>\n<p>Estuvo acompa\u00f1ado por el jefe de Gabinete de Ministros, Mart\u00edn Insaurralde, el jefe de Asesores, Carlos Bianco, y el subsecretario de Deportes, Javier Lovera. Tambi\u00e9n estuvo presente en el encuentro del titular de Aprevide, Gustavo G\u00f3mez.<\/p>\n<p>&nbsp;<\/p>\n<p><img data-recalc-dims=\"1\" loading=\"lazy\" decoding=\"async\" class=\"alignnone size-full wp-image-34594\" src=\"https:\/\/i0.wp.com\/cdnoticias.com\/wp-content\/uploads\/2021\/10\/SGE_4871-01.jpeg?resize=800%2C672&#038;ssl=1\" alt=\"\" width=\"800\" height=\"672\" srcset=\"https:\/\/i0.wp.com\/cdnoticias.com\/wp-content\/uploads\/2021\/10\/SGE_4871-01.jpeg?w=3573&amp;ssl=1 3573w, https:\/\/i0.wp.com\/cdnoticias.com\/wp-content\/uploads\/2021\/10\/SGE_4871-01.jpeg?resize=300%2C252&amp;ssl=1 300w, https:\/\/i0.wp.com\/cdnoticias.com\/wp-content\/uploads\/2021\/10\/SGE_4871-01.jpeg?resize=768%2C645&amp;ssl=1 768w, https:\/\/i0.wp.com\/cdnoticias.com\/wp-content\/uploads\/2021\/10\/SGE_4871-01.jpeg?resize=1024%2C861&amp;ssl=1 1024w, https:\/\/i0.wp.com\/cdnoticias.com\/wp-content\/uploads\/2021\/10\/SGE_4871-01.jpeg?w=1600&amp;ssl=1 1600w, https:\/\/i0.wp.com\/cdnoticias.com\/wp-content\/uploads\/2021\/10\/SGE_4871-01.jpeg?w=2400&amp;ssl=1 2400w\" sizes=\"auto, (max-width: 800px) 100vw, 800px\" \/><\/p>\n<p>&nbsp;<\/p>\n<p>El encuentro fue el primero realizado en el estadio provincial en el marco del <strong>regreso del p\u00fablico a los partidos de f\u00fatbol profesional con un aforo del 50%, en funci\u00f3n de las nuevas flexibilizaciones implementadas por el Gobierno Nacional gracias al avance de la vacunaci\u00f3n y la baja sostenida de casos de Covid-19.<\/strong><\/p>\n<p>&nbsp;<\/p>\n<p><img data-recalc-dims=\"1\" loading=\"lazy\" decoding=\"async\" class=\"alignnone size-full wp-image-34595\" src=\"https:\/\/i0.wp.com\/cdnoticias.com\/wp-content\/uploads\/2021\/10\/SGE_4970-01.jpeg?resize=800%2C614&#038;ssl=1\" alt=\"\" width=\"800\" height=\"614\" srcset=\"https:\/\/i0.wp.com\/cdnoticias.com\/wp-content\/uploads\/2021\/10\/SGE_4970-01.jpeg?w=3380&amp;ssl=1 3380w, https:\/\/i0.wp.com\/cdnoticias.com\/wp-content\/uploads\/2021\/10\/SGE_4970-01.jpeg?resize=300%2C230&amp;ssl=1 300w, https:\/\/i0.wp.com\/cdnoticias.com\/wp-content\/uploads\/2021\/10\/SGE_4970-01.jpeg?resize=768%2C589&amp;ssl=1 768w, https:\/\/i0.wp.com\/cdnoticias.com\/wp-content\/uploads\/2021\/10\/SGE_4970-01.jpeg?resize=1024%2C786&amp;ssl=1 1024w, https:\/\/i0.wp.com\/cdnoticias.com\/wp-content\/uploads\/2021\/10\/SGE_4970-01.jpeg?w=1600&amp;ssl=1 1600w, https:\/\/i0.wp.com\/cdnoticias.com\/wp-content\/uploads\/2021\/10\/SGE_4970-01.jpeg?w=2400&amp;ssl=1 2400w\" sizes=\"auto, (max-width: 800px) 100vw, 800px\" \/><\/p>\n<p>&nbsp;<\/p>\n<p><em>\u201cQueremos que todos los y las bonaerenses vuelvan a disfrutar de estos encuentros y que el f\u00fatbol vuelva a ser una fiesta familiar y popular. Por eso, entre todos vamos a cuidar con responsabilidad cada actividad que recuperamos y continuaremos avanzando con aperturas y flexibilizaciones en la medida que las condiciones epidemiol\u00f3gicas lo sigan permitiendo\u201d<\/em>, sintetiz\u00f3 el Gobernador.<\/p>\n","protected":false},"excerpt":{"rendered":"<p>El gobernador valor\u00f3 el regreso de \u201cuna fiesta familiar y popular\u201d. Adelant\u00f3 que \u201ccontinuaremos avanzando con aperturas y flexibilizaciones mientras<\/p>\n","protected":false},"author":5,"featured_media":34596,"comment_status":"closed","ping_status":"closed","sticky":false,"template":"","format":"standard","meta":{"_jetpack_memberships_contains_paid_content":false,"footnotes":""},"categories":[6,1],"tags":[],"class_list":["post-34593","post","type-post","status-publish","format-standard","has-post-thumbnail","hentry","category-nacionales","category-portada"],"jetpack_featured_media_url":"https:\/\/i0.wp.com\/cdnoticias.com\/wp-content\/uploads\/2021\/10\/SGE_4906-01.jpeg?fit=3999%2C2662&ssl=1","jetpack_sharing_enabled":true,"_links":{"self":[{"href":"https:\/\/cdnoticias.com\/index.php\/wp-json\/wp\/v2\/posts\/34593","targetHints":{"allow":["GET"]}}],"collection":[{"href":"https:\/\/cdnoticias.com\/index.php\/wp-json\/wp\/v2\/posts"}],"about":[{"href":"https:\/\/cdnoticias.com\/index.php\/wp-json\/wp\/v2\/types\/post"}],"author":[{"embeddable":true,"href":"https:\/\/cdnoticias.com\/index.php\/wp-json\/wp\/v2\/users\/5"}],"replies":[{"embeddable":true,"href":"https:\/\/cdnoticias.com\/index.php\/wp-json\/wp\/v2\/comments?post=34593"}],"version-history":[{"count":0,"href":"https:\/\/cdnoticias.com\/index.php\/wp-json\/wp\/v2\/posts\/34593\/revisions"}],"wp:featuredmedia":[{"embeddable":true,"href":"https:\/\/cdnoticias.com\/index.php\/wp-json\/wp\/v2\/media\/34596"}],"wp:attachment":[{"href":"https:\/\/cdnoticias.com\/index.php\/wp-json\/wp\/v2\/media?parent=34593"}],"wp:term":[{"taxonomy":"category","embeddable":true,"href":"https:\/\/cdnoticias.com\/index.php\/wp-json\/wp\/v2\/categories?post=34593"},{"taxonomy":"post_tag","embeddable":true,"href":"https:\/\/cdnoticias.com\/index.php\/wp-json\/wp\/v2\/tags?post=34593"}],"curies":[{"name":"wp","href":"https:\/\/api.w.org\/{rel}","templated":true}]}}