{"id":34591,"date":"2021-10-03T17:57:31","date_gmt":"2021-10-03T20:57:31","guid":{"rendered":"http:\/\/www.centraldenoticias.com.ar\/?p=34591"},"modified":"2021-10-03T17:57:31","modified_gmt":"2021-10-03T20:57:31","slug":"crecieron-las-ventas-en-comercios-minoristas-un-157-en-el-interanual","status":"publish","type":"post","link":"https:\/\/cdnoticias.com\/index.php\/2021\/10\/03\/crecieron-las-ventas-en-comercios-minoristas-un-157-en-el-interanual\/","title":{"rendered":"Crecieron las ventas en comercios minoristas un 15,7% en el interanual"},"content":{"rendered":"<p>As\u00ed lo inform\u00f3 la Confederaci\u00f3n Argentina de la Mediana Empresa (CAME) en un informe que mostr\u00f3 una ca\u00edda mensual del 0,5%, pero un fuerte incremento comparado con 2020.\u00a0<!--more--><\/p>\n<hr \/>\n<p>La Confederaci\u00f3n Argentina de la Mediana Empresa (CAME) inform\u00f3 que<strong> las ventas en comercios minoristas registraron una ca\u00edda del 0,5% en septiembre con respecto al mes anterior, aunque crecieron un 15,7% en relaci\u00f3n al mismo periodo del 2020.<\/strong><\/p>\n<p>&nbsp;<\/p>\n<p><em>\u201cLas ventas minoristas pymes a precios constantes tuvieron una ca\u00edda mensual de 0,5% en septiembre, pero subieron 15,7% frente al mismo mes del a\u00f1o pasado y 54% de las empresas consultadas sostuvo que su situaci\u00f3n actual es buena, con perspectivas positivas a futuro\u201d<\/em>, indicaron desde la Confederaci\u00f3n.<\/p>\n<p>&nbsp;<\/p>\n<p>CAME calific\u00f3 a septiembre como \u201cun mes at\u00edpico\u201d ya que<strong><em> \u201clas estacionales habituales de cada sector quedaron mezcladas por la normalizaci\u00f3n del ciclo escolar en casi todo el pa\u00eds, por la reapertura de clubes, gimnasios, la habilitaci\u00f3n de eventos, el levantamiento de las restricciones para circular, y por la concreci\u00f3n de compras que ven\u00edan frenadas\u201d.<\/em><\/strong><\/p>\n<p>&nbsp;<\/p>\n<blockquote><p>\u201cLos comercios se movieron con altibajos, con momentos de alto flujo de gente y otros, donde los compradores desaparec\u00edan del mercado. Sobre fin de septiembre se sinti\u00f3 la falta de efectivo, pero el balance general mostr\u00f3 una econom\u00eda que va encontrando su recuperaci\u00f3n\u201d, aseguraron.<\/p><\/blockquote>\n<p>&nbsp;<\/p>\n<p>En relaci\u00f3n a agosto,<strong> las mayores bajas se dieron en \u201cElectrodom\u00e9sticos, electr\u00f3nicos, computaci\u00f3n, celulares y accesorios\u201d (-7,9%)<\/strong> y \u201cJugueter\u00edas y librer\u00edas\u201d (-6,8%), mientras que hubo fuertes aumentos en \u201cIndumentaria, lencer\u00eda y accesorios\u201d (+3,9%) y \u201cAlimentos y bebidas\u201d (+3,3%).<\/p>\n<p>&nbsp;<\/p>\n<p>En tanto, en la comparaci\u00f3n interanual,<strong> los crecimientos m\u00e1s grandes se dieron en \u201cRopa y art\u00edculos deportivos y de recreaci\u00f3n\u201d (+69,5%)<\/strong> y \u201cJugueter\u00edas y librer\u00edas\u201d (+65,5%). \u201cSolo cayeron dos rubros de los 11 relevados: \u2018Farmacias\u2019 (-8,6%) y \u2018Neum\u00e1ticos y repuestos de autos y motos\u2019 (-1,0%)\u201d, se\u00f1al\u00f3 CAME.<\/p>\n<p>&nbsp;<\/p>\n<p>El informe tambi\u00e9n advierte que<em> \u201cen los nueve meses del a\u00f1o las ventas acumulan un alza de 14,0% frente a iguales meses de 2020 aunque se mantienen 10,3% debajo de iguales meses de 2019\u201d.<\/em><\/p>\n","protected":false},"excerpt":{"rendered":"<p>As\u00ed lo inform\u00f3 la Confederaci\u00f3n Argentina de la Mediana Empresa (CAME) en un informe que mostr\u00f3 una ca\u00edda mensual del<\/p>\n","protected":false},"author":5,"featured_media":6654,"comment_status":"closed","ping_status":"closed","sticky":false,"template":"","format":"standard","meta":{"_jetpack_memberships_contains_paid_content":false,"footnotes":""},"categories":[6,1],"tags":[],"class_list":["post-34591","post","type-post","status-publish","format-standard","has-post-thumbnail","hentry","category-nacionales","category-portada"],"jetpack_featured_media_url":"https:\/\/i0.wp.com\/cdnoticias.com\/wp-content\/uploads\/2020\/11\/comercios.jpg?fit=4608%2C3072&ssl=1","jetpack_sharing_enabled":true,"_links":{"self":[{"href":"https:\/\/cdnoticias.com\/index.php\/wp-json\/wp\/v2\/posts\/34591","targetHints":{"allow":["GET"]}}],"collection":[{"href":"https:\/\/cdnoticias.com\/index.php\/wp-json\/wp\/v2\/posts"}],"about":[{"href":"https:\/\/cdnoticias.com\/index.php\/wp-json\/wp\/v2\/types\/post"}],"author":[{"embeddable":true,"href":"https:\/\/cdnoticias.com\/index.php\/wp-json\/wp\/v2\/users\/5"}],"replies":[{"embeddable":true,"href":"https:\/\/cdnoticias.com\/index.php\/wp-json\/wp\/v2\/comments?post=34591"}],"version-history":[{"count":0,"href":"https:\/\/cdnoticias.com\/index.php\/wp-json\/wp\/v2\/posts\/34591\/revisions"}],"wp:featuredmedia":[{"embeddable":true,"href":"https:\/\/cdnoticias.com\/index.php\/wp-json\/wp\/v2\/media\/6654"}],"wp:attachment":[{"href":"https:\/\/cdnoticias.com\/index.php\/wp-json\/wp\/v2\/media?parent=34591"}],"wp:term":[{"taxonomy":"category","embeddable":true,"href":"https:\/\/cdnoticias.com\/index.php\/wp-json\/wp\/v2\/categories?post=34591"},{"taxonomy":"post_tag","embeddable":true,"href":"https:\/\/cdnoticias.com\/index.php\/wp-json\/wp\/v2\/tags?post=34591"}],"curies":[{"name":"wp","href":"https:\/\/api.w.org\/{rel}","templated":true}]}}