{"id":34561,"date":"2021-10-02T19:37:13","date_gmt":"2021-10-02T22:37:13","guid":{"rendered":"http:\/\/www.centraldenoticias.com.ar\/?p=34561"},"modified":"2021-10-02T20:07:26","modified_gmt":"2021-10-02T23:07:26","slug":"seguiremos-militando-con-amor-y-pasion-en-cada-barrio-de-la-ciudad","status":"publish","type":"post","link":"https:\/\/cdnoticias.com\/index.php\/2021\/10\/02\/seguiremos-militando-con-amor-y-pasion-en-cada-barrio-de-la-ciudad\/","title":{"rendered":"\u201cSeguiremos militando con amor y pasi\u00f3n en cada barrio de la ciudad\u201d"},"content":{"rendered":"<p>La C\u00e1mpora realiz\u00f3 un importante plenario con un centenar de asistentes. Indicaron que seguir\u00e1n \u201cabrazando a la pol\u00edtica como la \u00fanica herramienta capaz de transformar la realidad\u201d.\u00a0<!--more--><\/p>\n<hr \/>\n<p>Dirigentes y militantes de<strong> La C\u00e1mpora de Olavarr\u00eda realizaron un importante plenario en el que participaron m\u00e1s de 100 personas nucleados en diferentes frentes<\/strong>: ambiental, territorio, Mujeres e igualdad de g\u00e9nero, adultos mayores y juventudes.<\/p>\n<p>&nbsp;<\/p>\n<p><img data-recalc-dims=\"1\" loading=\"lazy\" decoding=\"async\" class=\"alignnone size-large wp-image-34565\" src=\"https:\/\/i0.wp.com\/cdnoticias.com\/wp-content\/uploads\/2021\/10\/la-campora-plenario3.jpg?resize=800%2C488&#038;ssl=1\" alt=\"\" width=\"800\" height=\"488\" srcset=\"https:\/\/i0.wp.com\/cdnoticias.com\/wp-content\/uploads\/2021\/10\/la-campora-plenario3.jpg?resize=1024%2C624&amp;ssl=1 1024w, https:\/\/i0.wp.com\/cdnoticias.com\/wp-content\/uploads\/2021\/10\/la-campora-plenario3.jpg?resize=300%2C183&amp;ssl=1 300w, https:\/\/i0.wp.com\/cdnoticias.com\/wp-content\/uploads\/2021\/10\/la-campora-plenario3.jpg?resize=768%2C468&amp;ssl=1 768w, https:\/\/i0.wp.com\/cdnoticias.com\/wp-content\/uploads\/2021\/10\/la-campora-plenario3.jpg?w=1080&amp;ssl=1 1080w\" sizes=\"auto, (max-width: 800px) 100vw, 800px\" \/><\/p>\n<p>&nbsp;<\/p>\n<blockquote><p>El encuentro estuvo encabezado por el diputado provincial C\u00e9sar Valicenti, el subsecretario de Miner\u00eda Federico Aguilera y la concejala Mercedes Land\u00edvar.<\/p><\/blockquote>\n<p>&nbsp;<\/p>\n<p>El objetivo fue agradecer y felicitar <em>\u201ca cada compa\u00f1erx por su dedicaci\u00f3n, compromiso y tiempo y bajo las premisas de organizaci\u00f3n, construcci\u00f3n pol\u00edtica y solidaridad\u201d.<\/em><\/p>\n<p>&nbsp;<\/p>\n<p><img data-recalc-dims=\"1\" loading=\"lazy\" decoding=\"async\" class=\"alignnone size-large wp-image-34564\" src=\"https:\/\/i0.wp.com\/cdnoticias.com\/wp-content\/uploads\/2021\/10\/la-campora-plenario2.jpg?resize=800%2C530&#038;ssl=1\" alt=\"\" width=\"800\" height=\"530\" srcset=\"https:\/\/i0.wp.com\/cdnoticias.com\/wp-content\/uploads\/2021\/10\/la-campora-plenario2.jpg?resize=1024%2C678&amp;ssl=1 1024w, https:\/\/i0.wp.com\/cdnoticias.com\/wp-content\/uploads\/2021\/10\/la-campora-plenario2.jpg?resize=300%2C199&amp;ssl=1 300w, https:\/\/i0.wp.com\/cdnoticias.com\/wp-content\/uploads\/2021\/10\/la-campora-plenario2.jpg?resize=768%2C508&amp;ssl=1 768w, https:\/\/i0.wp.com\/cdnoticias.com\/wp-content\/uploads\/2021\/10\/la-campora-plenario2.jpg?w=1080&amp;ssl=1 1080w\" sizes=\"auto, (max-width: 800px) 100vw, 800px\" \/><\/p>\n<p>&nbsp;<\/p>\n<p>En este sentido, dejaron en claro que<strong><em> \u201cseguiremos como lo hacemos desde hace 10 a\u00f1os en Olavarr\u00eda, militando con amor y pasi\u00f3n en cada barrio de la ciudad, siempre tendiendo una mano a quien lo necesite y abrazando a la pol\u00edtica como la \u00fanica herramienta capaz de transformar la realidad\u201d.<\/em><\/strong><\/p>\n","protected":false},"excerpt":{"rendered":"<p>La C\u00e1mpora realiz\u00f3 un importante plenario con un centenar de asistentes. Indicaron que seguir\u00e1n \u201cabrazando a la pol\u00edtica como la<\/p>\n","protected":false},"author":2,"featured_media":34562,"comment_status":"closed","ping_status":"closed","sticky":false,"template":"","format":"standard","meta":{"_jetpack_memberships_contains_paid_content":false,"footnotes":""},"categories":[4,1],"tags":[],"class_list":["post-34561","post","type-post","status-publish","format-standard","has-post-thumbnail","hentry","category-politica","category-portada"],"jetpack_featured_media_url":"https:\/\/i0.wp.com\/cdnoticias.com\/wp-content\/uploads\/2021\/10\/la-campora-plenario.jpg?fit=1080%2C626&ssl=1","jetpack_sharing_enabled":true,"_links":{"self":[{"href":"https:\/\/cdnoticias.com\/index.php\/wp-json\/wp\/v2\/posts\/34561","targetHints":{"allow":["GET"]}}],"collection":[{"href":"https:\/\/cdnoticias.com\/index.php\/wp-json\/wp\/v2\/posts"}],"about":[{"href":"https:\/\/cdnoticias.com\/index.php\/wp-json\/wp\/v2\/types\/post"}],"author":[{"embeddable":true,"href":"https:\/\/cdnoticias.com\/index.php\/wp-json\/wp\/v2\/users\/2"}],"replies":[{"embeddable":true,"href":"https:\/\/cdnoticias.com\/index.php\/wp-json\/wp\/v2\/comments?post=34561"}],"version-history":[{"count":0,"href":"https:\/\/cdnoticias.com\/index.php\/wp-json\/wp\/v2\/posts\/34561\/revisions"}],"wp:featuredmedia":[{"embeddable":true,"href":"https:\/\/cdnoticias.com\/index.php\/wp-json\/wp\/v2\/media\/34562"}],"wp:attachment":[{"href":"https:\/\/cdnoticias.com\/index.php\/wp-json\/wp\/v2\/media?parent=34561"}],"wp:term":[{"taxonomy":"category","embeddable":true,"href":"https:\/\/cdnoticias.com\/index.php\/wp-json\/wp\/v2\/categories?post=34561"},{"taxonomy":"post_tag","embeddable":true,"href":"https:\/\/cdnoticias.com\/index.php\/wp-json\/wp\/v2\/tags?post=34561"}],"curies":[{"name":"wp","href":"https:\/\/api.w.org\/{rel}","templated":true}]}}