{"id":34551,"date":"2021-10-02T18:08:20","date_gmt":"2021-10-02T21:08:20","guid":{"rendered":"http:\/\/www.centraldenoticias.com.ar\/?p=34551"},"modified":"2021-10-02T18:12:11","modified_gmt":"2021-10-02T21:12:11","slug":"esta-transitando-quizas-la-ultima-etapa-de-la-pandemia","status":"publish","type":"post","link":"https:\/\/cdnoticias.com\/index.php\/2021\/10\/02\/esta-transitando-quizas-la-ultima-etapa-de-la-pandemia\/","title":{"rendered":"\u201cEst\u00e1 transitando quiz\u00e1s la \u00faltima etapa de la pandemia\u201d"},"content":{"rendered":"<p>El Jefe de Gabinete, Juan Manzur, destac\u00f3 que con las nuevas flexibilizaciones el final de la pandemia est\u00e1 cerca: \u201cel pa\u00eds est\u00e1 recobrando la esperanza en un futuro mejor\u201d.\u00a0<!--more--><\/p>\n<hr \/>\n<p>El jefe de Gabinete, <strong>Juan Manzur, consider\u00f3 que la Argentina <em>\u201cest\u00e1 transitando quiz\u00e1s la \u00faltima etapa de la pandemia\u201d<\/em> de coronavirus.<\/strong> El funcionario estuvo en una visita en el parque Tecn\u00f3polis, donde consider\u00f3 que el pa\u00eds est\u00e1 <em>\u201crecobrando la esperanza en un futuro mejor\u201d.<\/em><\/p>\n<p>&nbsp;<\/p>\n<blockquote><p>\u201cEstamos transitando quiz\u00e1s lo que es la \u00faltima etapa de esta tragedia que nos toc\u00f3 vivir, la pandemia\u201d, afirm\u00f3 el jefe de Gabinete en el acto de reapertura del emblem\u00e1tico predio en Vicente L\u00f3pez.<\/p><\/blockquote>\n<p>&nbsp;<\/p>\n<p>Manzur asever\u00f3 que <em>\u201cac\u00e1 estamos de nuevo firmes y convencidos de que tenemos que ir por la cultura, la danza, el arte, la ciencia, la educaci\u00f3n; estamos convencidos de que el camino es ese\u201d.<\/em><\/p>\n<p>&nbsp;<\/p>\n<p><strong><em>\u201cSi nos preguntan que sentimos, el mensaje es uno solo, recobramos la esperanza de un futuro mejor, a partir de esto que es un s\u00edmbolo de la Argentina tecnol\u00f3gica, es lo que buscamos y hacia donde vamos\u201d<\/em><\/strong>, sostuvo el funcionario, quien estuvo junto a los ministros de Educaci\u00f3n, Jaime Perzcyk; de Ciencia y Tecnolog\u00eda, Daniel Filmus; de Cultura, Trist\u00e1n Bauer y la directora de Tecn\u00f3polis, Mar\u00eda Rosenfeldt.<\/p>\n<p>&nbsp;<\/p>\n<p>A pesar del optimismo, el jefe de Gabinete pidi\u00f3 mantener los cuidados sanitarios al considerar que en breve <em>\u201cse podr\u00e1 empezar de a poquito a flexibilizar\u201d<\/em> las restricciones.<\/p>\n<p>&nbsp;<\/p>\n<p><em>\u201cNuestro gobierno hizo todo que lo est\u00e1 a su alcance para que hoy tengamos estas herramientas, que se llaman vacunas para empezar a resolver la pandemia\u201d<\/em>, agreg\u00f3 el funcionario, quien consider\u00f3 que <strong><em>\u201csi algo no puede ser el Estado es ser desertor\u201d.<\/em><\/strong><\/p>\n<p>&nbsp;<\/p>\n<p>En relaci\u00f3n a las pol\u00edticas sectoriales, destac\u00f3 qu<strong><em>e \u201cen plena crisis y plena pandemia vamos a cuadriplicar las inversiones en ciencia y tecnolog\u00eda\u201d.<\/em><\/strong><\/p>\n<p>&nbsp;<\/p>\n<p><em>\u201cSomos un equipo de trabajo que tenemos esta enorme responsabilidad en este momento muy dif\u00edcil de seguir adelante, con nuestros sue\u00f1os y nuestros ideales intactos; esto es lo que representa Tecn\u00f3polis\u201d<\/em>, afirm\u00f3.<\/p>\n<p>&nbsp;<\/p>\n<p><em>(Con informaci\u00f3n de DIB)<\/em><\/p>\n","protected":false},"excerpt":{"rendered":"<p>El Jefe de Gabinete, Juan Manzur, destac\u00f3 que con las nuevas flexibilizaciones el final de la pandemia est\u00e1 cerca: \u201cel<\/p>\n","protected":false},"author":2,"featured_media":34553,"comment_status":"closed","ping_status":"closed","sticky":false,"template":"","format":"standard","meta":{"_jetpack_memberships_contains_paid_content":false,"footnotes":""},"categories":[6,1],"tags":[],"class_list":["post-34551","post","type-post","status-publish","format-standard","has-post-thumbnail","hentry","category-nacionales","category-portada"],"jetpack_featured_media_url":"https:\/\/i0.wp.com\/cdnoticias.com\/wp-content\/uploads\/2021\/10\/Manzur-696x464.jpg?fit=696%2C464&ssl=1","jetpack_sharing_enabled":true,"_links":{"self":[{"href":"https:\/\/cdnoticias.com\/index.php\/wp-json\/wp\/v2\/posts\/34551","targetHints":{"allow":["GET"]}}],"collection":[{"href":"https:\/\/cdnoticias.com\/index.php\/wp-json\/wp\/v2\/posts"}],"about":[{"href":"https:\/\/cdnoticias.com\/index.php\/wp-json\/wp\/v2\/types\/post"}],"author":[{"embeddable":true,"href":"https:\/\/cdnoticias.com\/index.php\/wp-json\/wp\/v2\/users\/2"}],"replies":[{"embeddable":true,"href":"https:\/\/cdnoticias.com\/index.php\/wp-json\/wp\/v2\/comments?post=34551"}],"version-history":[{"count":0,"href":"https:\/\/cdnoticias.com\/index.php\/wp-json\/wp\/v2\/posts\/34551\/revisions"}],"wp:featuredmedia":[{"embeddable":true,"href":"https:\/\/cdnoticias.com\/index.php\/wp-json\/wp\/v2\/media\/34553"}],"wp:attachment":[{"href":"https:\/\/cdnoticias.com\/index.php\/wp-json\/wp\/v2\/media?parent=34551"}],"wp:term":[{"taxonomy":"category","embeddable":true,"href":"https:\/\/cdnoticias.com\/index.php\/wp-json\/wp\/v2\/categories?post=34551"},{"taxonomy":"post_tag","embeddable":true,"href":"https:\/\/cdnoticias.com\/index.php\/wp-json\/wp\/v2\/tags?post=34551"}],"curies":[{"name":"wp","href":"https:\/\/api.w.org\/{rel}","templated":true}]}}