{"id":34542,"date":"2021-10-02T17:25:41","date_gmt":"2021-10-02T20:25:41","guid":{"rendered":"http:\/\/www.centraldenoticias.com.ar\/?p=34542"},"modified":"2021-10-02T17:25:41","modified_gmt":"2021-10-02T20:25:41","slug":"importante-convocatoria-en-la-jornada-provincial-de-salud-integral","status":"publish","type":"post","link":"https:\/\/cdnoticias.com\/index.php\/2021\/10\/02\/importante-convocatoria-en-la-jornada-provincial-de-salud-integral\/","title":{"rendered":"Importante convocatoria en la Jornada Provincial de Salud Integral"},"content":{"rendered":"<p>Se aplicaron 49 primeras dosis contra el COVID y se realizaron m\u00e1s 40 controles odontol\u00f3gicos.<!--more--><\/p>\n<hr \/>\n<p>Durante la ma\u00f1ana de este s\u00e1bado<strong> se llev\u00f3 a cabo en las inmediaciones de Av. Alberdi y Fassina la Jornada Provincial de Salud Integral. Los organizadores destacaron la gran aceptaci\u00f3n de la propuesta<\/strong> y el importante n\u00famero de personas que se acercaron a realizar controles y consultas.<\/p>\n<p>&nbsp;<\/p>\n<p><img data-recalc-dims=\"1\" loading=\"lazy\" decoding=\"async\" class=\"alignnone size-large wp-image-34546\" src=\"https:\/\/i0.wp.com\/cdnoticias.com\/wp-content\/uploads\/2021\/10\/WhatsApp-Image-2021-10-02-at-16.42.46.jpeg?resize=800%2C471&#038;ssl=1\" alt=\"\" width=\"800\" height=\"471\" srcset=\"https:\/\/i0.wp.com\/cdnoticias.com\/wp-content\/uploads\/2021\/10\/WhatsApp-Image-2021-10-02-at-16.42.46.jpeg?resize=1024%2C603&amp;ssl=1 1024w, https:\/\/i0.wp.com\/cdnoticias.com\/wp-content\/uploads\/2021\/10\/WhatsApp-Image-2021-10-02-at-16.42.46.jpeg?resize=300%2C177&amp;ssl=1 300w, https:\/\/i0.wp.com\/cdnoticias.com\/wp-content\/uploads\/2021\/10\/WhatsApp-Image-2021-10-02-at-16.42.46.jpeg?resize=768%2C452&amp;ssl=1 768w, https:\/\/i0.wp.com\/cdnoticias.com\/wp-content\/uploads\/2021\/10\/WhatsApp-Image-2021-10-02-at-16.42.46.jpeg?w=1280&amp;ssl=1 1280w\" sizes=\"auto, (max-width: 800px) 100vw, 800px\" \/><\/p>\n<p>Desde <strong>Regi\u00f3n Sanitaria confirmaron que 49 vecinos recibieron la primera dosis de la vacuna contra el COVID, se realizaron m\u00e1s de 40 controles odontol\u00f3gicos y alrededor de 50 consultas<\/strong> sobre asesoramiento para la prevenci\u00f3n de patolog\u00edas oncol\u00f3gicas, control de presi\u00f3n y glucemia, consejer\u00eda de salud sexual y reproductiva, nutrici\u00f3n comunitaria y el programa de celiaqu\u00eda.<\/p>\n<p>&nbsp;<\/p>\n<p><img data-recalc-dims=\"1\" loading=\"lazy\" decoding=\"async\" class=\"alignnone size-large wp-image-34547\" src=\"https:\/\/i0.wp.com\/cdnoticias.com\/wp-content\/uploads\/2021\/10\/WhatsApp-Image-2021-10-02-at-16.42.45.jpeg?resize=800%2C464&#038;ssl=1\" alt=\"\" width=\"800\" height=\"464\" srcset=\"https:\/\/i0.wp.com\/cdnoticias.com\/wp-content\/uploads\/2021\/10\/WhatsApp-Image-2021-10-02-at-16.42.45.jpeg?resize=1024%2C594&amp;ssl=1 1024w, https:\/\/i0.wp.com\/cdnoticias.com\/wp-content\/uploads\/2021\/10\/WhatsApp-Image-2021-10-02-at-16.42.45.jpeg?resize=300%2C174&amp;ssl=1 300w, https:\/\/i0.wp.com\/cdnoticias.com\/wp-content\/uploads\/2021\/10\/WhatsApp-Image-2021-10-02-at-16.42.45.jpeg?resize=768%2C446&amp;ssl=1 768w, https:\/\/i0.wp.com\/cdnoticias.com\/wp-content\/uploads\/2021\/10\/WhatsApp-Image-2021-10-02-at-16.42.45.jpeg?w=1280&amp;ssl=1 1280w\" sizes=\"auto, (max-width: 800px) 100vw, 800px\" \/><\/p>\n<p>Adem\u00e1s<strong> la jornada cont\u00f3 con un despliegue territorial donde un total de 20 personas llevaron a cabo una encuesta sociosanitaria puerta a puerta<\/strong> con el objetivo de realizar un diagn\u00f3stico de la situaci\u00f3n de salud desde la mirada de la comunidad.<\/p>\n<p>&nbsp;<\/p>\n<p><img data-recalc-dims=\"1\" loading=\"lazy\" decoding=\"async\" class=\"alignnone size-large wp-image-34545\" src=\"https:\/\/i0.wp.com\/cdnoticias.com\/wp-content\/uploads\/2021\/10\/WhatsApp-Image-2021-10-02-at-16.42.47.jpeg?resize=800%2C530&#038;ssl=1\" alt=\"\" width=\"800\" height=\"530\" srcset=\"https:\/\/i0.wp.com\/cdnoticias.com\/wp-content\/uploads\/2021\/10\/WhatsApp-Image-2021-10-02-at-16.42.47.jpeg?resize=1024%2C678&amp;ssl=1 1024w, https:\/\/i0.wp.com\/cdnoticias.com\/wp-content\/uploads\/2021\/10\/WhatsApp-Image-2021-10-02-at-16.42.47.jpeg?resize=300%2C199&amp;ssl=1 300w, https:\/\/i0.wp.com\/cdnoticias.com\/wp-content\/uploads\/2021\/10\/WhatsApp-Image-2021-10-02-at-16.42.47.jpeg?resize=768%2C508&amp;ssl=1 768w, https:\/\/i0.wp.com\/cdnoticias.com\/wp-content\/uploads\/2021\/10\/WhatsApp-Image-2021-10-02-at-16.42.47.jpeg?w=1280&amp;ssl=1 1280w\" sizes=\"auto, (max-width: 800px) 100vw, 800px\" \/><\/p>\n<p>&nbsp;<\/p>\n<p><img data-recalc-dims=\"1\" loading=\"lazy\" decoding=\"async\" class=\"alignnone size-large wp-image-34543\" src=\"https:\/\/i0.wp.com\/cdnoticias.com\/wp-content\/uploads\/2021\/10\/WhatsApp-Image-2021-10-02-at-16.42.48.jpeg?resize=800%2C427&#038;ssl=1\" alt=\"\" width=\"800\" height=\"427\" srcset=\"https:\/\/i0.wp.com\/cdnoticias.com\/wp-content\/uploads\/2021\/10\/WhatsApp-Image-2021-10-02-at-16.42.48.jpeg?resize=1024%2C546&amp;ssl=1 1024w, https:\/\/i0.wp.com\/cdnoticias.com\/wp-content\/uploads\/2021\/10\/WhatsApp-Image-2021-10-02-at-16.42.48.jpeg?resize=300%2C160&amp;ssl=1 300w, https:\/\/i0.wp.com\/cdnoticias.com\/wp-content\/uploads\/2021\/10\/WhatsApp-Image-2021-10-02-at-16.42.48.jpeg?resize=768%2C409&amp;ssl=1 768w, https:\/\/i0.wp.com\/cdnoticias.com\/wp-content\/uploads\/2021\/10\/WhatsApp-Image-2021-10-02-at-16.42.48.jpeg?w=1280&amp;ssl=1 1280w\" sizes=\"auto, (max-width: 800px) 100vw, 800px\" \/><\/p>\n<p>Del abordaje territorial participar\u00e1n integrantes de Regi\u00f3n Sanitaria IX, Hospital Provincial de Oncolog\u00eda \u201cLuciano Fortabat\u201d y el Ministerio de Desarrollo de la Comunidad de la Provincia, junto a PAMI e IOMA que atendieron diferentes consultas y tr\u00e1mites.<\/p>\n","protected":false},"excerpt":{"rendered":"<p>Se aplicaron 49 primeras dosis contra el COVID y se realizaron m\u00e1s 40 controles odontol\u00f3gicos.<\/p>\n","protected":false},"author":2,"featured_media":34544,"comment_status":"closed","ping_status":"closed","sticky":false,"template":"","format":"standard","meta":{"_jetpack_memberships_contains_paid_content":false,"footnotes":""},"categories":[5,1],"tags":[],"class_list":["post-34542","post","type-post","status-publish","format-standard","has-post-thumbnail","hentry","category-informacion-general","category-portada"],"jetpack_featured_media_url":"https:\/\/i0.wp.com\/cdnoticias.com\/wp-content\/uploads\/2021\/10\/WhatsApp-Image-2021-10-02-at-16.42.47-1.jpeg?fit=1280%2C787&ssl=1","jetpack_sharing_enabled":true,"_links":{"self":[{"href":"https:\/\/cdnoticias.com\/index.php\/wp-json\/wp\/v2\/posts\/34542","targetHints":{"allow":["GET"]}}],"collection":[{"href":"https:\/\/cdnoticias.com\/index.php\/wp-json\/wp\/v2\/posts"}],"about":[{"href":"https:\/\/cdnoticias.com\/index.php\/wp-json\/wp\/v2\/types\/post"}],"author":[{"embeddable":true,"href":"https:\/\/cdnoticias.com\/index.php\/wp-json\/wp\/v2\/users\/2"}],"replies":[{"embeddable":true,"href":"https:\/\/cdnoticias.com\/index.php\/wp-json\/wp\/v2\/comments?post=34542"}],"version-history":[{"count":0,"href":"https:\/\/cdnoticias.com\/index.php\/wp-json\/wp\/v2\/posts\/34542\/revisions"}],"wp:featuredmedia":[{"embeddable":true,"href":"https:\/\/cdnoticias.com\/index.php\/wp-json\/wp\/v2\/media\/34544"}],"wp:attachment":[{"href":"https:\/\/cdnoticias.com\/index.php\/wp-json\/wp\/v2\/media?parent=34542"}],"wp:term":[{"taxonomy":"category","embeddable":true,"href":"https:\/\/cdnoticias.com\/index.php\/wp-json\/wp\/v2\/categories?post=34542"},{"taxonomy":"post_tag","embeddable":true,"href":"https:\/\/cdnoticias.com\/index.php\/wp-json\/wp\/v2\/tags?post=34542"}],"curies":[{"name":"wp","href":"https:\/\/api.w.org\/{rel}","templated":true}]}}