{"id":34530,"date":"2021-10-02T16:18:35","date_gmt":"2021-10-02T19:18:35","guid":{"rendered":"http:\/\/www.centraldenoticias.com.ar\/?p=34530"},"modified":"2021-10-02T19:37:37","modified_gmt":"2021-10-02T22:37:37","slug":"lista-amarilla-de-coopelectric-olavarria-esta-representada-en-el-cuerpo-de-delegados","status":"publish","type":"post","link":"https:\/\/cdnoticias.com\/index.php\/2021\/10\/02\/lista-amarilla-de-coopelectric-olavarria-esta-representada-en-el-cuerpo-de-delegados\/","title":{"rendered":"Lista Amarilla de Coopelectric: \u201cOlavarr\u00eda est\u00e1 representada en el cuerpo de delegados\u201d"},"content":{"rendered":"<p>El nuevo cuerpo de delegados de la cooperativa realiz\u00f3 un encuentro para \u201ccontinuar trabajando cerca del vecino de cara a lo que viene\u201d. El balance de lo realizado y los objetivos de cara al futuro, con tres pilares propuestos por la agrupaci\u00f3n.<!--more--><\/p>\n<hr \/>\n<p>En la noche del viernes, <strong>el gimnasio del Club Atl\u00e9tico Pueblo Nuevo fue sede de un encuentro de los integrantes de la Lista Amarilla tras consagrarse, otro a\u00f1o, como gesti\u00f3n de Coopelectric<\/strong> luego de que la lista opositora no cumpliera con los requisitos para poder participar.<\/p>\n<p>&nbsp;<\/p>\n<p>Fue encabezado por el Presidente del Consejo de Administraci\u00f3n, Ignacio Aramburu, el referente de la Lista Amarilla, Mario Cura, y uno de los referentes de la Juventud de la agrupaci\u00f3n, Ignacio Pagano. Tambi\u00e9n estuvieron presentes Jos\u00e9 Eseverri, el secretario de Desarrollo Humano y Calidad de Vida Diego Robbiani, el concejal Germ\u00e1n Aramburu, el consejero Municipal Carlos Coscia, el presidente del Club Pueblo Nuevo Jos\u00e9 Maceo, integrantes de la comunidad de Olavarr\u00eda y las localidades, representantes de entidades deportivas, industriales y pol\u00edticas.<\/p>\n<p>&nbsp;<\/p>\n<p><img data-recalc-dims=\"1\" loading=\"lazy\" decoding=\"async\" class=\"alignnone size-large wp-image-34535\" src=\"https:\/\/i0.wp.com\/cdnoticias.com\/wp-content\/uploads\/2021\/10\/05.jpeg?resize=800%2C534&#038;ssl=1\" alt=\"\" width=\"800\" height=\"534\" srcset=\"https:\/\/i0.wp.com\/cdnoticias.com\/wp-content\/uploads\/2021\/10\/05.jpeg?resize=1024%2C683&amp;ssl=1 1024w, https:\/\/i0.wp.com\/cdnoticias.com\/wp-content\/uploads\/2021\/10\/05.jpeg?resize=300%2C200&amp;ssl=1 300w, https:\/\/i0.wp.com\/cdnoticias.com\/wp-content\/uploads\/2021\/10\/05.jpeg?resize=768%2C512&amp;ssl=1 768w, https:\/\/i0.wp.com\/cdnoticias.com\/wp-content\/uploads\/2021\/10\/05.jpeg?resize=272%2C182&amp;ssl=1 272w, https:\/\/i0.wp.com\/cdnoticias.com\/wp-content\/uploads\/2021\/10\/05.jpeg?w=1599&amp;ssl=1 1599w\" sizes=\"auto, (max-width: 800px) 100vw, 800px\" \/><\/p>\n<p>&nbsp;<\/p>\n<p><img data-recalc-dims=\"1\" loading=\"lazy\" decoding=\"async\" class=\"alignnone size-large wp-image-34532\" src=\"https:\/\/i0.wp.com\/cdnoticias.com\/wp-content\/uploads\/2021\/10\/06.jpeg?resize=800%2C534&#038;ssl=1\" alt=\"\" width=\"800\" height=\"534\" srcset=\"https:\/\/i0.wp.com\/cdnoticias.com\/wp-content\/uploads\/2021\/10\/06.jpeg?resize=1024%2C683&amp;ssl=1 1024w, https:\/\/i0.wp.com\/cdnoticias.com\/wp-content\/uploads\/2021\/10\/06.jpeg?resize=300%2C200&amp;ssl=1 300w, https:\/\/i0.wp.com\/cdnoticias.com\/wp-content\/uploads\/2021\/10\/06.jpeg?resize=768%2C512&amp;ssl=1 768w, https:\/\/i0.wp.com\/cdnoticias.com\/wp-content\/uploads\/2021\/10\/06.jpeg?resize=272%2C182&amp;ssl=1 272w, https:\/\/i0.wp.com\/cdnoticias.com\/wp-content\/uploads\/2021\/10\/06.jpeg?w=1599&amp;ssl=1 1599w\" sizes=\"auto, (max-width: 800px) 100vw, 800px\" \/><\/p>\n<p>&nbsp;<\/p>\n<p>Respetando el aforo, el distanciamiento social y todas las medidas sanitarias (la Lista Amarilla agradeci\u00f3 al club Pueblo Nuevo la cesi\u00f3n del gimnasio para poder realizar la actividad) <strong>hubo tres oradores que repasaron lo realizado por la agrupaci\u00f3n y los objetivos planteados de cara al futuro, pensando en brindar a los asociados el mejor servicio desde la entidad cooperativa.<\/strong><\/p>\n<p>&nbsp;<\/p>\n<p><strong>Ignacio Aramburu<\/strong> se tom\u00f3 unos minutos para<em> \u201cagradecer a todos los que de una manera u otra acompa\u00f1aron a la Lista Amarilla\u201d<\/em> que <strong><em>\u201cprecisa de todos ustedes. Esto no es un festejo, es un encuentro y creemos que se tiene que seguir dando porque nuestro objetivo principal es continuar trabajando por la Cooperativa y los asociados durante todo el a\u00f1o\u201d.<\/em><\/strong><\/p>\n<p>&nbsp;<\/p>\n<p><img data-recalc-dims=\"1\" loading=\"lazy\" decoding=\"async\" class=\"alignnone size-large wp-image-34531\" src=\"https:\/\/i0.wp.com\/cdnoticias.com\/wp-content\/uploads\/2021\/10\/01.jpg?resize=800%2C534&#038;ssl=1\" alt=\"\" width=\"800\" height=\"534\" srcset=\"https:\/\/i0.wp.com\/cdnoticias.com\/wp-content\/uploads\/2021\/10\/01.jpg?resize=1024%2C683&amp;ssl=1 1024w, https:\/\/i0.wp.com\/cdnoticias.com\/wp-content\/uploads\/2021\/10\/01.jpg?resize=300%2C200&amp;ssl=1 300w, https:\/\/i0.wp.com\/cdnoticias.com\/wp-content\/uploads\/2021\/10\/01.jpg?resize=768%2C512&amp;ssl=1 768w, https:\/\/i0.wp.com\/cdnoticias.com\/wp-content\/uploads\/2021\/10\/01.jpg?resize=272%2C182&amp;ssl=1 272w, https:\/\/i0.wp.com\/cdnoticias.com\/wp-content\/uploads\/2021\/10\/01.jpg?w=1599&amp;ssl=1 1599w\" sizes=\"auto, (max-width: 800px) 100vw, 800px\" \/><\/p>\n<p>&nbsp;<\/p>\n<p><strong>Ignacio Pagano<\/strong>, de la Juventud de la Lista Amarilla, valor\u00f3 que en el \u00faltimo tiempo el espacio <em>\u201cha tenido un auge muy importante\u201d<\/em> y <strong><em>\u201cestoy agradecido de integrar este espacio. La Juventud viene trabajando d\u00eda a d\u00eda, es impresionante todo lo que se ha realizado, as\u00ed que la intenci\u00f3n es continuar con eso\u201d<\/em><\/strong>. La premisa es la de<em> \u201ctrabajar en equipo, de forma asociativa, solidaria y acompa\u00f1ando a las instituciones intermedias\u201d.<\/em><\/p>\n<p>&nbsp;<\/p>\n<p>El referente de la Lista Amarilla, Mario Cura, se\u00f1al\u00f3 que<em> \u201cla lista opositora no pudo completar ni sus delegados ni sus avales\u201d<\/em>. Y de cara a lo que viene, indic\u00f3 que<strong><em> \u201cahora viene reforzar los lazos de nuestra participaci\u00f3n de esta Lista Amarilla que sigue presente y sigue conduciendo\u201d.<\/em><\/strong><\/p>\n<p>&nbsp;<\/p>\n<p>En un repaso por todos los logros de la agrupaci\u00f3n, se se\u00f1alaron tres objetivos que hasta el momento<em> \u201cfueron m\u00e1s que logrados\u201d<\/em>: el primero de ellos fue la definici\u00f3n de un Cuerpo de Delegados que represente a Olavarr\u00eda, el cual <strong><em>\u201ccumple una funci\u00f3n de nexo entre el ciudadano y la cooperativa. Llevar el mensaje de la cooperativa y al mismo tiempo representar a los asociados ante la cooperativa, canalizar y gestionar la resoluci\u00f3n de reclamos, acercar propuestas\u201d.<\/em><\/strong><\/p>\n<p>&nbsp;<\/p>\n<p><img data-recalc-dims=\"1\" loading=\"lazy\" decoding=\"async\" class=\"alignnone size-large wp-image-34533\" src=\"https:\/\/i0.wp.com\/cdnoticias.com\/wp-content\/uploads\/2021\/10\/07.jpeg?resize=800%2C600&#038;ssl=1\" alt=\"\" width=\"800\" height=\"600\" srcset=\"https:\/\/i0.wp.com\/cdnoticias.com\/wp-content\/uploads\/2021\/10\/07.jpeg?resize=1024%2C768&amp;ssl=1 1024w, https:\/\/i0.wp.com\/cdnoticias.com\/wp-content\/uploads\/2021\/10\/07.jpeg?resize=300%2C225&amp;ssl=1 300w, https:\/\/i0.wp.com\/cdnoticias.com\/wp-content\/uploads\/2021\/10\/07.jpeg?resize=768%2C576&amp;ssl=1 768w, https:\/\/i0.wp.com\/cdnoticias.com\/wp-content\/uploads\/2021\/10\/07.jpeg?w=1416&amp;ssl=1 1416w\" sizes=\"auto, (max-width: 800px) 100vw, 800px\" \/><\/p>\n<p>&nbsp;<\/p>\n<blockquote><p>Esto se mantuvo hasta estos d\u00edas, a tal punto que<strong><em> \u201csi se analiza c\u00f3mo est\u00e1 compuesto el cuerpo de delegados ver\u00e1n muchas entidades intermedias de la sociedad olavarriense. Referentes barriales, pol\u00edticos, en suma, Olavarr\u00eda est\u00e1 representada en el cuerpo de delegados\u201d.<\/em><\/strong><\/p><\/blockquote>\n<p>&nbsp;<\/p>\n<p>El segundo objetivo fue ir \u201cm\u00e1s all\u00e1\u201d de la distribuci\u00f3n el\u00e9ctrica. As\u00ed fue como comenz\u00f3 a gestionarse en Olavarr\u00eda el servicio de sepelios, de Obras Sanitarias, la educaci\u00f3n a distancia con <em>\u201c400 olavarrienses que pueden acceder a carreras de nivel terciario, universitario; el servicio de telefon\u00eda que hoy est\u00e1 avanzando con la instalaci\u00f3n de la fibra \u00f3ptica; otros servicios m\u00e1s como el gas a granel. Esa visi\u00f3n que tuvimos tambi\u00e9n se ha logrado\u201d.<\/em><\/p>\n<p>&nbsp;<\/p>\n<p>En tercer lugar, y otro de los objetivos cumplidos, fue que <em>\u201cOlavarr\u00eda sea la ciudad luz. A lo largo del tiempo se han hecho muchas obras el\u00e9ctricas con costo de la cooperativa. Hoy vemos que algunos vecinos de Sierras Bayas saben de la iluminaci\u00f3n del acceso a la localidad. Eso lo hizo Coopelectric. Algunos vecinos de Loma Negra saben que utilizan la autopista Fortabat iluminada, obra que hizo Coopelectric. Otras avenidas, como la Avellaneda, Alberdi, esa tambi\u00e9n se hizo la cooperativa. Estos logros son parte de la visi\u00f3n que tuvimos y sostenemos\u201d.<\/em><\/p>\n<p>&nbsp;<\/p>\n<p><img data-recalc-dims=\"1\" loading=\"lazy\" decoding=\"async\" class=\"alignnone size-large wp-image-34534\" src=\"https:\/\/i0.wp.com\/cdnoticias.com\/wp-content\/uploads\/2021\/10\/02.jpeg?resize=800%2C600&#038;ssl=1\" alt=\"\" width=\"800\" height=\"600\" srcset=\"https:\/\/i0.wp.com\/cdnoticias.com\/wp-content\/uploads\/2021\/10\/02.jpeg?resize=1024%2C768&amp;ssl=1 1024w, https:\/\/i0.wp.com\/cdnoticias.com\/wp-content\/uploads\/2021\/10\/02.jpeg?resize=300%2C225&amp;ssl=1 300w, https:\/\/i0.wp.com\/cdnoticias.com\/wp-content\/uploads\/2021\/10\/02.jpeg?resize=768%2C576&amp;ssl=1 768w, https:\/\/i0.wp.com\/cdnoticias.com\/wp-content\/uploads\/2021\/10\/02.jpeg?w=1600&amp;ssl=1 1600w\" sizes=\"auto, (max-width: 800px) 100vw, 800px\" \/><\/p>\n<p>&nbsp;<\/p>\n<p>En el balance de lo sucedido en los \u00faltimos meses, se concluy\u00f3 que <strong><em>\u201cla aparici\u00f3n de una oposici\u00f3n es parte del ejercicio y de la democracia cooperativa. La Lista Amarilla sostiene su compromiso con la comunidad, continuamos trabajando arduamente porque siempre tenemos cosas para mejorar. En tal sentido nos organizamos, convocamos a las entidades que hoy est\u00e1n presentes. Nuestro pa\u00eds atraviesa un momento complejo, la provincia tambi\u00e9n y a\u00fan en este contexto la Cooperativa redobla sus esfuerzos en pos de los asociados\u201d.<\/em><\/strong><\/p>\n<p>&nbsp;<\/p>\n<p>Finalmente, desde la Lista Amarilla se convoc\u00f3 a seguir trabajando en conjunto con instituciones intermedias, as\u00ed como tambi\u00e9n con el Municipio y continuar siendo el nexo entre el vecino y la cooperativa, para garantizar la prestaci\u00f3n de los servicios y promover acciones en beneficio de cada asociado.<\/p>\n","protected":false},"excerpt":{"rendered":"<p>El nuevo cuerpo de delegados de la cooperativa realiz\u00f3 un encuentro para \u201ccontinuar trabajando cerca del vecino de cara a<\/p>\n","protected":false},"author":2,"featured_media":34537,"comment_status":"closed","ping_status":"closed","sticky":false,"template":"","format":"standard","meta":{"_jetpack_memberships_contains_paid_content":false,"footnotes":""},"categories":[4,1],"tags":[],"class_list":["post-34530","post","type-post","status-publish","format-standard","has-post-thumbnail","hentry","category-politica","category-portada"],"jetpack_featured_media_url":"https:\/\/i0.wp.com\/cdnoticias.com\/wp-content\/uploads\/2021\/10\/03.jpeg?fit=1599%2C1066&ssl=1","jetpack_sharing_enabled":true,"_links":{"self":[{"href":"https:\/\/cdnoticias.com\/index.php\/wp-json\/wp\/v2\/posts\/34530","targetHints":{"allow":["GET"]}}],"collection":[{"href":"https:\/\/cdnoticias.com\/index.php\/wp-json\/wp\/v2\/posts"}],"about":[{"href":"https:\/\/cdnoticias.com\/index.php\/wp-json\/wp\/v2\/types\/post"}],"author":[{"embeddable":true,"href":"https:\/\/cdnoticias.com\/index.php\/wp-json\/wp\/v2\/users\/2"}],"replies":[{"embeddable":true,"href":"https:\/\/cdnoticias.com\/index.php\/wp-json\/wp\/v2\/comments?post=34530"}],"version-history":[{"count":0,"href":"https:\/\/cdnoticias.com\/index.php\/wp-json\/wp\/v2\/posts\/34530\/revisions"}],"wp:featuredmedia":[{"embeddable":true,"href":"https:\/\/cdnoticias.com\/index.php\/wp-json\/wp\/v2\/media\/34537"}],"wp:attachment":[{"href":"https:\/\/cdnoticias.com\/index.php\/wp-json\/wp\/v2\/media?parent=34530"}],"wp:term":[{"taxonomy":"category","embeddable":true,"href":"https:\/\/cdnoticias.com\/index.php\/wp-json\/wp\/v2\/categories?post=34530"},{"taxonomy":"post_tag","embeddable":true,"href":"https:\/\/cdnoticias.com\/index.php\/wp-json\/wp\/v2\/tags?post=34530"}],"curies":[{"name":"wp","href":"https:\/\/api.w.org\/{rel}","templated":true}]}}