{"id":34521,"date":"2021-10-02T14:17:11","date_gmt":"2021-10-02T17:17:11","guid":{"rendered":"http:\/\/www.centraldenoticias.com.ar\/?p=34521"},"modified":"2021-10-02T14:17:11","modified_gmt":"2021-10-02T17:17:11","slug":"centro-de-atencion-veterinaria-es-un-paso-importantisimo","status":"publish","type":"post","link":"https:\/\/cdnoticias.com\/index.php\/2021\/10\/02\/centro-de-atencion-veterinaria-es-un-paso-importantisimo\/","title":{"rendered":"Centro de Atenci\u00f3n Veterinaria: \u201cEs un paso important\u00edsimo\u201d"},"content":{"rendered":"<p><span style=\"font-family: Arial, sans-serif;\">Lo asegur\u00f3 el Intendente en una recorrida por la obra emplazada en el predio de Bromatolog\u00eda.<\/span><!--more--><\/p>\n<hr \/>\n<p><span style=\"font-family: Arial, sans-serif;\">El intendente Ezequiel Galli encabez\u00f3 una recorrida por el futuro<strong> Centro de Atenci\u00f3n Veterinaria<\/strong>.\u00a0<\/span><span style=\"font-family: Arial, sans-serif;\">Las obras, licitadas en el mes de junio, est\u00e1n a cargo de Vigas y Bloques S.R.L., empresa adjudicataria y cuentan con un importante grado de avance.<\/span><\/p>\n<p>&nbsp;<\/p>\n<p><span style=\"font-family: Arial, sans-serif;\">Acompa\u00f1aron al Intendente en la recorrida el presidente del HCD Bruno Cenizo y el secretario de Mantenimiento y Obras P\u00fablicas Julio Ferraro.<\/span><\/p>\n<p>&nbsp;<\/p>\n<p><span style=\"font-family: Arial, sans-serif;\">La construcci\u00f3n del centro veterinario<strong> se realiza sobre un galp\u00f3n pre-existente en el predio de Bromatolog\u00eda.<\/strong> El resultado final constar\u00e1 de un sector de acceso vehicular, hall de acceso, recepci\u00f3n y espera. Habr\u00e1 un espacio pre-quir\u00fargico, quir\u00f3fano, sala de recuperaci\u00f3n pos quir\u00fargica y sala de monitoreo. Asimismo tendr\u00e1 un dep\u00f3sito de alimentos, de elementos m\u00e9dicos, una sala de reuniones y sanitarios.<\/span><\/p>\n<p>&nbsp;<\/p>\n<p><img data-recalc-dims=\"1\" loading=\"lazy\" decoding=\"async\" class=\"alignnone size-full wp-image-34522\" src=\"https:\/\/i0.wp.com\/cdnoticias.com\/wp-content\/uploads\/2021\/10\/Obras-Bromatologia-1-scaled.jpg?resize=800%2C535&#038;ssl=1\" alt=\"\" width=\"800\" height=\"535\" srcset=\"https:\/\/i0.wp.com\/cdnoticias.com\/wp-content\/uploads\/2021\/10\/Obras-Bromatologia-1-scaled.jpg?w=2560&amp;ssl=1 2560w, https:\/\/i0.wp.com\/cdnoticias.com\/wp-content\/uploads\/2021\/10\/Obras-Bromatologia-1-scaled.jpg?resize=300%2C201&amp;ssl=1 300w, https:\/\/i0.wp.com\/cdnoticias.com\/wp-content\/uploads\/2021\/10\/Obras-Bromatologia-1-scaled.jpg?resize=768%2C513&amp;ssl=1 768w, https:\/\/i0.wp.com\/cdnoticias.com\/wp-content\/uploads\/2021\/10\/Obras-Bromatologia-1-scaled.jpg?resize=1024%2C684&amp;ssl=1 1024w, https:\/\/i0.wp.com\/cdnoticias.com\/wp-content\/uploads\/2021\/10\/Obras-Bromatologia-1-scaled.jpg?resize=272%2C182&amp;ssl=1 272w, https:\/\/i0.wp.com\/cdnoticias.com\/wp-content\/uploads\/2021\/10\/Obras-Bromatologia-1-scaled.jpg?w=1600&amp;ssl=1 1600w, https:\/\/i0.wp.com\/cdnoticias.com\/wp-content\/uploads\/2021\/10\/Obras-Bromatologia-1-scaled.jpg?w=2400&amp;ssl=1 2400w\" sizes=\"auto, (max-width: 800px) 100vw, 800px\" \/><\/p>\n<p>&nbsp;<\/p>\n<p><span style=\"font-family: Arial, sans-serif;\">Cabe recordar que Olavarr\u00eda se constituye en el primer municipio, en el centro de la provincia de Buenos Aires, en contar con este tipo de infraestructura para la <strong>atenci\u00f3n de animales dom\u00e9sticos y callejeros.<\/strong><\/span><\/p>\n<p>&nbsp;<\/p>\n<p><em>\u201c<\/em><span style=\"font-family: Arial, sans-serif;\"><em>Estamos dando respuesta a un reclamo de la comunidad de poder dar una vuelta de rosca para mejorar la atenci\u00f3n. Actualmente se llevan adelante muchas castraciones, tenemos un equipo de profesionales impecable liderado anteriormente por Andr\u00e9s Castro, que decidi\u00f3 continuar su vida en lo privado, a quien le agradezco y valoro todo lo que hizo por el \u00e1rea. <strong>Contento porque la obra ya se haya iniciado. Es un paso important\u00edsimo<\/strong>\u201d<\/em>, sostuvo.<\/span><\/p>\n","protected":false},"excerpt":{"rendered":"<p>Lo asegur\u00f3 el Intendente en una recorrida por la obra emplazada en el predio de Bromatolog\u00eda.<\/p>\n","protected":false},"author":5,"featured_media":34523,"comment_status":"closed","ping_status":"closed","sticky":false,"template":"","format":"standard","meta":{"_jetpack_memberships_contains_paid_content":false,"footnotes":""},"categories":[5,1],"tags":[],"class_list":["post-34521","post","type-post","status-publish","format-standard","has-post-thumbnail","hentry","category-informacion-general","category-portada"],"jetpack_featured_media_url":"https:\/\/i0.wp.com\/cdnoticias.com\/wp-content\/uploads\/2021\/10\/Obras-Bromatologia-2-scaled.jpg?fit=2560%2C1711&ssl=1","jetpack_sharing_enabled":true,"_links":{"self":[{"href":"https:\/\/cdnoticias.com\/index.php\/wp-json\/wp\/v2\/posts\/34521","targetHints":{"allow":["GET"]}}],"collection":[{"href":"https:\/\/cdnoticias.com\/index.php\/wp-json\/wp\/v2\/posts"}],"about":[{"href":"https:\/\/cdnoticias.com\/index.php\/wp-json\/wp\/v2\/types\/post"}],"author":[{"embeddable":true,"href":"https:\/\/cdnoticias.com\/index.php\/wp-json\/wp\/v2\/users\/5"}],"replies":[{"embeddable":true,"href":"https:\/\/cdnoticias.com\/index.php\/wp-json\/wp\/v2\/comments?post=34521"}],"version-history":[{"count":0,"href":"https:\/\/cdnoticias.com\/index.php\/wp-json\/wp\/v2\/posts\/34521\/revisions"}],"wp:featuredmedia":[{"embeddable":true,"href":"https:\/\/cdnoticias.com\/index.php\/wp-json\/wp\/v2\/media\/34523"}],"wp:attachment":[{"href":"https:\/\/cdnoticias.com\/index.php\/wp-json\/wp\/v2\/media?parent=34521"}],"wp:term":[{"taxonomy":"category","embeddable":true,"href":"https:\/\/cdnoticias.com\/index.php\/wp-json\/wp\/v2\/categories?post=34521"},{"taxonomy":"post_tag","embeddable":true,"href":"https:\/\/cdnoticias.com\/index.php\/wp-json\/wp\/v2\/tags?post=34521"}],"curies":[{"name":"wp","href":"https:\/\/api.w.org\/{rel}","templated":true}]}}