{"id":34519,"date":"2021-10-02T11:56:08","date_gmt":"2021-10-02T14:56:08","guid":{"rendered":"http:\/\/www.centraldenoticias.com.ar\/?p=34519"},"modified":"2021-10-02T11:56:08","modified_gmt":"2021-10-02T14:56:08","slug":"nicanor-jacobo-ruppel-noly-q-e-p-d","status":"publish","type":"post","link":"https:\/\/cdnoticias.com\/index.php\/2021\/10\/02\/nicanor-jacobo-ruppel-noly-q-e-p-d\/","title":{"rendered":"Nicanor Jacobo Ruppel \u201cNoly\u201d (Q.E.P.D.)"},"content":{"rendered":"<p><span style=\"font-family: Arial, sans-serif;\">Falleci\u00f3 en Olavarr\u00eda el 2 de octubre a los 87 a\u00f1os de edad. Sus hijos Hugo y Juan Jos\u00e9 Ruppel; sus hijos pol\u00edticas Gladys, Stella y Laura; sus nietos Agustina, Santiago, Victoria y Francisco Ruppel y dem\u00e1s deudos participan su fallecimiento.<\/span><\/p>\n<p>&nbsp;<\/p>\n<p><span style=\"font-family: Arial, sans-serif;\">Sus restos ser\u00e1n velados en sala de Espa\u00f1a 2942 departamento &#8220;B&#8221; (a sala se habilita a las 14:30) y ser\u00e1n inhumados en el cementerio Loma de Paz este s\u00e1bado a las 16:30, previo responso en la capilla ardiente. Vecino de barrio Mariano Moreno. Nacido en Pu\u00e1n. Jubilado carpintero y pensionado. <\/span><\/p>\n","protected":false},"excerpt":{"rendered":"<p>Falleci\u00f3 en Olavarr\u00eda el 2 de octubre a los 87 a\u00f1os de edad. Sus hijos Hugo y Juan Jos\u00e9 Ruppel;<\/p>\n","protected":false},"author":5,"featured_media":0,"comment_status":"closed","ping_status":"closed","sticky":false,"template":"","format":"standard","meta":{"_jetpack_memberships_contains_paid_content":false,"footnotes":""},"categories":[10],"tags":[],"class_list":["post-34519","post","type-post","status-publish","format-standard","hentry","category-necrologicas"],"jetpack_featured_media_url":"","jetpack_sharing_enabled":true,"_links":{"self":[{"href":"https:\/\/cdnoticias.com\/index.php\/wp-json\/wp\/v2\/posts\/34519","targetHints":{"allow":["GET"]}}],"collection":[{"href":"https:\/\/cdnoticias.com\/index.php\/wp-json\/wp\/v2\/posts"}],"about":[{"href":"https:\/\/cdnoticias.com\/index.php\/wp-json\/wp\/v2\/types\/post"}],"author":[{"embeddable":true,"href":"https:\/\/cdnoticias.com\/index.php\/wp-json\/wp\/v2\/users\/5"}],"replies":[{"embeddable":true,"href":"https:\/\/cdnoticias.com\/index.php\/wp-json\/wp\/v2\/comments?post=34519"}],"version-history":[{"count":0,"href":"https:\/\/cdnoticias.com\/index.php\/wp-json\/wp\/v2\/posts\/34519\/revisions"}],"wp:attachment":[{"href":"https:\/\/cdnoticias.com\/index.php\/wp-json\/wp\/v2\/media?parent=34519"}],"wp:term":[{"taxonomy":"category","embeddable":true,"href":"https:\/\/cdnoticias.com\/index.php\/wp-json\/wp\/v2\/categories?post=34519"},{"taxonomy":"post_tag","embeddable":true,"href":"https:\/\/cdnoticias.com\/index.php\/wp-json\/wp\/v2\/tags?post=34519"}],"curies":[{"name":"wp","href":"https:\/\/api.w.org\/{rel}","templated":true}]}}