{"id":34508,"date":"2021-10-02T11:16:00","date_gmt":"2021-10-02T14:16:00","guid":{"rendered":"http:\/\/www.centraldenoticias.com.ar\/?p=34508"},"modified":"2021-10-02T11:16:00","modified_gmt":"2021-10-02T14:16:00","slug":"72-aniversario-de-la-asociacion-de-bomberos-voluntarios-de-olavarria","status":"publish","type":"post","link":"https:\/\/cdnoticias.com\/index.php\/2021\/10\/02\/72-aniversario-de-la-asociacion-de-bomberos-voluntarios-de-olavarria\/","title":{"rendered":"72 aniversario de la Asociaci\u00f3n de Bomberos Voluntarios de Olavarr\u00eda"},"content":{"rendered":"<p><span style=\"font-family: Arial, sans-serif;\">Durante la ma\u00f1ana de este s\u00e1bado se realizaron distintas conmemoraciones. Por la tarde, ser\u00e1 el acto oficial con la entrega de distinciones y reconocimientos.<\/span><!--more--><\/p>\n<hr \/>\n<p><span style=\"font-family: Arial, sans-serif;\">Este s\u00e1bado a las 8:30 una formaci\u00f3n<strong> frente al cuartel central de Bomberos Voluntarios<\/strong>, realiz\u00f3 el izamiento de la bandera a cargo del Jefe del Cuerpo Comandante General Ra\u00fal Andr\u00e9s Ferreira acompa\u00f1ado del nuevo presidente Hugo Fayanas, con la presencia de bomberos del cuerpo activo, de la reserva y distintos miembros del consejo directivo.<\/span><\/p>\n<p>&nbsp;<\/p>\n<p><span style=\"font-family: Arial, sans-serif;\">Luego, se trasladaron hasta el<strong> monumento emplazado en el Parque Mitre<\/strong> donde se realiz\u00f3 otra formaci\u00f3n de bomberos del cuerpo activo y fue colocada una palma por el Comandante de la reserva Marcelo Fabian Petesh y el vice presidente del consejo Jos\u00e9 Luis Veyrand, en conmemoraci\u00f3n de bomberos y dirigentes fallecidos.<\/span><\/p>\n<p>&nbsp;<\/p>\n<p><img data-recalc-dims=\"1\" loading=\"lazy\" decoding=\"async\" class=\"alignnone size-full wp-image-34513\" src=\"https:\/\/i0.wp.com\/cdnoticias.com\/wp-content\/uploads\/2021\/10\/MG_1692.jpg?resize=800%2C533&#038;ssl=1\" alt=\"\" width=\"800\" height=\"533\" srcset=\"https:\/\/i0.wp.com\/cdnoticias.com\/wp-content\/uploads\/2021\/10\/MG_1692.jpg?w=1800&amp;ssl=1 1800w, https:\/\/i0.wp.com\/cdnoticias.com\/wp-content\/uploads\/2021\/10\/MG_1692.jpg?resize=300%2C200&amp;ssl=1 300w, https:\/\/i0.wp.com\/cdnoticias.com\/wp-content\/uploads\/2021\/10\/MG_1692.jpg?resize=768%2C512&amp;ssl=1 768w, https:\/\/i0.wp.com\/cdnoticias.com\/wp-content\/uploads\/2021\/10\/MG_1692.jpg?resize=1024%2C683&amp;ssl=1 1024w, https:\/\/i0.wp.com\/cdnoticias.com\/wp-content\/uploads\/2021\/10\/MG_1692.jpg?resize=272%2C182&amp;ssl=1 272w, https:\/\/i0.wp.com\/cdnoticias.com\/wp-content\/uploads\/2021\/10\/MG_1692.jpg?w=1600&amp;ssl=1 1600w\" sizes=\"auto, (max-width: 800px) 100vw, 800px\" \/><\/p>\n<p>&nbsp;<\/p>\n<p><img data-recalc-dims=\"1\" loading=\"lazy\" decoding=\"async\" class=\"alignnone size-full wp-image-34514\" src=\"https:\/\/i0.wp.com\/cdnoticias.com\/wp-content\/uploads\/2021\/10\/MG_1686.jpg?resize=800%2C533&#038;ssl=1\" alt=\"\" width=\"800\" height=\"533\" srcset=\"https:\/\/i0.wp.com\/cdnoticias.com\/wp-content\/uploads\/2021\/10\/MG_1686.jpg?w=1800&amp;ssl=1 1800w, https:\/\/i0.wp.com\/cdnoticias.com\/wp-content\/uploads\/2021\/10\/MG_1686.jpg?resize=300%2C200&amp;ssl=1 300w, https:\/\/i0.wp.com\/cdnoticias.com\/wp-content\/uploads\/2021\/10\/MG_1686.jpg?resize=768%2C512&amp;ssl=1 768w, https:\/\/i0.wp.com\/cdnoticias.com\/wp-content\/uploads\/2021\/10\/MG_1686.jpg?resize=1024%2C683&amp;ssl=1 1024w, https:\/\/i0.wp.com\/cdnoticias.com\/wp-content\/uploads\/2021\/10\/MG_1686.jpg?resize=272%2C182&amp;ssl=1 272w, https:\/\/i0.wp.com\/cdnoticias.com\/wp-content\/uploads\/2021\/10\/MG_1686.jpg?w=1600&amp;ssl=1 1600w\" sizes=\"auto, (max-width: 800px) 100vw, 800px\" \/><\/p>\n<p>&nbsp;<\/p>\n<p><span style=\"font-family: Arial, sans-serif;\">Luego <strong>a las 17:30 se realizar\u00e1 el acto oficial en instalaciones del Cuartel Central<\/strong> con una peque\u00f1a formaci\u00f3n con todos los protocolos covid, donde se reconocer\u00e1 a varios integrantes del cuerpo activo que trabajan en los equipos de sanidad y salud del Hospital Municipal y distintas cl\u00ednicas locales, como as\u00ed tambi\u00e9n al Dr. Germ\u00e1n Caputo en representaci\u00f3n de todos los integrantes de la salud olavarriense que han trabajado en esta pandemia arriesgando sus vidas y de sus familias en pos de salud de toda la comunidad.<\/span><\/p>\n<p>&nbsp;<\/p>\n<p>&nbsp;<\/p>\n<p><strong><em><span style=\"font-family: Arial, sans-serif;\">Fotos: Gentileza Enrique Francisco Zelaya <\/span><\/em><\/strong><\/p>\n","protected":false},"excerpt":{"rendered":"<p>Durante la ma\u00f1ana de este s\u00e1bado se realizaron distintas conmemoraciones. Por la tarde, ser\u00e1 el acto oficial con la entrega<\/p>\n","protected":false},"author":5,"featured_media":34516,"comment_status":"closed","ping_status":"closed","sticky":false,"template":"","format":"standard","meta":{"_jetpack_memberships_contains_paid_content":false,"footnotes":""},"categories":[5,1],"tags":[],"class_list":["post-34508","post","type-post","status-publish","format-standard","has-post-thumbnail","hentry","category-informacion-general","category-portada"],"jetpack_featured_media_url":"https:\/\/i0.wp.com\/cdnoticias.com\/wp-content\/uploads\/2021\/10\/MG_1681.jpg?fit=800%2C1200&ssl=1","jetpack_sharing_enabled":true,"_links":{"self":[{"href":"https:\/\/cdnoticias.com\/index.php\/wp-json\/wp\/v2\/posts\/34508","targetHints":{"allow":["GET"]}}],"collection":[{"href":"https:\/\/cdnoticias.com\/index.php\/wp-json\/wp\/v2\/posts"}],"about":[{"href":"https:\/\/cdnoticias.com\/index.php\/wp-json\/wp\/v2\/types\/post"}],"author":[{"embeddable":true,"href":"https:\/\/cdnoticias.com\/index.php\/wp-json\/wp\/v2\/users\/5"}],"replies":[{"embeddable":true,"href":"https:\/\/cdnoticias.com\/index.php\/wp-json\/wp\/v2\/comments?post=34508"}],"version-history":[{"count":0,"href":"https:\/\/cdnoticias.com\/index.php\/wp-json\/wp\/v2\/posts\/34508\/revisions"}],"wp:featuredmedia":[{"embeddable":true,"href":"https:\/\/cdnoticias.com\/index.php\/wp-json\/wp\/v2\/media\/34516"}],"wp:attachment":[{"href":"https:\/\/cdnoticias.com\/index.php\/wp-json\/wp\/v2\/media?parent=34508"}],"wp:term":[{"taxonomy":"category","embeddable":true,"href":"https:\/\/cdnoticias.com\/index.php\/wp-json\/wp\/v2\/categories?post=34508"},{"taxonomy":"post_tag","embeddable":true,"href":"https:\/\/cdnoticias.com\/index.php\/wp-json\/wp\/v2\/tags?post=34508"}],"curies":[{"name":"wp","href":"https:\/\/api.w.org\/{rel}","templated":true}]}}