{"id":34506,"date":"2021-10-02T10:10:48","date_gmt":"2021-10-02T13:10:48","guid":{"rendered":"http:\/\/www.centraldenoticias.com.ar\/?p=34506"},"modified":"2021-10-02T12:33:39","modified_gmt":"2021-10-02T15:33:39","slug":"vacunacion-provincia-abrio-la-inscripcion-para-ninos-y-ninas-de-3-a-11-anos","status":"publish","type":"post","link":"https:\/\/cdnoticias.com\/index.php\/2021\/10\/02\/vacunacion-provincia-abrio-la-inscripcion-para-ninos-y-ninas-de-3-a-11-anos\/","title":{"rendered":"Vacunaci\u00f3n: Provincia abri\u00f3 la inscripci\u00f3n para ni\u00f1os y ni\u00f1as de 3 a 11 a\u00f1os"},"content":{"rendered":"<p><span style=\"font-family: Arial, sans-serif;\">El registro se realiza desde la web y la aplicaci\u00f3n Vacunate. Los ni\u00f1os y ni\u00f1as deber\u00e1n contar con el consentimiento de sus padres para recibir la dosis.<\/span><\/p>\n<p><!--more--><\/p>\n<hr \/>\n<p><span style=\"font-family: Arial, sans-serif;\"><br \/>\nEn consonancia con los <a href=\"https:\/\/cdnoticias.com\/index.php\/2021\/10\/01\/aplicaran-la-vacuna-de-sinopharm-a-chicos-de-entre-3-y-11-anos\/\" target=\"_blank\" rel=\"noopener\">\u00faltimos anuncios del Gobierno Nacional<\/a>, este s\u00e1bado la provincia de Buenos Aires abri\u00f3 la inscripci\u00f3n para su plan de vacunaci\u00f3n contra el Covid-19 a ni\u00f1os y ni\u00f1as de 3 a 11 a\u00f1os.<\/span><\/p>\n<p>&nbsp;<\/p>\n<p><span style=\"font-family: Arial, sans-serif;\">El registro en el plan de vacunaci\u00f3n p\u00fablico, gratuito y optativo se realiza desde la web <a href=\"https:\/\/vacunatepba.gba.gob.ar\/\" target=\"_blank\" rel=\"noopener\">vacunatepba.gba.gob.ar<\/a> o a trav\u00e9s de la aplicaci\u00f3n VacunatePBA.<\/span><\/p>\n<p><span style=\"font-family: Arial, sans-serif;\"><br \/>\nAdem\u00e1s, <strong>contin\u00faa abierta la inscripci\u00f3n para el grupo etario de 12 a 17 a\u00f1os<\/strong> y ya se inici\u00f3 la<strong> inmunizaci\u00f3n de chicos y chicas de 16 y 17 a\u00f1os sin condiciones de salud preexistentes.<\/strong><\/span><\/p>\n<p>&nbsp;<\/p>\n<blockquote><p><span style=\"font-family: Arial, sans-serif;\">Ser\u00e1 indispensable que los ni\u00f1os y ni\u00f1as de 3 a 12 a\u00f1os cuenten con el consentimiento de sus padres o responsables afectivos para recibir la dosis.<\/span><\/p><\/blockquote>\n<p><span style=\"font-family: Arial, sans-serif;\"><br \/>\nPor otra parte, desde el 1 de octubre todos los y las mayores de 18 a\u00f1os que tengan enfermedades preexistentes y los y las trabajadoras de la educaci\u00f3n cuentan con <strong>segunda dosis libre<\/strong>, siempre que hayan cumplido el plazo interdosis recomendado por las autoridades sanitarias. <\/span><\/p>\n<p>&nbsp;<\/p>\n<p><span style=\"font-family: Arial, sans-serif;\"><strong>Se suman a los grupos que ya contaban con esta posibilidad:<\/strong> todos los mayores de 50 a\u00f1os, personal de salud y personas gestantes e inmunodeprimidos.<\/span><\/p>\n<p>&nbsp;<\/p>\n<p><span style=\"font-family: Arial, sans-serif;\"> El tiempo necesario entre la aplicaci\u00f3n del primer y el segundo componente es de ocho semanas en los casos de las vacunas Sputnik y AstraZeneca, y de tres semanas en el caso de haber sido inoculado con Sinopharm.<\/span><\/p>\n","protected":false},"excerpt":{"rendered":"<p>El registro se realiza desde la web y la aplicaci\u00f3n Vacunate. Los ni\u00f1os y ni\u00f1as deber\u00e1n contar con el consentimiento<\/p>\n","protected":false},"author":5,"featured_media":33776,"comment_status":"closed","ping_status":"closed","sticky":false,"template":"","format":"standard","meta":{"_jetpack_memberships_contains_paid_content":false,"footnotes":""},"categories":[16,1],"tags":[],"class_list":["post-34506","post","type-post","status-publish","format-standard","has-post-thumbnail","hentry","category-covid-19","category-portada"],"jetpack_featured_media_url":"https:\/\/i0.wp.com\/cdnoticias.com\/wp-content\/uploads\/2021\/09\/vacunacion-covid-03.jpg?fit=1280%2C712&ssl=1","jetpack_sharing_enabled":true,"_links":{"self":[{"href":"https:\/\/cdnoticias.com\/index.php\/wp-json\/wp\/v2\/posts\/34506","targetHints":{"allow":["GET"]}}],"collection":[{"href":"https:\/\/cdnoticias.com\/index.php\/wp-json\/wp\/v2\/posts"}],"about":[{"href":"https:\/\/cdnoticias.com\/index.php\/wp-json\/wp\/v2\/types\/post"}],"author":[{"embeddable":true,"href":"https:\/\/cdnoticias.com\/index.php\/wp-json\/wp\/v2\/users\/5"}],"replies":[{"embeddable":true,"href":"https:\/\/cdnoticias.com\/index.php\/wp-json\/wp\/v2\/comments?post=34506"}],"version-history":[{"count":0,"href":"https:\/\/cdnoticias.com\/index.php\/wp-json\/wp\/v2\/posts\/34506\/revisions"}],"wp:featuredmedia":[{"embeddable":true,"href":"https:\/\/cdnoticias.com\/index.php\/wp-json\/wp\/v2\/media\/33776"}],"wp:attachment":[{"href":"https:\/\/cdnoticias.com\/index.php\/wp-json\/wp\/v2\/media?parent=34506"}],"wp:term":[{"taxonomy":"category","embeddable":true,"href":"https:\/\/cdnoticias.com\/index.php\/wp-json\/wp\/v2\/categories?post=34506"},{"taxonomy":"post_tag","embeddable":true,"href":"https:\/\/cdnoticias.com\/index.php\/wp-json\/wp\/v2\/tags?post=34506"}],"curies":[{"name":"wp","href":"https:\/\/api.w.org\/{rel}","templated":true}]}}