{"id":34501,"date":"2021-10-02T11:45:19","date_gmt":"2021-10-02T14:45:19","guid":{"rendered":"http:\/\/www.centraldenoticias.com.ar\/?p=34501"},"modified":"2021-10-02T11:45:19","modified_gmt":"2021-10-02T14:45:19","slug":"taller-virtual-sobre-arbolado-urbano-los-participantes-recibiran-un-ejemplar","status":"publish","type":"post","link":"https:\/\/cdnoticias.com\/index.php\/2021\/10\/02\/taller-virtual-sobre-arbolado-urbano-los-participantes-recibiran-un-ejemplar\/","title":{"rendered":"Taller virtual sobre arbolado urbano: los participantes recibir\u00e1n un ejemplar"},"content":{"rendered":"<p><span style=\"font-family: Arial, sans-serif;\">Ser\u00e1 el pr\u00f3ximo 6 de octubre y requiere inscripci\u00f3n previa debido a que los cupos son limitados<\/span><span style=\"font-family: Arial, sans-serif;\">.<\/span><\/p>\n<p><!--more--><\/p>\n<hr \/>\n<p><span style=\"font-family: Arial, sans-serif;\">El pr\u00f3ximo <strong>mi\u00e9rcoles 6 de octubre a las 18<\/strong>, se dictar\u00e1 un taller virtual sobre arbolado urbano, organizado en forma conjunta entre el municipio, a trav\u00e9s de la Direcci\u00f3n de Desarrollo Sustentable de la Secretar\u00eda de Desarrollo Econ\u00f3mico y el \u00c1rea de Arbolado Urbano de la Secretar\u00eda de Obras P\u00fablicas, y el INTA.<\/span><\/p>\n<p>&nbsp;<\/p>\n<p><span style=\"font-family: Arial, sans-serif;\">Durante el transcurso del taller se brindar\u00e1n dos charlas: <strong>\u201cManejo del arbolado urbano\u201d<\/strong> a cargo de la Paisajista Ana Geoghegan, y<strong> \u201cBeneficios del arbolado urbano\u201d<\/strong> a cargo de la Ing. Agr\u00f3noma L\u00eda Oyesqui.<\/span><\/p>\n<p>&nbsp;<\/p>\n<p><span style=\"font-family: Arial, sans-serif;\">La propuesta se dictar\u00e1 de forma virtual, a trav\u00e9s de plataforma zoom. <strong>Tendr\u00e1 un cupo limitado de participantes<\/strong> y la inscripci\u00f3n ser\u00e1 a trav\u00e9s de este <a href=\"https:\/\/docs.google.com\/forms\/d\/e\/1FAIpQLSe6nxQCPDKn56susKibO2O0VBK-xvA80VZbpS30nnixfc5xgA\/viewform\" target=\"_blank\" rel=\"noopener\">formulario.<\/a><\/span><\/p>\n<p>&nbsp;<\/p>\n<p><span style=\"font-family: Arial, sans-serif;\">A las personas inscriptas que participen del taller, <strong>se les entregar\u00e1 un \u00e1rbol de especie urbana.<\/strong> Se aclar\u00f3 que, como condici\u00f3n para obtener el \u00e1rbol,<strong> las personas deber\u00e1n s\u00ed o s\u00ed participar de la charla<\/strong> ya que se pretende que, quienes obtengan el \u00e1rbol, tengan los conocimientos adquiridos sobre como plantar y cuidar los \u00e1rboles (es requisito tambi\u00e9n ser residente del partido de Olavarr\u00eda).<\/span><\/p>\n<p>&nbsp;<\/p>\n<p><span style=\"font-family: Arial, sans-serif;\">Para m\u00e1s informaci\u00f3n pueden comunicarse con la Direcci\u00f3n de Desarrollo Sustentable al tel\u00e9fono 422135\/195, por correo: gestionambiental@olavarria.gov.ar. Facebook e Instagram: Desarrollo Sustentable Olavarr\u00eda.<\/span><\/p>\n","protected":false},"excerpt":{"rendered":"<p>Ser\u00e1 el pr\u00f3ximo 6 de octubre y requiere inscripci\u00f3n previa debido a que los cupos son limitados.<\/p>\n","protected":false},"author":5,"featured_media":34502,"comment_status":"closed","ping_status":"closed","sticky":false,"template":"","format":"standard","meta":{"_jetpack_memberships_contains_paid_content":false,"footnotes":""},"categories":[5,1],"tags":[],"class_list":["post-34501","post","type-post","status-publish","format-standard","has-post-thumbnail","hentry","category-informacion-general","category-portada"],"jetpack_featured_media_url":"https:\/\/i0.wp.com\/cdnoticias.com\/wp-content\/uploads\/2021\/10\/Arbolado-urbano-Plantaci%C3%B3n-1-1024x768.jpg?fit=1024%2C768&ssl=1","jetpack_sharing_enabled":true,"_links":{"self":[{"href":"https:\/\/cdnoticias.com\/index.php\/wp-json\/wp\/v2\/posts\/34501","targetHints":{"allow":["GET"]}}],"collection":[{"href":"https:\/\/cdnoticias.com\/index.php\/wp-json\/wp\/v2\/posts"}],"about":[{"href":"https:\/\/cdnoticias.com\/index.php\/wp-json\/wp\/v2\/types\/post"}],"author":[{"embeddable":true,"href":"https:\/\/cdnoticias.com\/index.php\/wp-json\/wp\/v2\/users\/5"}],"replies":[{"embeddable":true,"href":"https:\/\/cdnoticias.com\/index.php\/wp-json\/wp\/v2\/comments?post=34501"}],"version-history":[{"count":0,"href":"https:\/\/cdnoticias.com\/index.php\/wp-json\/wp\/v2\/posts\/34501\/revisions"}],"wp:featuredmedia":[{"embeddable":true,"href":"https:\/\/cdnoticias.com\/index.php\/wp-json\/wp\/v2\/media\/34502"}],"wp:attachment":[{"href":"https:\/\/cdnoticias.com\/index.php\/wp-json\/wp\/v2\/media?parent=34501"}],"wp:term":[{"taxonomy":"category","embeddable":true,"href":"https:\/\/cdnoticias.com\/index.php\/wp-json\/wp\/v2\/categories?post=34501"},{"taxonomy":"post_tag","embeddable":true,"href":"https:\/\/cdnoticias.com\/index.php\/wp-json\/wp\/v2\/tags?post=34501"}],"curies":[{"name":"wp","href":"https:\/\/api.w.org\/{rel}","templated":true}]}}