{"id":34468,"date":"2021-10-01T19:17:14","date_gmt":"2021-10-01T22:17:14","guid":{"rendered":"http:\/\/www.centraldenoticias.com.ar\/?p=34468"},"modified":"2021-10-01T19:17:14","modified_gmt":"2021-10-01T22:17:14","slug":"como-va-a-estar-el-tiempo-durante-el-primer-fin-de-semana-de-octubre","status":"publish","type":"post","link":"https:\/\/cdnoticias.com\/index.php\/2021\/10\/01\/como-va-a-estar-el-tiempo-durante-el-primer-fin-de-semana-de-octubre\/","title":{"rendered":"C\u00f3mo va a estar el tiempo durante el primer fin de semana de octubre"},"content":{"rendered":"<p>\u00bfVolver\u00e1n las lluvias o finalmente se mantendr\u00e1n las buenas condiciones? Las respuestas en la siguiente nota.<!--more--><\/p>\n<hr \/>\n<p>S\u00ed, ya el d\u00e9cimo mes del a\u00f1o est\u00e1 entre nosotros. Para algunos el a\u00f1o se pas\u00f3 volando, y para otros seguramente se debe haber hecho eterno. Y seguro tambi\u00e9n debe haber a los que le pasa un poco de cada uno. <strong>Lo concreto es que octubre, y por ende la primavera, ya se han iniciado pero \u00bfeso se ver\u00e1 en el clima durante este fin de semana? Las respuestas a continuaci\u00f3n.<\/strong><\/p>\n<p>&nbsp;<\/p>\n<p><strong>Este viernes, seg\u00fan datos registrados desde la Estaci\u00f3n Meteorol\u00f3gica local, la m\u00ednima fue de 4.1\u00b0 a las 5:10 mientras que la m\u00e1xima fue de 20.1 a las 15:10<\/strong>. Para lo que resta de la jornada se presuma que siga agradable, con valores cercanos a los 13\u00b0 y viento relativamente calmo.<\/p>\n<p>&nbsp;<\/p>\n<p>Lamentablemente con el inicio del s\u00e1bado las condiciones comenzar\u00e1n a desmejorar. En principio se anticipa una merma en la temperatura hasta los 8 grados, acompa\u00f1ado con un incremento en los vientos con r\u00e1fagas que podr\u00edan ser superiores los 40 km\/h. Con el arribo de la ma\u00f1ana se elevar\u00e1 tanto la temperatura, hasta los 12\u00b0, como los vientos, con r\u00e1fagas m\u00e1ximas estimadas en los 59 km\/h. <strong>Para la tarde y noche, adem\u00e1s de prolongarse los fuertes vientos, tambi\u00e9n se advierte una probabilidad de tormentas aisladas.<\/strong><\/p>\n<p>&nbsp;<\/p>\n<p>Para el domingo, las condiciones no se modificar\u00e1n demasiado. Si bien la merma la probabilidad de lluvias y tormentas, los vientos intensos continuar\u00e1n hasta la tarde inclusive. <strong>La m\u00e1xima fue estimada en apenas 15 grados.<\/strong><\/p>\n","protected":false},"excerpt":{"rendered":"<p>\u00bfVolver\u00e1n las lluvias o finalmente se mantendr\u00e1n las buenas condiciones? Las respuestas en la siguiente nota.<\/p>\n","protected":false},"author":2,"featured_media":34469,"comment_status":"closed","ping_status":"closed","sticky":false,"template":"","format":"standard","meta":{"_jetpack_memberships_contains_paid_content":false,"footnotes":""},"categories":[5,1],"tags":[],"class_list":["post-34468","post","type-post","status-publish","format-standard","has-post-thumbnail","hentry","category-informacion-general","category-portada"],"jetpack_featured_media_url":"https:\/\/i0.wp.com\/cdnoticias.com\/wp-content\/uploads\/2021\/10\/smn.jpg?fit=800%2C445&ssl=1","jetpack_sharing_enabled":true,"_links":{"self":[{"href":"https:\/\/cdnoticias.com\/index.php\/wp-json\/wp\/v2\/posts\/34468","targetHints":{"allow":["GET"]}}],"collection":[{"href":"https:\/\/cdnoticias.com\/index.php\/wp-json\/wp\/v2\/posts"}],"about":[{"href":"https:\/\/cdnoticias.com\/index.php\/wp-json\/wp\/v2\/types\/post"}],"author":[{"embeddable":true,"href":"https:\/\/cdnoticias.com\/index.php\/wp-json\/wp\/v2\/users\/2"}],"replies":[{"embeddable":true,"href":"https:\/\/cdnoticias.com\/index.php\/wp-json\/wp\/v2\/comments?post=34468"}],"version-history":[{"count":0,"href":"https:\/\/cdnoticias.com\/index.php\/wp-json\/wp\/v2\/posts\/34468\/revisions"}],"wp:featuredmedia":[{"embeddable":true,"href":"https:\/\/cdnoticias.com\/index.php\/wp-json\/wp\/v2\/media\/34469"}],"wp:attachment":[{"href":"https:\/\/cdnoticias.com\/index.php\/wp-json\/wp\/v2\/media?parent=34468"}],"wp:term":[{"taxonomy":"category","embeddable":true,"href":"https:\/\/cdnoticias.com\/index.php\/wp-json\/wp\/v2\/categories?post=34468"},{"taxonomy":"post_tag","embeddable":true,"href":"https:\/\/cdnoticias.com\/index.php\/wp-json\/wp\/v2\/tags?post=34468"}],"curies":[{"name":"wp","href":"https:\/\/api.w.org\/{rel}","templated":true}]}}