{"id":34448,"date":"2021-10-01T17:33:46","date_gmt":"2021-10-01T20:33:46","guid":{"rendered":"http:\/\/www.centraldenoticias.com.ar\/?p=34448"},"modified":"2021-10-01T17:33:46","modified_gmt":"2021-10-01T20:33:46","slug":"avanza-la-construccion-de-las-viviendas-tradicionales-tuvi-en-barrio-pickelado","status":"publish","type":"post","link":"https:\/\/cdnoticias.com\/index.php\/2021\/10\/01\/avanza-la-construccion-de-las-viviendas-tradicionales-tuvi-en-barrio-pickelado\/","title":{"rendered":"Avanza la construcci\u00f3n de las viviendas tradicionales Tuvi en Barrio Pickelado"},"content":{"rendered":"<p>Los trabajos comenzaron a finales del mes de junio. El intendente y funcionarios municipales recorrieron la obra.<!--more--><\/p>\n<hr \/>\n<p>&nbsp;<\/p>\n<p>El <strong>Barrio Pickelado<\/strong> tendr\u00e1 -en el a\u00f1o 2022- 40 nuevas familias que cumplir\u00e1n el sue\u00f1o de la casa propia a partir del <strong>Programa Municipal de Viviendas Tuvi.<\/strong><\/p>\n<p>&nbsp;<\/p>\n<p><strong>A finales del mes de junio y principios de julio comenzaron los trabajos en los terrenos del barrio<\/strong> y las primeras 20 de ellas (de construcci\u00f3n tradicional) ya cuentan con un notorio grado de avance.<\/p>\n<p>&nbsp;<\/p>\n<p>En la ma\u00f1ana de este viernes, <strong>el intendente Ezequiel Galli estuvo en el lugar<\/strong>, acompa\u00f1ado por el secretario de Mantenimiento y Obras P\u00fablicas Julio Ferraro y el presidente del HCD Bruno Cenizo.<\/p>\n<p>&nbsp;<\/p>\n<p>De acuerdo al cronograma previsto por la Coordinaci\u00f3n del Programa Tuvi, ya se ha realizado el an\u00e1lisis de documentaci\u00f3n de los 20 adjudicatarios de las viviendas tradicionales y \u2013adem\u00e1s\u2013 este domingo 3 de octubre <a href=\"https:\/\/cdnoticias.com\/index.php\/2021\/09\/28\/plan-tu-vi-ultimos-dias-para-anotarse-en-el-programa-de-viviendas-industrializadas\/\" target=\"_blank\" rel=\"noopener\">finalizar\u00e1 la inscripci\u00f3n para quienes deseen adherirse a las viviendas industrializadas.<\/a><\/p>\n<p>&nbsp;<\/p>\n<p>En este \u00faltimo caso, los interesados podr\u00e1n hacerlo a trav\u00e9s de<a href=\"https:\/\/www.olavarria.gov.ar\/\" target=\"_blank\" rel=\"noopener\"> www.olavarria.gov.ar<\/a> . Deber\u00e1n estar inscriptos en el <strong>Registro de Demanda Habitacional<\/strong> con usuario y contrase\u00f1a e ingresar al bot\u00f3n que se encuentra en la esquina superior derecha de la pantalla que dice: \u201cProgramas Habitacionales Vigentes\u201d.<\/p>\n<p>&nbsp;<\/p>\n<p>Como se mencion\u00f3 en su anuncio,<strong> 20 viviendas ser\u00e1n de construcci\u00f3n tradicional y 20 industrializadas.<\/strong> Todas ellas tendr\u00e1n 45 metros cuadrados, con todas sus instalaciones, revestimientos, solados, cielorrasos, artefactos y accesorios necesarios para un buen funcionamiento.<\/p>\n","protected":false},"excerpt":{"rendered":"<p>Los trabajos comenzaron a finales del mes de junio. El intendente y funcionarios municipales recorrieron la obra.<\/p>\n","protected":false},"author":5,"featured_media":34449,"comment_status":"closed","ping_status":"closed","sticky":false,"template":"","format":"standard","meta":{"_jetpack_memberships_contains_paid_content":false,"footnotes":""},"categories":[5,1],"tags":[],"class_list":["post-34448","post","type-post","status-publish","format-standard","has-post-thumbnail","hentry","category-informacion-general","category-portada"],"jetpack_featured_media_url":"https:\/\/i0.wp.com\/cdnoticias.com\/wp-content\/uploads\/2021\/10\/Obras-Avance-Viviendas-Pickelado-1024x685.jpg?fit=1024%2C685&ssl=1","jetpack_sharing_enabled":true,"_links":{"self":[{"href":"https:\/\/cdnoticias.com\/index.php\/wp-json\/wp\/v2\/posts\/34448","targetHints":{"allow":["GET"]}}],"collection":[{"href":"https:\/\/cdnoticias.com\/index.php\/wp-json\/wp\/v2\/posts"}],"about":[{"href":"https:\/\/cdnoticias.com\/index.php\/wp-json\/wp\/v2\/types\/post"}],"author":[{"embeddable":true,"href":"https:\/\/cdnoticias.com\/index.php\/wp-json\/wp\/v2\/users\/5"}],"replies":[{"embeddable":true,"href":"https:\/\/cdnoticias.com\/index.php\/wp-json\/wp\/v2\/comments?post=34448"}],"version-history":[{"count":0,"href":"https:\/\/cdnoticias.com\/index.php\/wp-json\/wp\/v2\/posts\/34448\/revisions"}],"wp:featuredmedia":[{"embeddable":true,"href":"https:\/\/cdnoticias.com\/index.php\/wp-json\/wp\/v2\/media\/34449"}],"wp:attachment":[{"href":"https:\/\/cdnoticias.com\/index.php\/wp-json\/wp\/v2\/media?parent=34448"}],"wp:term":[{"taxonomy":"category","embeddable":true,"href":"https:\/\/cdnoticias.com\/index.php\/wp-json\/wp\/v2\/categories?post=34448"},{"taxonomy":"post_tag","embeddable":true,"href":"https:\/\/cdnoticias.com\/index.php\/wp-json\/wp\/v2\/tags?post=34448"}],"curies":[{"name":"wp","href":"https:\/\/api.w.org\/{rel}","templated":true}]}}