{"id":34446,"date":"2021-10-01T15:44:16","date_gmt":"2021-10-01T18:44:16","guid":{"rendered":"http:\/\/www.centraldenoticias.com.ar\/?p=34446"},"modified":"2021-10-01T15:44:16","modified_gmt":"2021-10-01T18:44:16","slug":"el-intendente-convoco-a-una-conferencia-de-prensa-para-anunciar-nuevas-medidas","status":"publish","type":"post","link":"https:\/\/cdnoticias.com\/index.php\/2021\/10\/01\/el-intendente-convoco-a-una-conferencia-de-prensa-para-anunciar-nuevas-medidas\/","title":{"rendered":"El intendente convoc\u00f3 a una conferencia de prensa para \u201canunciar nuevas medidas\u201d"},"content":{"rendered":"<p>Ser\u00e1 en la tarde de este viernes en el Palacio Municipal. Se detall\u00f3 que se tratar\u00e1 sobre nuevas disposiciones \u201cvinculadas con la pandemia\u201d.<!--more--><\/p>\n<hr \/>\n<p>En el cierre de la tarde de este viernes el intendente municipal de Olavarr\u00eda, Ezequiel Galli, encabezar\u00e1 <strong>una conferencia de prensa que tendr\u00e1 como escenario el Sal\u00f3n Blanco del Palacio Municipal.<\/strong><\/p>\n<p>&nbsp;<\/p>\n<blockquote><p>Ser\u00e1 transmisi\u00f3n de Central de Noticias a trav\u00e9s de nuestras redes sociales<\/p><\/blockquote>\n<p>&nbsp;<\/p>\n<p>De acuerdo con lo que se detall\u00f3, la convocatoria es <strong>a partir de las 19.30 y se precis\u00f3 que se van a \u201canunciar nuevas medidas vinculadas a la pandemia\u201d.<\/strong><\/p>\n<p>&nbsp;<\/p>\n<p>Vale recordar que con el inicio del presente mes de octubre comenzaron a regir las disposiciones y aperturas que fueran anunciadas por la ministra de Salud Carla Vizzoti y adheridas en las \u00faltimas horas por el gobernador Axel Kicillof. Entre otros temas,<strong> se aguarda por precisiones vinculadas, entre otras medidas, con aforo a eventos, sean particulares o privadas; y actividades nocturnas y comerciales.<\/strong><\/p>\n","protected":false},"excerpt":{"rendered":"<p>Ser\u00e1 en la tarde de este viernes en el Palacio Municipal. Se detall\u00f3 que se tratar\u00e1 sobre nuevas disposiciones \u201cvinculadas<\/p>\n","protected":false},"author":3,"featured_media":21061,"comment_status":"closed","ping_status":"closed","sticky":false,"template":"","format":"standard","meta":{"_jetpack_memberships_contains_paid_content":false,"footnotes":""},"categories":[5,1],"tags":[],"class_list":["post-34446","post","type-post","status-publish","format-standard","has-post-thumbnail","hentry","category-informacion-general","category-portada"],"jetpack_featured_media_url":"https:\/\/i0.wp.com\/cdnoticias.com\/wp-content\/uploads\/2021\/05\/galli-800x445.jpg?fit=800%2C445&ssl=1","jetpack_sharing_enabled":true,"_links":{"self":[{"href":"https:\/\/cdnoticias.com\/index.php\/wp-json\/wp\/v2\/posts\/34446","targetHints":{"allow":["GET"]}}],"collection":[{"href":"https:\/\/cdnoticias.com\/index.php\/wp-json\/wp\/v2\/posts"}],"about":[{"href":"https:\/\/cdnoticias.com\/index.php\/wp-json\/wp\/v2\/types\/post"}],"author":[{"embeddable":true,"href":"https:\/\/cdnoticias.com\/index.php\/wp-json\/wp\/v2\/users\/3"}],"replies":[{"embeddable":true,"href":"https:\/\/cdnoticias.com\/index.php\/wp-json\/wp\/v2\/comments?post=34446"}],"version-history":[{"count":0,"href":"https:\/\/cdnoticias.com\/index.php\/wp-json\/wp\/v2\/posts\/34446\/revisions"}],"wp:featuredmedia":[{"embeddable":true,"href":"https:\/\/cdnoticias.com\/index.php\/wp-json\/wp\/v2\/media\/21061"}],"wp:attachment":[{"href":"https:\/\/cdnoticias.com\/index.php\/wp-json\/wp\/v2\/media?parent=34446"}],"wp:term":[{"taxonomy":"category","embeddable":true,"href":"https:\/\/cdnoticias.com\/index.php\/wp-json\/wp\/v2\/categories?post=34446"},{"taxonomy":"post_tag","embeddable":true,"href":"https:\/\/cdnoticias.com\/index.php\/wp-json\/wp\/v2\/tags?post=34446"}],"curies":[{"name":"wp","href":"https:\/\/api.w.org\/{rel}","templated":true}]}}