{"id":34440,"date":"2021-10-04T17:27:44","date_gmt":"2021-10-04T20:27:44","guid":{"rendered":"http:\/\/www.centraldenoticias.com.ar\/?p=34440"},"modified":"2021-10-18T16:13:21","modified_gmt":"2021-10-18T19:13:21","slug":"coti-y-los-brillantes-se-presentaran-en-olavarria","status":"publish","type":"post","link":"https:\/\/cdnoticias.com\/index.php\/2021\/10\/04\/coti-y-los-brillantes-se-presentaran-en-olavarria\/","title":{"rendered":"Coti y los brillantes se presentar\u00e1n en Olavarr\u00eda"},"content":{"rendered":"<p>Se presentar\u00e1n el pr\u00f3ximo 20 de octubre a las 21:00 en el Teatro Municipal.<!--more--><\/p>\n<hr \/>\n<p><strong>Coti y los brillantes<\/strong> se presentar\u00e1n en el <strong>Teatro Municipal<\/strong> el pr\u00f3ximo <strong>20 de octubre a las 20:00.<\/strong> Las <strong>entradas<\/strong> ya se encuentran disponibles por la <strong>boleter\u00eda del teatro<\/strong> y por\u00a0sistema <a href=\"https:\/\/tuentrada.com\/eventos\/detalle\/Coti\/10228383514102\">tuentrada.com<\/a><\/p>\n<p>&nbsp;<\/p>\n<p>Desde el comienzo de <strong>2021<\/strong> el artista <strong>brind\u00f3 conciertos<\/strong> a sala llena en Uruguay, Mandarine Park, Santa Fe, Rosario, Neuqu\u00e9n, La Plata, Mar del Plata y Teatro Coliseo. Al regresar de su <strong>gira por Espa\u00f1a,<\/strong> realiza presentaciones en varias <strong>localidades de Argentina.<\/strong><\/p>\n<p>&nbsp;<\/p>\n<p>En el mes de <strong>mayo<\/strong> present\u00f3 la canci\u00f3n <strong><em>&#8220;A tu lado&#8221;<\/em><\/strong> y el 9 de junio, al cumplirse <strong>un a\u00f1o de la partida del cantante Pau Don\u00e9s<\/strong> (Jarabe de Palo), grab\u00f3 junto a Lel\u00e9 una versi\u00f3n\u00a0 del tema <em><strong>\u201cAgua\u201d.<\/strong>\u00a0<\/em>En un a\u00f1o muy particular como fue el <strong>2020<\/strong>, el <strong>m\u00fasico, compositor y productor<\/strong> se aventur\u00f3 a innovar y <strong>lanzar nuevo material.<\/strong><\/p>\n<p>&nbsp;<\/p>\n<p><img data-recalc-dims=\"1\" loading=\"lazy\" decoding=\"async\" class=\"alignnone size-large wp-image-34669\" src=\"https:\/\/i0.wp.com\/cdnoticias.com\/wp-content\/uploads\/2021\/10\/COTI-FEED.jpg?resize=800%2C800&#038;ssl=1\" alt=\"\" width=\"800\" height=\"800\" srcset=\"https:\/\/i0.wp.com\/cdnoticias.com\/wp-content\/uploads\/2021\/10\/COTI-FEED.jpg?resize=1024%2C1024&amp;ssl=1 1024w, https:\/\/i0.wp.com\/cdnoticias.com\/wp-content\/uploads\/2021\/10\/COTI-FEED.jpg?resize=150%2C150&amp;ssl=1 150w, https:\/\/i0.wp.com\/cdnoticias.com\/wp-content\/uploads\/2021\/10\/COTI-FEED.jpg?resize=300%2C300&amp;ssl=1 300w, https:\/\/i0.wp.com\/cdnoticias.com\/wp-content\/uploads\/2021\/10\/COTI-FEED.jpg?resize=768%2C768&amp;ssl=1 768w, https:\/\/i0.wp.com\/cdnoticias.com\/wp-content\/uploads\/2021\/10\/COTI-FEED.jpg?w=1080&amp;ssl=1 1080w\" sizes=\"auto, (max-width: 800px) 100vw, 800px\" \/><\/p>\n<p>&nbsp;<\/p>\n<p>Desde el<strong> inicio de la pandemia<\/strong> present\u00f3 la <strong>canci\u00f3n y el video anticipo<\/strong> de su <strong>pr\u00f3ximo disco<\/strong> llamado\u00a0<strong><em>&#8220;Por Ah\u00ed&#8221;<\/em><\/strong>, <strong>grabada y mezclada<\/strong> totalmente en <strong>tiempos de cuarentena<\/strong> y de forma remota entre Buenos Aires, Entre Rios, Madrid, La Plata y Uruguay, junto a m\u00fasicos de su banda <strong>\u201cLos Brillantes\u201d<\/strong> pero tambi\u00e9n de <strong>Guasones<\/strong> (Mat\u00edas Sorokin en guitarras y Starky Celedon en bater\u00eda). El <strong>arte gr\u00e1fico y la direcci\u00f3n del video lyric<\/strong> (filmado en formato vertical desde los balcones de la cuarentena) fueron realizados por Iv\u00e1n Sorokin y Guido Carmona, respectivamente.<\/p>\n<p>&nbsp;<\/p>\n<p>Tambi\u00e9n <strong>present\u00f3 el documental <em>&#8220;Nada fue un error&#8221; &#8211; Un viaje al Teatro Col\u00f3n\u201d<\/em>,<\/strong> que recorre el camino que realiz\u00f3 Coti para llegar al concierto en el Teatro Col\u00f3n. A lo largo de la pieza se muestran fragmentos de canciones grabadas en la m\u00e1s<strong> alta fidelidad, ensayos, testimonios del artista,<\/strong> sus m\u00fasicos, colaboradores, <strong>periodistas y la propia familia del m\u00fasico.<\/strong><\/p>\n<p>&nbsp;<\/p>\n<p><strong><em>\u201cLa Chica de la Esquina Rosada\u201d<\/em>,<\/strong> el <strong>segundo anticipo de su nuevo disco<\/strong> es una <strong>balada rock<\/strong> que llega con impronta de cl\u00e1sico instant\u00e1neo. Fue grabada en Buenos Aires Darwin Records y mezclada y masterizada por Max Miglin en Madrid. El <strong>videoclip<\/strong> contiene ilustraciones de Max Aguirre e im\u00e1genes reales se alternan y transforman dando vida a <em><strong>\u201cLa Chica de la Esquina Rosada\u201d<\/strong>.<\/em> El mismo fue dirigido por Guido Adler y Lautaro Esp\u00f3sito.<\/p>\n<p>&nbsp;<\/p>\n<p>Finalizando el a\u00f1o, grab\u00f3 una <strong>versi\u00f3n especial de su reconocida canci\u00f3n <\/strong><em><strong>\u201cD\u00edas<\/strong>\u201d<\/em> junto a <strong>artistas del barrio La Cava<\/strong>, para la serie <strong>\u201cLa previa con Bebe\u201d<\/strong> de Flow Music XP. En este cap\u00edtulo, Bebe Contepomi cumple el sue\u00f1o de Chris Deimon, Wendy Zoe, Ailen Celeste, y Pat\u00f3n quienes son<strong> invitados por Coti a reversionar una de sus canciones m\u00e1s escuchadas en su propio estudio.<\/strong> En el medio de la m\u00fasica, cuatro historias de vida que incluyen sue\u00f1os, redenciones, superaci\u00f3n y talento.<\/p>\n<p>&nbsp;<\/p>\n<p><strong>Conciertos<\/strong><\/p>\n<p>&nbsp;<\/p>\n<p>Durante el <strong>2020,<\/strong> Coti fue un precursor en <strong>brindar conciertos en las nuevas modalidades<\/strong> de tocar en vivo en este contexto y en <strong>noviembre dio el primer show con p\u00fablico presencial al aire libre<\/strong> en el <strong>CCKONEX.<\/strong> Previamente hab\u00eda <strong>inaugurado los auto conciertos en Argentina<\/strong> (en San Isidro), realizado el <strong>show m\u00e1s grande y convocante del pa\u00eds<\/strong>, en <strong>La Plata<\/strong> y se hab\u00eda presentado a fines de octubre en la apertura de dicho formato en el Hip\u00f3dromo de Palermo.<\/p>\n<p>&nbsp;<\/p>\n<p>En el mes de julio<strong> el artista abri\u00f3 por primera vez las puertas de su estudio,<\/strong> espacio donde nacen sus canciones y rodeado por diversas guitarras, su bandone\u00f3n y un centenario piano Steinway, entre otros instrumentos; <strong>comparti\u00f3 canciones y vivencias por streaming con espectadores de diferentes pa\u00edses del mundo.<\/strong><\/p>\n<p>&nbsp;<\/p>\n<p><strong>Valor de entradas<\/strong><\/p>\n<p><strong>$2500<\/strong> Platea Alta<\/p>\n<p><strong>$2300<\/strong> Platea Baja<\/p>\n<p><strong>$2000<\/strong> Pulman<\/p>\n<p><strong>$1700<\/strong> S\u00faper Pullman.<\/p>\n<p><strong>Venta en efectivo y tarjetas de cr\u00e9dito.<\/strong><\/p>\n<div class=\"at-below-post addthis_tool\" data-url=\"https:\/\/www.olavarria.gov.ar\/coti-y-los-brillantes-llegan-a-olavarria\/\">\n<div id=\"atstbx\" class=\"at-share-tbx-element addthis-smartlayers addthis-animated at4-show\" role=\"region\" aria-labelledby=\"at-c371e33c-b275-423a-a929-98c80b10f91d\"><\/div>\n<\/div>\n<p>&nbsp;<\/p>\n<p>&nbsp;<\/p>\n","protected":false},"excerpt":{"rendered":"<p>Se presentar\u00e1n el pr\u00f3ximo 20 de octubre a las 21:00 en el Teatro Municipal.<\/p>\n","protected":false},"author":6,"featured_media":34670,"comment_status":"closed","ping_status":"closed","sticky":false,"template":"","format":"standard","meta":{"_jetpack_memberships_contains_paid_content":false,"footnotes":""},"categories":[9,1],"tags":[],"class_list":["post-34440","post","type-post","status-publish","format-standard","has-post-thumbnail","hentry","category-cultura","category-portada"],"jetpack_featured_media_url":"https:\/\/i0.wp.com\/cdnoticias.com\/wp-content\/uploads\/2021\/10\/coti.jpg?fit=800%2C445&ssl=1","jetpack_sharing_enabled":true,"_links":{"self":[{"href":"https:\/\/cdnoticias.com\/index.php\/wp-json\/wp\/v2\/posts\/34440","targetHints":{"allow":["GET"]}}],"collection":[{"href":"https:\/\/cdnoticias.com\/index.php\/wp-json\/wp\/v2\/posts"}],"about":[{"href":"https:\/\/cdnoticias.com\/index.php\/wp-json\/wp\/v2\/types\/post"}],"author":[{"embeddable":true,"href":"https:\/\/cdnoticias.com\/index.php\/wp-json\/wp\/v2\/users\/6"}],"replies":[{"embeddable":true,"href":"https:\/\/cdnoticias.com\/index.php\/wp-json\/wp\/v2\/comments?post=34440"}],"version-history":[{"count":0,"href":"https:\/\/cdnoticias.com\/index.php\/wp-json\/wp\/v2\/posts\/34440\/revisions"}],"wp:featuredmedia":[{"embeddable":true,"href":"https:\/\/cdnoticias.com\/index.php\/wp-json\/wp\/v2\/media\/34670"}],"wp:attachment":[{"href":"https:\/\/cdnoticias.com\/index.php\/wp-json\/wp\/v2\/media?parent=34440"}],"wp:term":[{"taxonomy":"category","embeddable":true,"href":"https:\/\/cdnoticias.com\/index.php\/wp-json\/wp\/v2\/categories?post=34440"},{"taxonomy":"post_tag","embeddable":true,"href":"https:\/\/cdnoticias.com\/index.php\/wp-json\/wp\/v2\/tags?post=34440"}],"curies":[{"name":"wp","href":"https:\/\/api.w.org\/{rel}","templated":true}]}}