{"id":34421,"date":"2021-10-01T12:55:49","date_gmt":"2021-10-01T15:55:49","guid":{"rendered":"http:\/\/www.centraldenoticias.com.ar\/?p=34421"},"modified":"2021-10-01T13:55:40","modified_gmt":"2021-10-01T16:55:40","slug":"en-un-emotivo-acto-colocaron-un-mosaico-del-panuelo-de-madres-de-plaza-de-mayo-en-el-hcd","status":"publish","type":"post","link":"https:\/\/cdnoticias.com\/index.php\/2021\/10\/01\/en-un-emotivo-acto-colocaron-un-mosaico-del-panuelo-de-madres-de-plaza-de-mayo-en-el-hcd\/","title":{"rendered":"En un emotivo acto, colocaron un mosaico del pa\u00f1uelo de Madres de Plaza de Mayo en el HCD"},"content":{"rendered":"<p>Fue tras un trabajo del bloque Renovaci\u00f3n Peronista y Enape, que tuvo representaci\u00f3n en docentes y estudiantes. Todos los bloques del HCD repudiaron los actos de vandalismo con los pa\u00f1uelos semanas atr\u00e1s.\u00a0<!--more--><\/p>\n<hr \/>\n<p>En la ma\u00f1ana de este viernes, y en un emotivo acto, <strong>colocaron un mosaico del pa\u00f1uelo de Madres de Plaza de Mayo en el Concejo Deliberante, s\u00edmbolo de la lucha por los derechos humanos ante lo sucedido en la \u00faltima dictadura c\u00edvico-militar.<\/strong><\/p>\n<p>&nbsp;<\/p>\n<p>Participaron concejales de todos los espacios pol\u00edticos del HCD, directivos, profesores y estudiantes del HCD, integrantes de la Delegaci\u00f3n local de la Subsecretar\u00eda de Derechos Humanos de la Provincia de Buenos Aires, as\u00ed como tambi\u00e9n la Comisi\u00f3n por la Memoria de nuestra ciudad.<\/p>\n<p>&nbsp;<\/p>\n<p><img data-recalc-dims=\"1\" loading=\"lazy\" decoding=\"async\" class=\"alignnone size-large wp-image-34424\" src=\"https:\/\/i0.wp.com\/cdnoticias.com\/wp-content\/uploads\/2021\/10\/mosaico-3.jpg?resize=800%2C445&#038;ssl=1\" alt=\"\" width=\"800\" height=\"445\" srcset=\"https:\/\/i0.wp.com\/cdnoticias.com\/wp-content\/uploads\/2021\/10\/mosaico-3.jpg?resize=1024%2C570&amp;ssl=1 1024w, https:\/\/i0.wp.com\/cdnoticias.com\/wp-content\/uploads\/2021\/10\/mosaico-3.jpg?resize=300%2C167&amp;ssl=1 300w, https:\/\/i0.wp.com\/cdnoticias.com\/wp-content\/uploads\/2021\/10\/mosaico-3.jpg?resize=768%2C427&amp;ssl=1 768w, https:\/\/i0.wp.com\/cdnoticias.com\/wp-content\/uploads\/2021\/10\/mosaico-3.jpg?resize=800%2C445&amp;ssl=1 800w, https:\/\/i0.wp.com\/cdnoticias.com\/wp-content\/uploads\/2021\/10\/mosaico-3.jpg?w=1600&amp;ssl=1 1600w, https:\/\/i0.wp.com\/cdnoticias.com\/wp-content\/uploads\/2021\/10\/mosaico-3.jpg?w=2400&amp;ssl=1 2400w\" sizes=\"auto, (max-width: 800px) 100vw, 800px\" \/><\/p>\n<p>&nbsp;<\/p>\n<p><img data-recalc-dims=\"1\" loading=\"lazy\" decoding=\"async\" class=\"alignnone size-large wp-image-34423\" src=\"https:\/\/i0.wp.com\/cdnoticias.com\/wp-content\/uploads\/2021\/10\/mosaico-2.jpg?resize=800%2C445&#038;ssl=1\" alt=\"\" width=\"800\" height=\"445\" srcset=\"https:\/\/i0.wp.com\/cdnoticias.com\/wp-content\/uploads\/2021\/10\/mosaico-2.jpg?resize=1024%2C570&amp;ssl=1 1024w, https:\/\/i0.wp.com\/cdnoticias.com\/wp-content\/uploads\/2021\/10\/mosaico-2.jpg?resize=300%2C167&amp;ssl=1 300w, https:\/\/i0.wp.com\/cdnoticias.com\/wp-content\/uploads\/2021\/10\/mosaico-2.jpg?resize=768%2C427&amp;ssl=1 768w, https:\/\/i0.wp.com\/cdnoticias.com\/wp-content\/uploads\/2021\/10\/mosaico-2.jpg?resize=800%2C445&amp;ssl=1 800w, https:\/\/i0.wp.com\/cdnoticias.com\/wp-content\/uploads\/2021\/10\/mosaico-2.jpg?w=1600&amp;ssl=1 1600w, https:\/\/i0.wp.com\/cdnoticias.com\/wp-content\/uploads\/2021\/10\/mosaico-2.jpg?w=2400&amp;ssl=1 2400w\" sizes=\"auto, (max-width: 800px) 100vw, 800px\" \/><\/p>\n<p>&nbsp;<\/p>\n<p>Uno de los principales oradores del acto fue el concejal Germ\u00e1n Aramburu (Renovaci\u00f3n Peronista) quien fue uno de los impulsores de la propuesta. Se mostr\u00f3 \u201cconmovido\u201d por la convocatoria, y se\u00f1al\u00f3 que<strong><em> \u201cesta tarea de mosaiquismo surge como una idea de dos mujeres de La Plata, cuando en 2018 retiraron las baldosas de Plaza de Mayo, como una forma de mantener la memoria viva\u201d.<\/em><\/strong><\/p>\n<p>&nbsp;<\/p>\n<p><img data-recalc-dims=\"1\" loading=\"lazy\" decoding=\"async\" class=\"alignnone size-large wp-image-34425\" src=\"https:\/\/i0.wp.com\/cdnoticias.com\/wp-content\/uploads\/2021\/10\/mosaico-4.jpg?resize=800%2C445&#038;ssl=1\" alt=\"\" width=\"800\" height=\"445\" srcset=\"https:\/\/i0.wp.com\/cdnoticias.com\/wp-content\/uploads\/2021\/10\/mosaico-4.jpg?resize=1024%2C570&amp;ssl=1 1024w, https:\/\/i0.wp.com\/cdnoticias.com\/wp-content\/uploads\/2021\/10\/mosaico-4.jpg?resize=300%2C167&amp;ssl=1 300w, https:\/\/i0.wp.com\/cdnoticias.com\/wp-content\/uploads\/2021\/10\/mosaico-4.jpg?resize=768%2C427&amp;ssl=1 768w, https:\/\/i0.wp.com\/cdnoticias.com\/wp-content\/uploads\/2021\/10\/mosaico-4.jpg?resize=800%2C445&amp;ssl=1 800w, https:\/\/i0.wp.com\/cdnoticias.com\/wp-content\/uploads\/2021\/10\/mosaico-4.jpg?w=1600&amp;ssl=1 1600w, https:\/\/i0.wp.com\/cdnoticias.com\/wp-content\/uploads\/2021\/10\/mosaico-4.jpg?w=2400&amp;ssl=1 2400w\" sizes=\"auto, (max-width: 800px) 100vw, 800px\" \/><\/p>\n<p>&nbsp;<\/p>\n<blockquote><p>\u201cEs una manera de trabajar para no silenciar la historia: decidieron que esta apuesta se multiplique, que vecinos, vecinas, instituciones, organismos, quienes quieran reproducir esta hermosa actividad puedan hacerlo\u201d.<\/p><\/blockquote>\n<p>&nbsp;<\/p>\n<p>Aramburu se contact\u00f3 con las creadoras del proyecto y les respondieron que, en paralelo, estudiantes de nivel secundario de ENAPE estaban tambi\u00e9n con esta iniciativa.<strong> All\u00ed comenz\u00f3 un trabajo articulado y mancomunado que deriv\u00f3 en este importante acto.<\/strong><\/p>\n<p>&nbsp;<\/p>\n<p>Todo esto data del a\u00f1o 2019, y debi\u00f3 ser postergado por la pandemia.<em> \u201cEste a\u00f1o retomamos el proyecto y lo organizamos en el marco de la Semana de la Juventud. Ellos necesitaban un acto administrativo mediante un decreto (del cual agradezco a todos los bloques pol\u00edticos que lo acompa\u00f1aron) que ordenaba colocar el mosaico\u201d.<\/em><\/p>\n<p>&nbsp;<\/p>\n<p><img data-recalc-dims=\"1\" loading=\"lazy\" decoding=\"async\" class=\"alignnone size-large wp-image-34428\" src=\"https:\/\/i0.wp.com\/cdnoticias.com\/wp-content\/uploads\/2021\/10\/mosaico-7.jpg?resize=800%2C445&#038;ssl=1\" alt=\"\" width=\"800\" height=\"445\" srcset=\"https:\/\/i0.wp.com\/cdnoticias.com\/wp-content\/uploads\/2021\/10\/mosaico-7.jpg?resize=1024%2C570&amp;ssl=1 1024w, https:\/\/i0.wp.com\/cdnoticias.com\/wp-content\/uploads\/2021\/10\/mosaico-7.jpg?resize=300%2C167&amp;ssl=1 300w, https:\/\/i0.wp.com\/cdnoticias.com\/wp-content\/uploads\/2021\/10\/mosaico-7.jpg?resize=768%2C427&amp;ssl=1 768w, https:\/\/i0.wp.com\/cdnoticias.com\/wp-content\/uploads\/2021\/10\/mosaico-7.jpg?resize=800%2C445&amp;ssl=1 800w, https:\/\/i0.wp.com\/cdnoticias.com\/wp-content\/uploads\/2021\/10\/mosaico-7.jpg?w=1600&amp;ssl=1 1600w, https:\/\/i0.wp.com\/cdnoticias.com\/wp-content\/uploads\/2021\/10\/mosaico-7.jpg?w=2400&amp;ssl=1 2400w\" sizes=\"auto, (max-width: 800px) 100vw, 800px\" \/><\/p>\n<p>&nbsp;<\/p>\n<p>En paralelo, dijo que el hecho fue \u201ccasual, pero no tan casual\u201d que coincidiera d\u00edas despu\u00e9s de los <strong>repudiables actos vand\u00e1licos de una agrupaci\u00f3n pol\u00edtica que intervino con agravios los pa\u00f1uelos pintados en la Plaza central de nuestra ciudad.<em> \u201cCae como una respuesta a este acto de vandalismo por parte de inadaptados. Aprovecho para dejar en claro que todo el Concejo Deliberante repudia este hecho. Por ah\u00ed nos hemos manifestado desde distintos bloques, pero lo haremos en su conjunto. Son ataques m\u00ednimos, pero hay que prestarles atenci\u00f3n: no para darles entidad, pero s\u00ed para estar alertas y qu\u00e9 mejor, entre otras cosas, que hacer este proyecto\u201d.<\/em><\/strong><\/p>\n<p>&nbsp;<\/p>\n<p>Tambi\u00e9n mencion\u00f3 la creaci\u00f3n del Archivo Hist\u00f3rico de los 2.810 d\u00edas, que es recopilar informaci\u00f3n en los d\u00edas que no funcion\u00f3 el Concejo Deliberante por la \u00faltima dictadura c\u00edvico-militar. <strong><em>\u201cA esos hechos nosotros respondemos con m\u00e1s democracia y m\u00e1s amor\u201d<\/em> <\/strong>insisti\u00f3.<\/p>\n<p>&nbsp;<\/p>\n<p>Marian Jadur, profesora de ENAPE que tom\u00f3 la palabra, se\u00f1al\u00f3 que los mosaicos forman parte de un trabajo integral donde se repas\u00f3 la historia de los pa\u00f1uelos, las Madres de Plaza de Mayo y todo lo que representan:<em> \u201cla simbolog\u00eda que tiene este pa\u00f1uelo blanco, trabajamos sobre su historia, c\u00f3mo surgen y qu\u00e9 representan. Cuestiones que representan al amor, la lucha, la paz, grandes conceptos que nos atraviesan como instituci\u00f3n, comunidad, y que son pilares para la educaci\u00f3n art\u00edstica y en general\u201d.<\/em><\/p>\n<p>&nbsp;<\/p>\n<p><img data-recalc-dims=\"1\" loading=\"lazy\" decoding=\"async\" class=\"alignnone size-large wp-image-34427\" src=\"https:\/\/i0.wp.com\/cdnoticias.com\/wp-content\/uploads\/2021\/10\/mosaico-6.jpg?resize=800%2C445&#038;ssl=1\" alt=\"\" width=\"800\" height=\"445\" srcset=\"https:\/\/i0.wp.com\/cdnoticias.com\/wp-content\/uploads\/2021\/10\/mosaico-6.jpg?resize=1024%2C570&amp;ssl=1 1024w, https:\/\/i0.wp.com\/cdnoticias.com\/wp-content\/uploads\/2021\/10\/mosaico-6.jpg?resize=300%2C167&amp;ssl=1 300w, https:\/\/i0.wp.com\/cdnoticias.com\/wp-content\/uploads\/2021\/10\/mosaico-6.jpg?resize=768%2C427&amp;ssl=1 768w, https:\/\/i0.wp.com\/cdnoticias.com\/wp-content\/uploads\/2021\/10\/mosaico-6.jpg?resize=800%2C445&amp;ssl=1 800w, https:\/\/i0.wp.com\/cdnoticias.com\/wp-content\/uploads\/2021\/10\/mosaico-6.jpg?w=1600&amp;ssl=1 1600w, https:\/\/i0.wp.com\/cdnoticias.com\/wp-content\/uploads\/2021\/10\/mosaico-6.jpg?w=2400&amp;ssl=1 2400w\" sizes=\"auto, (max-width: 800px) 100vw, 800px\" \/><\/p>\n<p>&nbsp;<\/p>\n<p>Tambi\u00e9n mencion\u00f3 a los protagonistas: los estudiantes.<em> \u201cEn ese momento estaban en segundo a\u00f1o, hoy est\u00e1n en cuarto a\u00f1o\u201d.<\/em> Resalt\u00f3 que <em>\u201ces un proyecto sin fines de lucro donde aquellos que quieran un mosaico puedan tenerlo. Se hicieron alrededor de 20 obras que fueron ubicadas en diversos puntos de la ciudad\u201d<\/em> y luego del parate por la pandemia, uno de ellos fue colocado en el HCD.<\/p>\n","protected":false},"excerpt":{"rendered":"<p>Fue tras un trabajo del bloque Renovaci\u00f3n Peronista y Enape, que tuvo representaci\u00f3n en docentes y estudiantes. Todos los bloques<\/p>\n","protected":false},"author":2,"featured_media":34426,"comment_status":"closed","ping_status":"closed","sticky":false,"template":"","format":"standard","meta":{"_jetpack_memberships_contains_paid_content":false,"footnotes":""},"categories":[4,1],"tags":[],"class_list":["post-34421","post","type-post","status-publish","format-standard","has-post-thumbnail","hentry","category-politica","category-portada"],"jetpack_featured_media_url":"https:\/\/i0.wp.com\/cdnoticias.com\/wp-content\/uploads\/2021\/10\/mosaico-5.jpg?fit=4608%2C2564&ssl=1","jetpack_sharing_enabled":true,"_links":{"self":[{"href":"https:\/\/cdnoticias.com\/index.php\/wp-json\/wp\/v2\/posts\/34421","targetHints":{"allow":["GET"]}}],"collection":[{"href":"https:\/\/cdnoticias.com\/index.php\/wp-json\/wp\/v2\/posts"}],"about":[{"href":"https:\/\/cdnoticias.com\/index.php\/wp-json\/wp\/v2\/types\/post"}],"author":[{"embeddable":true,"href":"https:\/\/cdnoticias.com\/index.php\/wp-json\/wp\/v2\/users\/2"}],"replies":[{"embeddable":true,"href":"https:\/\/cdnoticias.com\/index.php\/wp-json\/wp\/v2\/comments?post=34421"}],"version-history":[{"count":0,"href":"https:\/\/cdnoticias.com\/index.php\/wp-json\/wp\/v2\/posts\/34421\/revisions"}],"wp:featuredmedia":[{"embeddable":true,"href":"https:\/\/cdnoticias.com\/index.php\/wp-json\/wp\/v2\/media\/34426"}],"wp:attachment":[{"href":"https:\/\/cdnoticias.com\/index.php\/wp-json\/wp\/v2\/media?parent=34421"}],"wp:term":[{"taxonomy":"category","embeddable":true,"href":"https:\/\/cdnoticias.com\/index.php\/wp-json\/wp\/v2\/categories?post=34421"},{"taxonomy":"post_tag","embeddable":true,"href":"https:\/\/cdnoticias.com\/index.php\/wp-json\/wp\/v2\/tags?post=34421"}],"curies":[{"name":"wp","href":"https:\/\/api.w.org\/{rel}","templated":true}]}}