{"id":34380,"date":"2021-09-30T19:22:00","date_gmt":"2021-09-30T22:22:00","guid":{"rendered":"http:\/\/www.centraldenoticias.com.ar\/?p=34380"},"modified":"2021-09-30T19:22:00","modified_gmt":"2021-09-30T22:22:00","slug":"solo-soy-una-nena-que-pasa-a-ser-trans-serena-y-el-derecho-a-ser","status":"publish","type":"post","link":"https:\/\/cdnoticias.com\/index.php\/2021\/09\/30\/solo-soy-una-nena-que-pasa-a-ser-trans-serena-y-el-derecho-a-ser\/","title":{"rendered":"\u201cSolo soy una nena que pasa a ser trans\u201d: Serena y el derecho a ser"},"content":{"rendered":"<p>La historia de la ni\u00f1a de 13 a\u00f1os que vive en Neuqu\u00e9n forma parte de la serie documental #DesGeneradXs que busca visibilizar vidas del colectivo LGBTIQ+ en el Alto Valle de Rio Negro. El \u00faltimo cap\u00edtulo emitido por Instagram y Canal 10 transcendi\u00f3 fronteras.<!--more--><\/p>\n<hr \/>\n<p><strong><em>\u201cSolo soy una nena, que pasa a ser trans\u201d<\/em><\/strong>, expres\u00f3 con contundencia de palabras Serena. La ni\u00f1a tiene 13 a\u00f1os y vive con su familia en Neuqu\u00e9n.<a href=\"https:\/\/www.instagram.com\/p\/CUTQQqLNuvJ\/\" target=\"_blank\" rel=\"noopener\"> Su historia fue reflejada en uno de los cap\u00edtulos de la serie documental #DesGeneradXs.<\/a><\/p>\n<p>&nbsp;<\/p>\n<p>La propuesta consiste en un contenido audiovisual pensado para redes sociales. Un formato sint\u00e9tico y din\u00e1mico que <strong>recoge voces del colectivo LGTBIQ+ que habita en el Alto Valle de Rio Negro<\/strong> y se emite por Instagram y la pantalla de Canal 10 de Rio Negro.<\/p>\n<p>&nbsp;<\/p>\n<p><strong>El 17 de agosto de 2017 Serena eligi\u00f3 su nombre<\/strong>: <em>\u201cMe di cuenta de que era Serena alrededor de los 8 a\u00f1os y empec\u00e9 a transicionar a los 9\u201d<\/em>, indic\u00f3.<\/p>\n<p>&nbsp;<\/p>\n<p>En el cap\u00edtulo, su padre, cont\u00f3 que en un primer momento apareci\u00f3 el miedo, el temor a la discriminaci\u00f3n, a la desprotecci\u00f3n y a la violencia. Sin embargo, supo que<em> \u201cno hab\u00eda nada que pensar, hab\u00eda que acompa\u00f1ar. Luego yo ver\u00eda qu\u00e9 hac\u00eda con mi proceso interno, c\u00f3mo deconstru\u00eda mis estructuras, mi creencias, mis cuestiones religiosas\u201d<\/em>, se\u00f1al\u00f3 y agreg\u00f3: <strong><em>\u201cYo ver\u00eda despu\u00e9s\u201d.<\/em><\/strong><\/p>\n<p>&nbsp;<\/p>\n<p>N\u00e9stor, resalt\u00f3 el contacto con otras familias con ni\u00f1eces trans e historias de vida diversas. All\u00ed encontr\u00f3, junto a su compa\u00f1era, Ver\u00f3nica, un remanso y<strong> pudieron darle a su hija un acompa\u00f1amiento mejor, m\u00e1s emp\u00e1tico, muy atento y con mucha libertad.<\/strong><\/p>\n<p>&nbsp;<\/p>\n<blockquote><p>Hab\u00eda algo m\u00e1s, no era un juego para ella. Para nosotros era un juego, ella necesitaba ser, no jugar a ser.<\/p><\/blockquote>\n<p>&nbsp;<\/p>\n<p><em>\u201cMe di cuenta que era mujer, y me hizo sentir menos confundida, m\u00e1s c\u00f3moda. Me hizo sentir que ya entend\u00eda por qu\u00e9 ten\u00eda esas actitudes y los otros nenes no. Porque yo no era un nene, era una nena\u201d<\/em>, indic\u00f3 con simpleza.<\/p>\n<p>&nbsp;<\/p>\n<p><img data-recalc-dims=\"1\" loading=\"lazy\" decoding=\"async\" class=\"alignnone size-full wp-image-34383\" src=\"https:\/\/i0.wp.com\/cdnoticias.com\/wp-content\/uploads\/2021\/09\/serena.png?resize=594%2C465&#038;ssl=1\" alt=\"\" width=\"594\" height=\"465\" srcset=\"https:\/\/i0.wp.com\/cdnoticias.com\/wp-content\/uploads\/2021\/09\/serena.png?w=594&amp;ssl=1 594w, https:\/\/i0.wp.com\/cdnoticias.com\/wp-content\/uploads\/2021\/09\/serena.png?resize=300%2C235&amp;ssl=1 300w\" sizes=\"auto, (max-width: 594px) 100vw, 594px\" \/><\/p>\n<p>&nbsp;<\/p>\n<p><strong>La serie<\/strong><\/p>\n<p>&nbsp;<\/p>\n<p>En 2020 Jose Amieva, Le\u00f3n Spinelli y Sole Gonz\u00e1lez, sintieron la necesidad de poner a circular <strong>un producto que visibilice las identidades disidentes.<\/strong><\/p>\n<p>&nbsp;<\/p>\n<p><em>\u201cCreemos que este contenido produce un gran impacto social por varias razones: en primer lugar, visibiliza las realidades de minor\u00edas discriminadas, segregadas y castigadas por un sistema patriarcal y binario, pertenecientes al colectivo LGTBIQ+\u201d<\/em>, afirmaron.<\/p>\n<p>&nbsp;<\/p>\n<p>A su vez,<em> \u201cinterpela a quienes espectan, invitando a <strong>repensar ciertos patrones de comportamiento discriminatorio y para ello se vale de la apertura de interrogantes, nunca de lenguaje vulgar o cargado de morbo<\/strong>\u201d.<\/em><\/p>\n<p>&nbsp;<\/p>\n<p>Las entrevistas son abordadas teniendo en cuenta el<strong> territorio donde se desarrollan las historias de vida.<\/strong> Haci\u00e9ndolas visibles en esa comunidad y abriendo un panorama de las realidades en torno a las disidencias de g\u00e9nero en otros lugares.<\/p>\n<p>&nbsp;<\/p>\n<p>De esta forma, en la cuenta de <a href=\"https:\/\/www.instagram.com\/explore\/tags\/desgeneradxs\/\" target=\"_blank\" rel=\"noopener\">Instagram de #DesGeneradXs<\/a>, podemos conocer relatos de personas de Viedma, San Antonio, Las Grutas, Luis Beltr\u00e1n, entre otros.<\/p>\n<p>&nbsp;<\/p>\n<p>&nbsp;<\/p>\n<p><em><strong>Imagen de portada: Diario 10 digital de Rio Negro.<\/strong><\/em><\/p>\n","protected":false},"excerpt":{"rendered":"<p>La historia de la ni\u00f1a de 13 a\u00f1os que vive en Neuqu\u00e9n forma parte de la serie documental #DesGeneradXs que<\/p>\n","protected":false},"author":5,"featured_media":34384,"comment_status":"closed","ping_status":"closed","sticky":false,"template":"","format":"standard","meta":{"_jetpack_memberships_contains_paid_content":false,"footnotes":""},"categories":[3,1],"tags":[],"class_list":["post-34380","post","type-post","status-publish","format-standard","has-post-thumbnail","hentry","category-genero","category-portada"],"jetpack_featured_media_url":"https:\/\/i0.wp.com\/cdnoticias.com\/wp-content\/uploads\/2021\/09\/serena-696x391.jpg?fit=696%2C391&ssl=1","jetpack_sharing_enabled":true,"_links":{"self":[{"href":"https:\/\/cdnoticias.com\/index.php\/wp-json\/wp\/v2\/posts\/34380","targetHints":{"allow":["GET"]}}],"collection":[{"href":"https:\/\/cdnoticias.com\/index.php\/wp-json\/wp\/v2\/posts"}],"about":[{"href":"https:\/\/cdnoticias.com\/index.php\/wp-json\/wp\/v2\/types\/post"}],"author":[{"embeddable":true,"href":"https:\/\/cdnoticias.com\/index.php\/wp-json\/wp\/v2\/users\/5"}],"replies":[{"embeddable":true,"href":"https:\/\/cdnoticias.com\/index.php\/wp-json\/wp\/v2\/comments?post=34380"}],"version-history":[{"count":0,"href":"https:\/\/cdnoticias.com\/index.php\/wp-json\/wp\/v2\/posts\/34380\/revisions"}],"wp:featuredmedia":[{"embeddable":true,"href":"https:\/\/cdnoticias.com\/index.php\/wp-json\/wp\/v2\/media\/34384"}],"wp:attachment":[{"href":"https:\/\/cdnoticias.com\/index.php\/wp-json\/wp\/v2\/media?parent=34380"}],"wp:term":[{"taxonomy":"category","embeddable":true,"href":"https:\/\/cdnoticias.com\/index.php\/wp-json\/wp\/v2\/categories?post=34380"},{"taxonomy":"post_tag","embeddable":true,"href":"https:\/\/cdnoticias.com\/index.php\/wp-json\/wp\/v2\/tags?post=34380"}],"curies":[{"name":"wp","href":"https:\/\/api.w.org\/{rel}","templated":true}]}}