{"id":34367,"date":"2021-10-01T09:42:55","date_gmt":"2021-10-01T12:42:55","guid":{"rendered":"http:\/\/www.centraldenoticias.com.ar\/?p=34367"},"modified":"2021-10-01T09:42:55","modified_gmt":"2021-10-01T12:42:55","slug":"la-banda-tributo-el-cuarto-soda-llega-al-teatro-municipal","status":"publish","type":"post","link":"https:\/\/cdnoticias.com\/index.php\/2021\/10\/01\/la-banda-tributo-el-cuarto-soda-llega-al-teatro-municipal\/","title":{"rendered":"La banda tributo &#8220;El Cuarto Soda&#8221; llega al Teatro Municipal"},"content":{"rendered":"<p>La banda tributo a Soda Stereo se presentar\u00e1 el pr\u00f3ximo jueves 28 de octubre a las 21:00.<!--more--><\/p>\n<hr \/>\n<p><strong>El Cuarto Soda<\/strong>, <strong>banda tributo a Soda Stereo<\/strong>, llega al <strong>Teatro Municipal<\/strong> el pr\u00f3ximo<strong> jueves 28 de octubre<\/strong> a las <strong>21:00.<\/strong><\/p>\n<p>&nbsp;<\/p>\n<p>Los<strong> instrumentos que utilizaba Soda Stereo,<\/strong>\u00a0tales como la guitarra Jackson Soloist de <strong>Gustavo Cerati<\/strong>, las bater\u00edas Remo y Roland DDR30 de<strong> Charly Alberti<\/strong>,\u00a0 y el bajo Kubicki Factor de <strong>Zeta Bosio<\/strong>, hacen del show de <strong>El Cuarto Soda<\/strong> una <strong>experiencia \u00fanica<\/strong>, <strong>recreando en vivo<\/strong> el particular <strong>sonido del tr\u00edo argentino<\/strong>.<\/p>\n<p>&nbsp;<\/p>\n<p><strong>El Cuarto Soda<\/strong> naci\u00f3 en<strong> 2017<\/strong> de la mano de <strong>Gabriel Muscio<\/strong>, <strong>baterista y percusionista<\/strong>, convocando a <strong>Pol Walls<\/strong> en <strong>bajo y coros<\/strong>, y luego a <strong>Brian Tolenti<\/strong> en <strong>guitarra y voz<\/strong> tras su paso por Showmatch, donde represent\u00f3, ni m\u00e1s ni menos, que a Gustavo Cerati.<\/p>\n<p>&nbsp;<\/p>\n<p>Gracias a su<strong> fanatismo y respeto por la obra de Soda Stereo<\/strong>, <strong>la banda sigue en crecimiento<\/strong> present\u00e1ndose en varios programas de televisi\u00f3n y radio, <strong>girando por el pa\u00eds<\/strong> y siendo convocados a importantes <strong>eventos p\u00fablicos y privados<\/strong> en <strong>Argentina y Latinoam\u00e9rica.<\/strong><\/p>\n<p>&nbsp;<\/p>\n<p>Con un <strong>s\u00f3lido repertorio<\/strong> que cubre <strong>la trayectoria del emblem\u00e1tico tr\u00edo<\/strong>, <strong>El Cuarto Soda<\/strong> emociona con su interpretaci\u00f3n en vivo, energ\u00eda y talento sorprendiendo y cautivando a lo largo de cada show.<\/p>\n<p>&nbsp;<\/p>\n<p>La <strong>entrada general<\/strong> tiene un valor de <strong>$1000<\/strong> y ya\u00a0pueden adquirirse en la <strong>boleter\u00eda del Teatro<\/strong>, de <strong>martes a viernes de 08:00 a 12:00.<\/strong><\/p>\n","protected":false},"excerpt":{"rendered":"<p>La banda tributo a Soda Stereo se presentar\u00e1 el pr\u00f3ximo jueves 28 de octubre a las 21:00.<\/p>\n","protected":false},"author":6,"featured_media":34368,"comment_status":"closed","ping_status":"closed","sticky":false,"template":"","format":"standard","meta":{"_jetpack_memberships_contains_paid_content":false,"footnotes":""},"categories":[9,1],"tags":[],"class_list":["post-34367","post","type-post","status-publish","format-standard","has-post-thumbnail","hentry","category-cultura","category-portada"],"jetpack_featured_media_url":"https:\/\/i0.wp.com\/cdnoticias.com\/wp-content\/uploads\/2021\/09\/Cultura-Cuarto-Soda-1024x682.jpg?fit=1024%2C682&ssl=1","jetpack_sharing_enabled":true,"_links":{"self":[{"href":"https:\/\/cdnoticias.com\/index.php\/wp-json\/wp\/v2\/posts\/34367","targetHints":{"allow":["GET"]}}],"collection":[{"href":"https:\/\/cdnoticias.com\/index.php\/wp-json\/wp\/v2\/posts"}],"about":[{"href":"https:\/\/cdnoticias.com\/index.php\/wp-json\/wp\/v2\/types\/post"}],"author":[{"embeddable":true,"href":"https:\/\/cdnoticias.com\/index.php\/wp-json\/wp\/v2\/users\/6"}],"replies":[{"embeddable":true,"href":"https:\/\/cdnoticias.com\/index.php\/wp-json\/wp\/v2\/comments?post=34367"}],"version-history":[{"count":0,"href":"https:\/\/cdnoticias.com\/index.php\/wp-json\/wp\/v2\/posts\/34367\/revisions"}],"wp:featuredmedia":[{"embeddable":true,"href":"https:\/\/cdnoticias.com\/index.php\/wp-json\/wp\/v2\/media\/34368"}],"wp:attachment":[{"href":"https:\/\/cdnoticias.com\/index.php\/wp-json\/wp\/v2\/media?parent=34367"}],"wp:term":[{"taxonomy":"category","embeddable":true,"href":"https:\/\/cdnoticias.com\/index.php\/wp-json\/wp\/v2\/categories?post=34367"},{"taxonomy":"post_tag","embeddable":true,"href":"https:\/\/cdnoticias.com\/index.php\/wp-json\/wp\/v2\/tags?post=34367"}],"curies":[{"name":"wp","href":"https:\/\/api.w.org\/{rel}","templated":true}]}}