{"id":34361,"date":"2021-10-01T08:24:27","date_gmt":"2021-10-01T11:24:27","guid":{"rendered":"http:\/\/www.centraldenoticias.com.ar\/?p=34361"},"modified":"2021-10-01T08:24:27","modified_gmt":"2021-10-01T11:24:27","slug":"vergel-y-matrella-se-reunieron-con-comerciantes","status":"publish","type":"post","link":"https:\/\/cdnoticias.com\/index.php\/2021\/10\/01\/vergel-y-matrella-se-reunieron-con-comerciantes\/","title":{"rendered":"Vergel y Matrella se reunieron con comerciantes"},"content":{"rendered":"<p>Los candidatos de \u201cJuntos\u201d Bel\u00e9n Vergel y Sebasti\u00e1n Matrella mantuvieron un encuentro con referentes de la agrupaci\u00f3n Comerciantes Unidos de Olavarr\u00eda.\u00a0<!--more--><\/p>\n<hr \/>\n<p>Luego de una intensa campa\u00f1a y del \u201cmuy buen resultado\u201d obtenido en las PASO dentro de la interna que se vivi\u00f3 dentro de \u201cJuntos\u201d, <strong>los candidatos que participaron por la lista de Facundo Manes en Olavarr\u00eda se reunieron con integrantes de Comerciantes Unidos Olavarr\u00eda para dialogar sobre diversos temas.<\/strong><\/p>\n<p>&nbsp;<\/p>\n<p>La UCR ya hab\u00eda mostrado una agenda cargada de encuentros y actividades previo a las elecciones del 12 de septiembre. Ahora se los puede ver<em> \u201cretomando ese camino para mantener la misma cercan\u00eda con diferentes organizaciones e instituciones de nuestra ciudad\u201d.<\/em><\/p>\n<p>&nbsp;<\/p>\n<p>Se tocaron varios puntos durante el encuentro con la agrupaci\u00f3n de comerciantes:<em> \u201cla necesidad de un mayor acompa\u00f1amiento por parte del Estado, una mejor regulaci\u00f3n de los diferentes aspectos que competen a la actividad, y la importancia de contar con un Concejo Deliberante que est\u00e9 cerca de la actividad econ\u00f3mica olavarriense\u201d.<\/em><\/p>\n<p>&nbsp;<\/p>\n<p><img data-recalc-dims=\"1\" loading=\"lazy\" decoding=\"async\" class=\"alignnone size-large wp-image-34363\" src=\"https:\/\/i0.wp.com\/cdnoticias.com\/wp-content\/uploads\/2021\/09\/IMG-20210929-WA0048.jpg?resize=800%2C600&#038;ssl=1\" alt=\"\" width=\"800\" height=\"600\" srcset=\"https:\/\/i0.wp.com\/cdnoticias.com\/wp-content\/uploads\/2021\/09\/IMG-20210929-WA0048.jpg?resize=1024%2C768&amp;ssl=1 1024w, https:\/\/i0.wp.com\/cdnoticias.com\/wp-content\/uploads\/2021\/09\/IMG-20210929-WA0048.jpg?resize=300%2C225&amp;ssl=1 300w, https:\/\/i0.wp.com\/cdnoticias.com\/wp-content\/uploads\/2021\/09\/IMG-20210929-WA0048.jpg?resize=768%2C576&amp;ssl=1 768w, https:\/\/i0.wp.com\/cdnoticias.com\/wp-content\/uploads\/2021\/09\/IMG-20210929-WA0048.jpg?w=1600&amp;ssl=1 1600w\" sizes=\"auto, (max-width: 800px) 100vw, 800px\" \/><\/p>\n<p>&nbsp;<\/p>\n<p>Seg\u00fan indic\u00f3 Vergel<strong><em> \u201cseguiremos manteniendo encuentros con diferentes sectores de nuestra ciudad. En este caso, pudimos conversar sobre cuales son algunas de las preocupaciones y necesidades del sector comercial\u201d.<\/em><\/strong><\/p>\n<p>&nbsp;<\/p>\n<p><em>\u201cActualmente son uno de los principales generadores de puestos de trabajo en Olavarr\u00eda, por lo cual es necesario un acompa\u00f1amiento real y un trabajo en conjunto para generar soluciones para el sector.<strong> Sin ninguna duda, es momento de una verdadera planificaci\u00f3n y juntos proyectar la ciudad que queremos, no se pueden tomar m\u00e1s decisiones aisladas<\/strong>\u201d<\/em> cerr\u00f3.<\/p>\n","protected":false},"excerpt":{"rendered":"<p>Los candidatos de \u201cJuntos\u201d Bel\u00e9n Vergel y Sebasti\u00e1n Matrella mantuvieron un encuentro con referentes de la agrupaci\u00f3n Comerciantes Unidos de<\/p>\n","protected":false},"author":2,"featured_media":34362,"comment_status":"closed","ping_status":"closed","sticky":false,"template":"","format":"standard","meta":{"_jetpack_memberships_contains_paid_content":false,"footnotes":""},"categories":[4,1],"tags":[],"class_list":["post-34361","post","type-post","status-publish","format-standard","has-post-thumbnail","hentry","category-politica","category-portada"],"jetpack_featured_media_url":"https:\/\/i0.wp.com\/cdnoticias.com\/wp-content\/uploads\/2021\/09\/IMG-20210929-WA0054.jpg?fit=1600%2C1200&ssl=1","jetpack_sharing_enabled":true,"_links":{"self":[{"href":"https:\/\/cdnoticias.com\/index.php\/wp-json\/wp\/v2\/posts\/34361","targetHints":{"allow":["GET"]}}],"collection":[{"href":"https:\/\/cdnoticias.com\/index.php\/wp-json\/wp\/v2\/posts"}],"about":[{"href":"https:\/\/cdnoticias.com\/index.php\/wp-json\/wp\/v2\/types\/post"}],"author":[{"embeddable":true,"href":"https:\/\/cdnoticias.com\/index.php\/wp-json\/wp\/v2\/users\/2"}],"replies":[{"embeddable":true,"href":"https:\/\/cdnoticias.com\/index.php\/wp-json\/wp\/v2\/comments?post=34361"}],"version-history":[{"count":0,"href":"https:\/\/cdnoticias.com\/index.php\/wp-json\/wp\/v2\/posts\/34361\/revisions"}],"wp:featuredmedia":[{"embeddable":true,"href":"https:\/\/cdnoticias.com\/index.php\/wp-json\/wp\/v2\/media\/34362"}],"wp:attachment":[{"href":"https:\/\/cdnoticias.com\/index.php\/wp-json\/wp\/v2\/media?parent=34361"}],"wp:term":[{"taxonomy":"category","embeddable":true,"href":"https:\/\/cdnoticias.com\/index.php\/wp-json\/wp\/v2\/categories?post=34361"},{"taxonomy":"post_tag","embeddable":true,"href":"https:\/\/cdnoticias.com\/index.php\/wp-json\/wp\/v2\/tags?post=34361"}],"curies":[{"name":"wp","href":"https:\/\/api.w.org\/{rel}","templated":true}]}}