{"id":3436,"date":"2020-10-08T11:07:40","date_gmt":"2020-10-08T14:07:40","guid":{"rendered":"http:\/\/www.centraldenoticias.com.ar\/?p=3436"},"modified":"2020-10-08T11:12:00","modified_gmt":"2020-10-08T14:12:00","slug":"valicenti-y-aguilera-junto-a-katopodis-en-recorrida-por-la-septima","status":"publish","type":"post","link":"https:\/\/cdnoticias.com\/index.php\/2020\/10\/08\/valicenti-y-aguilera-junto-a-katopodis-en-recorrida-por-la-septima\/","title":{"rendered":"Valicenti y Aguilera junto a Katopodis en recorrida por la S\u00e9ptima"},"content":{"rendered":"<p>El diputado provincial y el subsecretario de Miner\u00eda bonaerense recorrieron junto al Ministro de Obras P\u00fablicas de la Naci\u00f3n diversos trabajos del programa \u201cArgentina Hace\u201d que busca \u201cla reactivaci\u00f3n econ\u00f3mica para Municipios\u201d en este caso de Roque P\u00e9rez, 25 de Mayo, Tapalqu\u00e9 y Bol\u00edvar.<!--more--><\/p>\n<hr \/>\n<p>En la jornada de este mi\u00e9rcoles, <strong>el diputado provincial C\u00e9sar Valicenti y el subsecretario de Miner\u00eda Federico Aguilera recorrieron, junto al Ministro de Obras P\u00fablicas de la Naci\u00f3n, Gabriel Katopodis, obras en la regi\u00f3n vinculadas al programa \u201cArgentina Hace\u201d.<\/strong><\/p>\n<p>&nbsp;<\/p>\n<p>Catalogada como <em>\u201cun plan de reactivaci\u00f3n econ\u00f3mica para Municipios\u201d<\/em> en este caso de la regi\u00f3n, visitaron los distritos de Roque P\u00e9rez, 25 de Mayo, Tapalqu\u00e9 y Bol\u00edvar.<\/p>\n<p>&nbsp;<\/p>\n<p><img data-recalc-dims=\"1\" loading=\"lazy\" decoding=\"async\" class=\"alignnone size-full wp-image-3438\" src=\"https:\/\/i0.wp.com\/cdnoticias.com\/wp-content\/uploads\/2020\/10\/Katopodis-Valicenti-Aguilera1.jpg?resize=800%2C533&#038;ssl=1\" alt=\"\" width=\"800\" height=\"533\" srcset=\"https:\/\/i0.wp.com\/cdnoticias.com\/wp-content\/uploads\/2020\/10\/Katopodis-Valicenti-Aguilera1.jpg?w=2048&amp;ssl=1 2048w, https:\/\/i0.wp.com\/cdnoticias.com\/wp-content\/uploads\/2020\/10\/Katopodis-Valicenti-Aguilera1.jpg?resize=300%2C200&amp;ssl=1 300w, https:\/\/i0.wp.com\/cdnoticias.com\/wp-content\/uploads\/2020\/10\/Katopodis-Valicenti-Aguilera1.jpg?resize=768%2C512&amp;ssl=1 768w, https:\/\/i0.wp.com\/cdnoticias.com\/wp-content\/uploads\/2020\/10\/Katopodis-Valicenti-Aguilera1.jpg?resize=1024%2C683&amp;ssl=1 1024w, https:\/\/i0.wp.com\/cdnoticias.com\/wp-content\/uploads\/2020\/10\/Katopodis-Valicenti-Aguilera1.jpg?resize=272%2C182&amp;ssl=1 272w, https:\/\/i0.wp.com\/cdnoticias.com\/wp-content\/uploads\/2020\/10\/Katopodis-Valicenti-Aguilera1.jpg?w=1600&amp;ssl=1 1600w\" sizes=\"auto, (max-width: 800px) 100vw, 800px\" \/><\/p>\n<p>&nbsp;<\/p>\n<p>Este plan de reactivaci\u00f3n econ\u00f3mica y obra p\u00fablica<em> \u201cdinamiza a los sectores productivos de cada distrito y garantiza obras de pavimento, extensi\u00f3n de la red de agua corriente y cloacas con el objetivo de cubrir la totalidad de la planta urbana de cada uno de los Municipios\u201d<\/em> se\u00f1al\u00f3 Valicenti en redes sociales.<\/p>\n<p>&nbsp;<\/p>\n<p>All\u00ed, adem\u00e1s, <strong>se dialog\u00f3 con los intendentes de los distritos, se recorrieron algunos inicios de obra y se mantuvieron encuentros para profundizar sobre el estado de situaci\u00f3n de cada territorio<\/strong> de la S\u00e9ptima Secci\u00f3n Electoral.<\/p>\n","protected":false},"excerpt":{"rendered":"<p>El diputado provincial y el subsecretario de Miner\u00eda bonaerense recorrieron junto al Ministro de Obras P\u00fablicas de la Naci\u00f3n diversos<\/p>\n","protected":false},"author":2,"featured_media":3437,"comment_status":"closed","ping_status":"closed","sticky":false,"template":"","format":"standard","meta":{"_jetpack_memberships_contains_paid_content":false,"footnotes":""},"categories":[4,1],"tags":[],"class_list":["post-3436","post","type-post","status-publish","format-standard","has-post-thumbnail","hentry","category-politica","category-portada"],"jetpack_featured_media_url":"https:\/\/i0.wp.com\/cdnoticias.com\/wp-content\/uploads\/2020\/10\/Katopodis-Valicenti-Aguilera.jpg?fit=1586%2C992&ssl=1","jetpack_sharing_enabled":true,"_links":{"self":[{"href":"https:\/\/cdnoticias.com\/index.php\/wp-json\/wp\/v2\/posts\/3436","targetHints":{"allow":["GET"]}}],"collection":[{"href":"https:\/\/cdnoticias.com\/index.php\/wp-json\/wp\/v2\/posts"}],"about":[{"href":"https:\/\/cdnoticias.com\/index.php\/wp-json\/wp\/v2\/types\/post"}],"author":[{"embeddable":true,"href":"https:\/\/cdnoticias.com\/index.php\/wp-json\/wp\/v2\/users\/2"}],"replies":[{"embeddable":true,"href":"https:\/\/cdnoticias.com\/index.php\/wp-json\/wp\/v2\/comments?post=3436"}],"version-history":[{"count":0,"href":"https:\/\/cdnoticias.com\/index.php\/wp-json\/wp\/v2\/posts\/3436\/revisions"}],"wp:featuredmedia":[{"embeddable":true,"href":"https:\/\/cdnoticias.com\/index.php\/wp-json\/wp\/v2\/media\/3437"}],"wp:attachment":[{"href":"https:\/\/cdnoticias.com\/index.php\/wp-json\/wp\/v2\/media?parent=3436"}],"wp:term":[{"taxonomy":"category","embeddable":true,"href":"https:\/\/cdnoticias.com\/index.php\/wp-json\/wp\/v2\/categories?post=3436"},{"taxonomy":"post_tag","embeddable":true,"href":"https:\/\/cdnoticias.com\/index.php\/wp-json\/wp\/v2\/tags?post=3436"}],"curies":[{"name":"wp","href":"https:\/\/api.w.org\/{rel}","templated":true}]}}