{"id":34349,"date":"2021-09-30T13:12:45","date_gmt":"2021-09-30T16:12:45","guid":{"rendered":"http:\/\/www.centraldenoticias.com.ar\/?p=34349"},"modified":"2021-09-30T13:27:18","modified_gmt":"2021-09-30T16:27:18","slug":"coopelectric-e-infracom-inauguraron-un-punto-digital-educativo-en-el-provincial","status":"publish","type":"post","link":"https:\/\/cdnoticias.com\/index.php\/2021\/09\/30\/coopelectric-e-infracom-inauguraron-un-punto-digital-educativo-en-el-provincial\/","title":{"rendered":"Coopelectric e Infracom inauguraron un \u201cPunto Digital Educativo\u201d en El Provincial"},"content":{"rendered":"<p>Participaron autoridades de la cooperativa, el club y el Municipio. Buscar\u00e1n que tenga libre acceso para todo el barrio. \u201cPara los chicos va a venir b\u00e1rbaro\u201d indicaron.\u00a0<!--more--><\/p>\n<hr \/>\n<p>En la ma\u00f1ana de este jueves, y con la particularidad del aniversario 93\u00b0 de Coopelectric, <strong>la entidad cooperativa, en conjunto con Infracom y el Municipio inauguraron un \u201cPunto Digital Educativo\u201d en el Club El Provincial.<\/strong><\/p>\n<p>&nbsp;<\/p>\n<p><img data-recalc-dims=\"1\" loading=\"lazy\" decoding=\"async\" class=\"alignnone size-large wp-image-34353\" src=\"https:\/\/i0.wp.com\/cdnoticias.com\/wp-content\/uploads\/2021\/09\/coopelectric-digital-4.jpg?resize=800%2C445&#038;ssl=1\" alt=\"\" width=\"800\" height=\"445\" srcset=\"https:\/\/i0.wp.com\/cdnoticias.com\/wp-content\/uploads\/2021\/09\/coopelectric-digital-4.jpg?resize=1024%2C570&amp;ssl=1 1024w, https:\/\/i0.wp.com\/cdnoticias.com\/wp-content\/uploads\/2021\/09\/coopelectric-digital-4.jpg?resize=300%2C167&amp;ssl=1 300w, https:\/\/i0.wp.com\/cdnoticias.com\/wp-content\/uploads\/2021\/09\/coopelectric-digital-4.jpg?resize=768%2C427&amp;ssl=1 768w, https:\/\/i0.wp.com\/cdnoticias.com\/wp-content\/uploads\/2021\/09\/coopelectric-digital-4.jpg?resize=800%2C445&amp;ssl=1 800w, https:\/\/i0.wp.com\/cdnoticias.com\/wp-content\/uploads\/2021\/09\/coopelectric-digital-4.jpg?w=1600&amp;ssl=1 1600w, https:\/\/i0.wp.com\/cdnoticias.com\/wp-content\/uploads\/2021\/09\/coopelectric-digital-4.jpg?w=2400&amp;ssl=1 2400w\" sizes=\"auto, (max-width: 800px) 100vw, 800px\" \/><\/p>\n<p>&nbsp;<\/p>\n<p>Adem\u00e1s de una decena de dirigentes e integrantes del Consejo de Administraci\u00f3n de Coopelectric, <strong>la conferencia de prensa fue encabezada por el presidente de la entidad, Ignacio Aramburu, junto al secretario de Desarrollo Econ\u00f3mico, Julio Valetutto, y el presidente del club El Provincial, Fabi\u00e1n Marmisolle.<\/strong><\/p>\n<p>&nbsp;<\/p>\n<p>Aramburu se\u00f1al\u00f3 que <em>\u201ces el 93\u00b0 aniversario de la cooperativa, y qu\u00e9 mejor que estar ac\u00e1 en el Club El Provincial con este lanzamiento. Si bien no est\u00e1 relacionado con dicho aniversario<strong> sirve para recordar los or\u00edgenes de esta empresa de capital social<\/strong>\u201d.<\/em> Se tom\u00f3 un instante para <em>\u201cagradecer a todos los trabajadores que han pasado por esta cooperativa, y a los socios que son el principal objetivo de la cooperativa\u201d.<\/em><\/p>\n<p>&nbsp;<\/p>\n<p><img data-recalc-dims=\"1\" loading=\"lazy\" decoding=\"async\" class=\"alignnone size-large wp-image-34352\" src=\"https:\/\/i0.wp.com\/cdnoticias.com\/wp-content\/uploads\/2021\/09\/coopelectric-digital-3.jpg?resize=800%2C445&#038;ssl=1\" alt=\"\" width=\"800\" height=\"445\" srcset=\"https:\/\/i0.wp.com\/cdnoticias.com\/wp-content\/uploads\/2021\/09\/coopelectric-digital-3.jpg?resize=1024%2C570&amp;ssl=1 1024w, https:\/\/i0.wp.com\/cdnoticias.com\/wp-content\/uploads\/2021\/09\/coopelectric-digital-3.jpg?resize=300%2C167&amp;ssl=1 300w, https:\/\/i0.wp.com\/cdnoticias.com\/wp-content\/uploads\/2021\/09\/coopelectric-digital-3.jpg?resize=768%2C427&amp;ssl=1 768w, https:\/\/i0.wp.com\/cdnoticias.com\/wp-content\/uploads\/2021\/09\/coopelectric-digital-3.jpg?resize=800%2C445&amp;ssl=1 800w, https:\/\/i0.wp.com\/cdnoticias.com\/wp-content\/uploads\/2021\/09\/coopelectric-digital-3.jpg?w=1600&amp;ssl=1 1600w, https:\/\/i0.wp.com\/cdnoticias.com\/wp-content\/uploads\/2021\/09\/coopelectric-digital-3.jpg?w=2400&amp;ssl=1 2400w\" sizes=\"auto, (max-width: 800px) 100vw, 800px\" \/><\/p>\n<p>&nbsp;<\/p>\n<p>Tras repasar la alianza con Infracom, <em>\u201clo que estamos inaugurando es un Punto Digital\u201d<\/em> que b\u00e1sicamente es <em>\u201cuna conexi\u00f3n de fibra \u00f3ptica de internet donde la gente que venga al Club, esperemos que especialmente los chicos, van a poder acceder a internet<strong>. Se han donado dos computadoras con la ayuda del Banco Provincia y la idea es que puedan venir chicos, la gente del barrio, y aprovechar la conectividad de El Provincial<\/strong>\u201d.<\/em><\/p>\n<p>&nbsp;<\/p>\n<p>Su orientaci\u00f3n educativa se da<em> \u201cmediante un programa que se llama \u2018Aprender en Casa\u2019 donde los chicos van a poder, mediante videos y explicaciones, acceder a contenidos que est\u00e1n viendo en la escuela (tanto de nivel primario como secundario) y van a tener un apoyo que los padres por ah\u00ed no podemos acompa\u00f1ar por diversas razones, desde laborales hasta no estar al tanto o al nivel de ciertos conocimientos. Esto es una forma de que los chicos puedan aprender y complementar con la escuela\u201d.<\/em><\/p>\n<p>&nbsp;<\/p>\n<blockquote><p>\u201cLe pedimos a Infracom que desarrolle su actividad, pero tambi\u00e9n una mirada desde lo social: vemos lo que la comunidad necesita e intentamos siempre en la medida de las posibilidades poner a disposici\u00f3n de nuestros socios esto que estamos inaugurando, por ejemplo\u201d.<\/p><\/blockquote>\n<p>&nbsp;<\/p>\n<p>De todas maneras <strong>\u201cAprender en Casa\u201d s\u00ed es una iniciativa realizada por Infracom<\/strong>, y vale destacar que quien quiera tenerlo en su casa y tiene los medios puede acceder.<\/p>\n<p>&nbsp;<\/p>\n<p>El presidente del club, Fabi\u00e1n Marmisolle, tambi\u00e9n realiz\u00f3 agradecimientos para lograr la colocaci\u00f3n de internet y computadoras.<em> \u201cPara los chicos va a venir b\u00e1rbaro. Estamos trabajando con un grupo de chicos que se acerc\u00f3 esta ma\u00f1ana para traer profesores y coordinar el tema de horarios, as\u00ed pueden venir y utilizar este Punto Digital\u201d<\/em> dijo.<\/p>\n<p>&nbsp;<\/p>\n<p><img data-recalc-dims=\"1\" loading=\"lazy\" decoding=\"async\" class=\"alignnone size-large wp-image-34350\" src=\"https:\/\/i0.wp.com\/cdnoticias.com\/wp-content\/uploads\/2021\/09\/coopelectric-digital-1.jpg?resize=800%2C445&#038;ssl=1\" alt=\"\" width=\"800\" height=\"445\" srcset=\"https:\/\/i0.wp.com\/cdnoticias.com\/wp-content\/uploads\/2021\/09\/coopelectric-digital-1.jpg?resize=1024%2C570&amp;ssl=1 1024w, https:\/\/i0.wp.com\/cdnoticias.com\/wp-content\/uploads\/2021\/09\/coopelectric-digital-1.jpg?resize=300%2C167&amp;ssl=1 300w, https:\/\/i0.wp.com\/cdnoticias.com\/wp-content\/uploads\/2021\/09\/coopelectric-digital-1.jpg?resize=768%2C427&amp;ssl=1 768w, https:\/\/i0.wp.com\/cdnoticias.com\/wp-content\/uploads\/2021\/09\/coopelectric-digital-1.jpg?resize=800%2C445&amp;ssl=1 800w, https:\/\/i0.wp.com\/cdnoticias.com\/wp-content\/uploads\/2021\/09\/coopelectric-digital-1.jpg?w=1600&amp;ssl=1 1600w, https:\/\/i0.wp.com\/cdnoticias.com\/wp-content\/uploads\/2021\/09\/coopelectric-digital-1.jpg?w=2400&amp;ssl=1 2400w\" sizes=\"auto, (max-width: 800px) 100vw, 800px\" \/><\/p>\n<p>&nbsp;<\/p>\n<blockquote><p>\u201cEstoy contento. Acercarse a la sociedad de esta manera genera iniciativas para los chicos que necesitan internet, m\u00e1s con el tema de la pandemia\u201d.<\/p><\/blockquote>\n<p>&nbsp;<\/p>\n<p>Se\u00f1al\u00f3 que son chicos y profesores<em> \u201cque no son del club, est\u00e1n ayudando y cabe decir que se le abrieron las puertas, dado que se dicta computaci\u00f3n y con esto pueden mejorar la ense\u00f1anza\u201d.<\/em><\/p>\n<p>&nbsp;<\/p>\n<p>La intenci\u00f3n de aqu\u00ed en m\u00e1s, seg\u00fan Marmisolle, es <strong><em>\u201cver si alguien nos puede donar una impresora, que ser\u00eda b\u00e1rbaro. Esperemos que alguna empresa de Olavarr\u00eda nos pueda ayudar para colaborar o prestar un servicio para imprimir. Esto es para los chicos, as\u00ed pueden llevarse el trabajo a la casa que es lo fundamental\u201d.<\/em><\/strong><\/p>\n<p>&nbsp;<\/p>\n<p>La idea es continuar con dem\u00e1s instituciones: Aramburu destac\u00f3 que <em>\u201ces la primera, no significa que sea la \u00faltima. Depender\u00e1 de las zonas servidas con fibra \u00f3ptica y tambi\u00e9n depende de las conversaciones que tengamos con distintas instituciones\u201d<\/em>. Reconoci\u00f3 un di\u00e1logo con el Sindicato de Trabajadores Municipales para poder<strong><em> \u201cotorgar conectividad a la Asociaci\u00f3n de Jubilados Municipales\u201d<\/em> <\/strong>ubicada en calle Cerrito, en Pueblo Nuevo.<\/p>\n","protected":false},"excerpt":{"rendered":"<p>Participaron autoridades de la cooperativa, el club y el Municipio. Buscar\u00e1n que tenga libre acceso para todo el barrio. \u201cPara<\/p>\n","protected":false},"author":2,"featured_media":34351,"comment_status":"closed","ping_status":"closed","sticky":false,"template":"","format":"standard","meta":{"_jetpack_memberships_contains_paid_content":false,"footnotes":""},"categories":[5,1],"tags":[],"class_list":["post-34349","post","type-post","status-publish","format-standard","has-post-thumbnail","hentry","category-informacion-general","category-portada"],"jetpack_featured_media_url":"https:\/\/i0.wp.com\/cdnoticias.com\/wp-content\/uploads\/2021\/09\/coopelectric-digital-2.jpg?fit=4608%2C2564&ssl=1","jetpack_sharing_enabled":true,"_links":{"self":[{"href":"https:\/\/cdnoticias.com\/index.php\/wp-json\/wp\/v2\/posts\/34349","targetHints":{"allow":["GET"]}}],"collection":[{"href":"https:\/\/cdnoticias.com\/index.php\/wp-json\/wp\/v2\/posts"}],"about":[{"href":"https:\/\/cdnoticias.com\/index.php\/wp-json\/wp\/v2\/types\/post"}],"author":[{"embeddable":true,"href":"https:\/\/cdnoticias.com\/index.php\/wp-json\/wp\/v2\/users\/2"}],"replies":[{"embeddable":true,"href":"https:\/\/cdnoticias.com\/index.php\/wp-json\/wp\/v2\/comments?post=34349"}],"version-history":[{"count":0,"href":"https:\/\/cdnoticias.com\/index.php\/wp-json\/wp\/v2\/posts\/34349\/revisions"}],"wp:featuredmedia":[{"embeddable":true,"href":"https:\/\/cdnoticias.com\/index.php\/wp-json\/wp\/v2\/media\/34351"}],"wp:attachment":[{"href":"https:\/\/cdnoticias.com\/index.php\/wp-json\/wp\/v2\/media?parent=34349"}],"wp:term":[{"taxonomy":"category","embeddable":true,"href":"https:\/\/cdnoticias.com\/index.php\/wp-json\/wp\/v2\/categories?post=34349"},{"taxonomy":"post_tag","embeddable":true,"href":"https:\/\/cdnoticias.com\/index.php\/wp-json\/wp\/v2\/tags?post=34349"}],"curies":[{"name":"wp","href":"https:\/\/api.w.org\/{rel}","templated":true}]}}