{"id":34341,"date":"2021-09-30T10:24:03","date_gmt":"2021-09-30T13:24:03","guid":{"rendered":"http:\/\/www.centraldenoticias.com.ar\/?p=34341"},"modified":"2021-09-30T10:24:03","modified_gmt":"2021-09-30T13:24:03","slug":"desde-este-viernes-no-sera-obligatorio-el-uso-de-tapabocas-al-aire-libre","status":"publish","type":"post","link":"https:\/\/cdnoticias.com\/index.php\/2021\/09\/30\/desde-este-viernes-no-sera-obligatorio-el-uso-de-tapabocas-al-aire-libre\/","title":{"rendered":"Desde este viernes, no ser\u00e1 obligatorio el uso de tapabocas al aire libre"},"content":{"rendered":"<p>Se insisti\u00f3 en aclarar que se deber\u00e1 usar si hay personas \u201cen contacto cercano\u201d. Tambi\u00e9n se reiter\u00f3 que es obligatorio en espacios cerrados como aulas, cines, teatros, \u00e1mbitos de trabajo, transporte p\u00fablico y eventos masivos.\u00a0<!--more--><\/p>\n<hr \/>\n<p>Desde este viernes<strong> el barbijo o tapaboca, uno de los elementos que marcaron la pandemia por COVID19, dejar\u00e1 de ser obligatorio para su uso al aire libre siempre y cuando no haya otras personas en contacto cercano<\/strong>. Desde el Ministerio de Salud aclararon que<strong> la medida est\u00e1 sujeta a la decisi\u00f3n de implementarla de cada jurisdicci\u00f3n, en funci\u00f3n de su situaci\u00f3n epidemiol\u00f3gica y la circulaci\u00f3n de variantes.<\/strong><\/p>\n<p>&nbsp;<\/p>\n<p>Se explic\u00f3 que <strong>podr\u00e1 retirarse en la calle cuando se circule en forma individual o en burbuja, y en un espacio en el que no concurran numerosas personas<\/strong>, mientras que seguir\u00e1 siendo de uso obligatorio en lugares cerrados -como aulas, cines, teatros, \u00e1mbitos de trabajo, transporte p\u00fablico, espect\u00e1culos y eventos masivos- y al aire libre en situaciones de aglomeraci\u00f3n de personas o contactos cercanos.<\/p>\n<p>&nbsp;<\/p>\n<blockquote><p>Por ejemplo, en parques p\u00fablicos con mucha afluencia de gente, juegos infantiles, eventos masivos, o en contacto cercano con otra persona como en puestos de diarios o de comida, cola para ingresar a un comercio.<\/p><\/blockquote>\n<p>&nbsp;<\/p>\n<p>La no obligatoriedad de su uso al aire libre es una de las aperturas sanitarias que entrar\u00e1n en vigencia el 1 de octubre.<\/p>\n<p>&nbsp;<\/p>\n<p><em>\u201cResulta importante aclarar que se trata de una normativa del Gobierno nacional a la que <strong>pueden adherir o no las gobernadoras y los gobernadores en funci\u00f3n de la situaci\u00f3n epidemiol\u00f3gica y la circulaci\u00f3n de variantes<\/strong> en cada una de las jurisdicciones<\/em>\u201d, se\u00f1alaron desde el Ministerio de Salud. En la Ciudad de Buenos Aires, por ejemplo, contin\u00faa siendo obligatorio.<\/p>\n<p>&nbsp;<\/p>\n<p><em>\u201cLa pandemia no termin\u00f3, y <strong>tenemos que seguir cuid\u00e1ndonos sobre todo en lugares cerrados, porque aun estando vacunados se puede tener la infecci\u00f3n y transmitirla, especialmente de la variante Delta<\/strong>, que ya tiene circulaci\u00f3n comunitaria en el pa\u00eds\u201d<\/em>, sostuvo la directora nacional de Epidemiolog\u00eda, Anal\u00eda Rearte.<\/p>\n","protected":false},"excerpt":{"rendered":"<p>Se insisti\u00f3 en aclarar que se deber\u00e1 usar si hay personas \u201cen contacto cercano\u201d. Tambi\u00e9n se reiter\u00f3 que es obligatorio<\/p>\n","protected":false},"author":2,"featured_media":33472,"comment_status":"closed","ping_status":"closed","sticky":false,"template":"","format":"standard","meta":{"_jetpack_memberships_contains_paid_content":false,"footnotes":""},"categories":[6,1],"tags":[],"class_list":["post-34341","post","type-post","status-publish","format-standard","has-post-thumbnail","hentry","category-nacionales","category-portada"],"jetpack_featured_media_url":"https:\/\/i0.wp.com\/cdnoticias.com\/wp-content\/uploads\/2021\/09\/DIB-barbijos-696x464.jpg?fit=696%2C464&ssl=1","jetpack_sharing_enabled":true,"_links":{"self":[{"href":"https:\/\/cdnoticias.com\/index.php\/wp-json\/wp\/v2\/posts\/34341","targetHints":{"allow":["GET"]}}],"collection":[{"href":"https:\/\/cdnoticias.com\/index.php\/wp-json\/wp\/v2\/posts"}],"about":[{"href":"https:\/\/cdnoticias.com\/index.php\/wp-json\/wp\/v2\/types\/post"}],"author":[{"embeddable":true,"href":"https:\/\/cdnoticias.com\/index.php\/wp-json\/wp\/v2\/users\/2"}],"replies":[{"embeddable":true,"href":"https:\/\/cdnoticias.com\/index.php\/wp-json\/wp\/v2\/comments?post=34341"}],"version-history":[{"count":0,"href":"https:\/\/cdnoticias.com\/index.php\/wp-json\/wp\/v2\/posts\/34341\/revisions"}],"wp:featuredmedia":[{"embeddable":true,"href":"https:\/\/cdnoticias.com\/index.php\/wp-json\/wp\/v2\/media\/33472"}],"wp:attachment":[{"href":"https:\/\/cdnoticias.com\/index.php\/wp-json\/wp\/v2\/media?parent=34341"}],"wp:term":[{"taxonomy":"category","embeddable":true,"href":"https:\/\/cdnoticias.com\/index.php\/wp-json\/wp\/v2\/categories?post=34341"},{"taxonomy":"post_tag","embeddable":true,"href":"https:\/\/cdnoticias.com\/index.php\/wp-json\/wp\/v2\/tags?post=34341"}],"curies":[{"name":"wp","href":"https:\/\/api.w.org\/{rel}","templated":true}]}}