{"id":34320,"date":"2021-09-29T20:06:18","date_gmt":"2021-09-29T23:06:18","guid":{"rendered":"http:\/\/www.centraldenoticias.com.ar\/?p=34320"},"modified":"2021-09-29T20:06:18","modified_gmt":"2021-09-29T23:06:18","slug":"roberto-teofilo-ricci-el-bailarin-q-e-p-d","status":"publish","type":"post","link":"https:\/\/cdnoticias.com\/index.php\/2021\/09\/29\/roberto-teofilo-ricci-el-bailarin-q-e-p-d\/","title":{"rendered":"Roberto Teofilo Ricci &#8221;El Bailar\u00edn&#8221; (Q.E.P.D.)"},"content":{"rendered":"<p>Falleci\u00f3 en Olavarr\u00eda el d\u00eda 29 de\u00a0 Septiembre de 2021 a los 92 a\u00f1os de edad.<\/p>\n<p>&nbsp;<\/p>\n<p>Su esposa Isabel Crisp\u00edn, sus hijos del coraz\u00f3n Miguel, Carlos Rossillo y Graciela, sus hijos Walter y Hern\u00e1n Ricci, sus nietos del coraz\u00f3n, sus bisnietos y dem\u00e1s deudos participan de su fallecimiento.<\/p>\n<p>&nbsp;<\/p>\n<p>Sus restos ser\u00e1n velados este jueves de 10 a 12 en la sala de Espa\u00f1a 2942, sala &#8221;B&#8221;, y ser\u00e1n cremados desde las 17 en el Crematorio de Pinos de Paz. Servicio adherido a Coopelectric.<\/p>\n<p>&nbsp;<\/p>\n<p>&nbsp;<\/p>\n","protected":false},"excerpt":{"rendered":"<p>Falleci\u00f3 en Olavarr\u00eda el d\u00eda 29 de\u00a0 Septiembre de 2021 a los 92 a\u00f1os de edad. &nbsp; Su esposa Isabel<\/p>\n","protected":false},"author":3,"featured_media":0,"comment_status":"closed","ping_status":"closed","sticky":false,"template":"","format":"standard","meta":{"_jetpack_memberships_contains_paid_content":false,"footnotes":""},"categories":[10],"tags":[],"class_list":["post-34320","post","type-post","status-publish","format-standard","hentry","category-necrologicas"],"jetpack_featured_media_url":"","jetpack_sharing_enabled":true,"_links":{"self":[{"href":"https:\/\/cdnoticias.com\/index.php\/wp-json\/wp\/v2\/posts\/34320","targetHints":{"allow":["GET"]}}],"collection":[{"href":"https:\/\/cdnoticias.com\/index.php\/wp-json\/wp\/v2\/posts"}],"about":[{"href":"https:\/\/cdnoticias.com\/index.php\/wp-json\/wp\/v2\/types\/post"}],"author":[{"embeddable":true,"href":"https:\/\/cdnoticias.com\/index.php\/wp-json\/wp\/v2\/users\/3"}],"replies":[{"embeddable":true,"href":"https:\/\/cdnoticias.com\/index.php\/wp-json\/wp\/v2\/comments?post=34320"}],"version-history":[{"count":0,"href":"https:\/\/cdnoticias.com\/index.php\/wp-json\/wp\/v2\/posts\/34320\/revisions"}],"wp:attachment":[{"href":"https:\/\/cdnoticias.com\/index.php\/wp-json\/wp\/v2\/media?parent=34320"}],"wp:term":[{"taxonomy":"category","embeddable":true,"href":"https:\/\/cdnoticias.com\/index.php\/wp-json\/wp\/v2\/categories?post=34320"},{"taxonomy":"post_tag","embeddable":true,"href":"https:\/\/cdnoticias.com\/index.php\/wp-json\/wp\/v2\/tags?post=34320"}],"curies":[{"name":"wp","href":"https:\/\/api.w.org\/{rel}","templated":true}]}}