{"id":34316,"date":"2021-09-29T19:40:32","date_gmt":"2021-09-29T22:40:32","guid":{"rendered":"http:\/\/www.centraldenoticias.com.ar\/?p=34316"},"modified":"2021-09-29T20:48:07","modified_gmt":"2021-09-29T23:48:07","slug":"impresionante-choque-fatal-de-camiones-e-incendio-sobre-la-ruta-205","status":"publish","type":"post","link":"https:\/\/cdnoticias.com\/index.php\/2021\/09\/29\/impresionante-choque-fatal-de-camiones-e-incendio-sobre-la-ruta-205\/","title":{"rendered":"Impresionante choque fatal de camiones e incendio sobre la Ruta 205"},"content":{"rendered":"<p>El violento siniestro vial ocurri\u00f3 en el tramo entre General Alvear y Bol\u00edvar. Uno de los rodados transportaba qu\u00edmicos y el restante vacunos, que en su mayor\u00eda murieron calcinados. Se busca a\u00fan identificar a uno de los camioneros.<!--more--><\/p>\n<hr \/>\n<p>Un tr\u00e1gico accidente ocurri\u00f3 en la tarde de este mi\u00e9rcoles sobre la Ruta Nacional 205, Km 245, entre General Alvear y Bol\u00edvar. Seg\u00fan narra el portal Alvear Ya, <strong>tras chocar ambos portes, tomaron fuego por lo que debieron llamar a los Bomberos Voluntarios de General Alvear.<\/strong><\/p>\n<p>&nbsp;<\/p>\n<p>Fuentes Policiales informaron que<strong> hasta el momento, no se han encontrado en el lugar los conductores de ambos rodados, por lo que se presume podr\u00edan estar en el interior de los habit\u00e1culos.<\/strong><\/p>\n<p>&nbsp;<\/p>\n<p>Uno de los camiones transportaba productos qu\u00edmicos, que seg\u00fan fuentes policiales emanan en el lugar.<strong> El otro transporte, transportaba animales vacunos, la mayor\u00eda de ellos han muerto calcinados. <\/strong><\/p>\n<p>&nbsp;<\/p>\n<p><img data-recalc-dims=\"1\" loading=\"lazy\" decoding=\"async\" class=\"alignnone size-large wp-image-34317\" src=\"https:\/\/i0.wp.com\/cdnoticias.com\/wp-content\/uploads\/2021\/09\/choque-de-camiones-e-incendio-en-ruta-205-07ad334f-57de-4163-8b91-c0b3c8d0e36f-e1632955206276-1024x584.jpg?resize=800%2C456&#038;ssl=1\" alt=\"\" width=\"800\" height=\"456\" srcset=\"https:\/\/i0.wp.com\/cdnoticias.com\/wp-content\/uploads\/2021\/09\/choque-de-camiones-e-incendio-en-ruta-205-07ad334f-57de-4163-8b91-c0b3c8d0e36f-e1632955206276.jpg?resize=1024%2C584&amp;ssl=1 1024w, https:\/\/i0.wp.com\/cdnoticias.com\/wp-content\/uploads\/2021\/09\/choque-de-camiones-e-incendio-en-ruta-205-07ad334f-57de-4163-8b91-c0b3c8d0e36f-e1632955206276.jpg?resize=300%2C171&amp;ssl=1 300w, https:\/\/i0.wp.com\/cdnoticias.com\/wp-content\/uploads\/2021\/09\/choque-de-camiones-e-incendio-en-ruta-205-07ad334f-57de-4163-8b91-c0b3c8d0e36f-e1632955206276.jpg?resize=768%2C438&amp;ssl=1 768w, https:\/\/i0.wp.com\/cdnoticias.com\/wp-content\/uploads\/2021\/09\/choque-de-camiones-e-incendio-en-ruta-205-07ad334f-57de-4163-8b91-c0b3c8d0e36f-e1632955206276.jpg?w=1332&amp;ssl=1 1332w\" sizes=\"auto, (max-width: 800px) 100vw, 800px\" \/><\/p>\n<p>&nbsp;<\/p>\n<p>Por recomendaci\u00f3n de especialistas, ni Bomberos ni polic\u00eda ni personal de emergencia pudo acercase al lugar, debiendo permanecer a m\u00e1s de 1 kil\u00f3metro de distancia del lugar hasta que lleguen ellos. <strong>Tras m\u00e1s de dos horas, la Polic\u00eda pudo confirmar que el cami\u00f3n que transportaba productos qu\u00edmicos ser\u00eda de Puerto Deseado, Santa Cruz y que su conductor habr\u00eda fallecido calcinado en el habit\u00e1culo. La Polic\u00eda se ha comunicado con su familia. <\/strong><\/p>\n<p>&nbsp;<\/p>\n<p><strong>A\u00fan no se ha podido lograr sacar datos del cami\u00f3n que transportaba vacunos<\/strong> debido a que Polic\u00eda, Bomberos y dem\u00e1s, deben permaneces a un kil\u00f3metro del lugar.<\/p>\n<p>&nbsp;<\/p>\n<p><a href=\"https:\/\/www.alvearya.com.ar\/tragico-accidente-en-ruta-nacional-205-entre-general-alvear-y-bolivar\/\" target=\"_blank\" rel=\"noopener\">Fuente Alvear Ya<\/a><\/p>\n","protected":false},"excerpt":{"rendered":"<p>El violento siniestro vial ocurri\u00f3 en el tramo entre General Alvear y Bol\u00edvar. Uno de los rodados transportaba qu\u00edmicos y<\/p>\n","protected":false},"author":3,"featured_media":34318,"comment_status":"closed","ping_status":"closed","sticky":false,"template":"","format":"standard","meta":{"_jetpack_memberships_contains_paid_content":false,"footnotes":""},"categories":[6,1],"tags":[],"class_list":["post-34316","post","type-post","status-publish","format-standard","has-post-thumbnail","hentry","category-nacionales","category-portada"],"jetpack_featured_media_url":"https:\/\/i0.wp.com\/cdnoticias.com\/wp-content\/uploads\/2021\/09\/choque-de-camiones-e-incendio-en-ruta-205-fab0490f-866a-49b2-bc60-c1af6166853f-e1632955195520.jpg?fit=1452%2C800&ssl=1","jetpack_sharing_enabled":true,"_links":{"self":[{"href":"https:\/\/cdnoticias.com\/index.php\/wp-json\/wp\/v2\/posts\/34316","targetHints":{"allow":["GET"]}}],"collection":[{"href":"https:\/\/cdnoticias.com\/index.php\/wp-json\/wp\/v2\/posts"}],"about":[{"href":"https:\/\/cdnoticias.com\/index.php\/wp-json\/wp\/v2\/types\/post"}],"author":[{"embeddable":true,"href":"https:\/\/cdnoticias.com\/index.php\/wp-json\/wp\/v2\/users\/3"}],"replies":[{"embeddable":true,"href":"https:\/\/cdnoticias.com\/index.php\/wp-json\/wp\/v2\/comments?post=34316"}],"version-history":[{"count":0,"href":"https:\/\/cdnoticias.com\/index.php\/wp-json\/wp\/v2\/posts\/34316\/revisions"}],"wp:featuredmedia":[{"embeddable":true,"href":"https:\/\/cdnoticias.com\/index.php\/wp-json\/wp\/v2\/media\/34318"}],"wp:attachment":[{"href":"https:\/\/cdnoticias.com\/index.php\/wp-json\/wp\/v2\/media?parent=34316"}],"wp:term":[{"taxonomy":"category","embeddable":true,"href":"https:\/\/cdnoticias.com\/index.php\/wp-json\/wp\/v2\/categories?post=34316"},{"taxonomy":"post_tag","embeddable":true,"href":"https:\/\/cdnoticias.com\/index.php\/wp-json\/wp\/v2\/tags?post=34316"}],"curies":[{"name":"wp","href":"https:\/\/api.w.org\/{rel}","templated":true}]}}