{"id":34309,"date":"2021-09-30T08:01:10","date_gmt":"2021-09-30T11:01:10","guid":{"rendered":"http:\/\/www.centraldenoticias.com.ar\/?p=34309"},"modified":"2021-09-30T08:42:12","modified_gmt":"2021-09-30T11:42:12","slug":"con-presencia-olavarriense-el-massismo-seccional-se-reunio-en-saladillo","status":"publish","type":"post","link":"https:\/\/cdnoticias.com\/index.php\/2021\/09\/30\/con-presencia-olavarriense-el-massismo-seccional-se-reunio-en-saladillo\/","title":{"rendered":"Con presencia olavarriense, el Massismo seccional se reuni\u00f3 en Saladillo"},"content":{"rendered":"<p>Participaron los concejales In\u00e9s Creimer y Eduardo Rodr\u00edguez, y el candidato por el Frente de Todos, Gast\u00f3n Sarachu. En el encuentro se renov\u00f3 el apoyo a los candidatos del Frente de Todos.<!--more--><\/p>\n<hr \/>\n<p>El<strong> massismo seccional<\/strong> se reuni\u00f3 el mi\u00e9rcoles en Saladillo de cara a las elecciones generales de noviembre.<\/p>\n<p>&nbsp;<\/p>\n<p>Los referentes del Frente Renovador que integran la s\u00e9ptima secci\u00f3n electoral mantuvieron un<strong> encuentro coordinado por la diputada provincial Luciana Padulo y Ricardo Lissalde.<\/strong><\/p>\n<p>&nbsp;<\/p>\n<p>Participaron<strong> los concejales In\u00e9s Creimer y Eduardo Rodr\u00edguez, y el candidato del Frente de Todos en Olavarr\u00eda, Gast\u00f3n Sarachu,<\/strong> adem\u00e1s de los referentes de cada localidad que componen la s\u00e9ptima secci\u00f3n. Entre ellos, estuvieron presentes los candidatos a Senadores por el Frente de Todos, Andrea Mercante y Diego Di Salvo, quienes componen la lista que encabeza Eduardo &#8220;Bali&#8221; Bucca.<\/p>\n<p>&nbsp;<\/p>\n<p><img data-recalc-dims=\"1\" loading=\"lazy\" decoding=\"async\" class=\"alignnone size-full wp-image-34312\" src=\"https:\/\/i0.wp.com\/cdnoticias.com\/wp-content\/uploads\/2021\/09\/WhatsApp-Image-2021-09-29-at-18.44.48.jpeg?resize=800%2C449&#038;ssl=1\" alt=\"\" width=\"800\" height=\"449\" srcset=\"https:\/\/i0.wp.com\/cdnoticias.com\/wp-content\/uploads\/2021\/09\/WhatsApp-Image-2021-09-29-at-18.44.48.jpeg?w=1280&amp;ssl=1 1280w, https:\/\/i0.wp.com\/cdnoticias.com\/wp-content\/uploads\/2021\/09\/WhatsApp-Image-2021-09-29-at-18.44.48.jpeg?resize=300%2C169&amp;ssl=1 300w, https:\/\/i0.wp.com\/cdnoticias.com\/wp-content\/uploads\/2021\/09\/WhatsApp-Image-2021-09-29-at-18.44.48.jpeg?resize=768%2C431&amp;ssl=1 768w, https:\/\/i0.wp.com\/cdnoticias.com\/wp-content\/uploads\/2021\/09\/WhatsApp-Image-2021-09-29-at-18.44.48.jpeg?resize=1024%2C575&amp;ssl=1 1024w\" sizes=\"auto, (max-width: 800px) 100vw, 800px\" \/><\/p>\n<p>&nbsp;<\/p>\n<p>Luego de la reuni\u00f3n, Eduardo Rodr\u00edguez destac\u00f3 <em>\u201cla importancia de la unidad seccional\u201d.<\/em> \u201c<strong><em>Como nos pide Sergio Massa, es fundamental el trabajo en conjunto\u201d<\/em><\/strong>, agreg\u00f3 el concejal.<\/p>\n<p>&nbsp;<\/p>\n<p>Al referirse a las elecciones generales de noviembre, Rodr\u00edguez explic\u00f3 que <em>\u201cel objetivo es seguir sumando voluntades y <strong>redoblar los esfuerzos para lograr tener representaci\u00f3n seccional en el Senado de la provincia de Buenos Aires<\/strong>\u201d.<\/em><\/p>\n","protected":false},"excerpt":{"rendered":"<p>Participaron los concejales In\u00e9s Creimer y Eduardo Rodr\u00edguez, y el candidato por el Frente de Todos, Gast\u00f3n Sarachu. En el<\/p>\n","protected":false},"author":5,"featured_media":34311,"comment_status":"closed","ping_status":"closed","sticky":false,"template":"","format":"standard","meta":{"_jetpack_memberships_contains_paid_content":false,"footnotes":""},"categories":[17,1],"tags":[],"class_list":["post-34309","post","type-post","status-publish","format-standard","has-post-thumbnail","hentry","category-elecciones-2021","category-portada"],"jetpack_featured_media_url":"https:\/\/i0.wp.com\/cdnoticias.com\/wp-content\/uploads\/2021\/09\/WhatsApp-Image-2021-09-29-at-18.44.54.jpeg?fit=1280%2C719&ssl=1","jetpack_sharing_enabled":true,"_links":{"self":[{"href":"https:\/\/cdnoticias.com\/index.php\/wp-json\/wp\/v2\/posts\/34309","targetHints":{"allow":["GET"]}}],"collection":[{"href":"https:\/\/cdnoticias.com\/index.php\/wp-json\/wp\/v2\/posts"}],"about":[{"href":"https:\/\/cdnoticias.com\/index.php\/wp-json\/wp\/v2\/types\/post"}],"author":[{"embeddable":true,"href":"https:\/\/cdnoticias.com\/index.php\/wp-json\/wp\/v2\/users\/5"}],"replies":[{"embeddable":true,"href":"https:\/\/cdnoticias.com\/index.php\/wp-json\/wp\/v2\/comments?post=34309"}],"version-history":[{"count":0,"href":"https:\/\/cdnoticias.com\/index.php\/wp-json\/wp\/v2\/posts\/34309\/revisions"}],"wp:featuredmedia":[{"embeddable":true,"href":"https:\/\/cdnoticias.com\/index.php\/wp-json\/wp\/v2\/media\/34311"}],"wp:attachment":[{"href":"https:\/\/cdnoticias.com\/index.php\/wp-json\/wp\/v2\/media?parent=34309"}],"wp:term":[{"taxonomy":"category","embeddable":true,"href":"https:\/\/cdnoticias.com\/index.php\/wp-json\/wp\/v2\/categories?post=34309"},{"taxonomy":"post_tag","embeddable":true,"href":"https:\/\/cdnoticias.com\/index.php\/wp-json\/wp\/v2\/tags?post=34309"}],"curies":[{"name":"wp","href":"https:\/\/api.w.org\/{rel}","templated":true}]}}