{"id":34300,"date":"2021-09-29T17:21:09","date_gmt":"2021-09-29T20:21:09","guid":{"rendered":"http:\/\/www.centraldenoticias.com.ar\/?p=34300"},"modified":"2021-09-29T17:21:09","modified_gmt":"2021-09-29T20:21:09","slug":"ignacio-montoya-carlotto-se-presentara-en-moron","status":"publish","type":"post","link":"https:\/\/cdnoticias.com\/index.php\/2021\/09\/29\/ignacio-montoya-carlotto-se-presentara-en-moron\/","title":{"rendered":"Ignacio Montoya Carlotto se presentar\u00e1 en Mor\u00f3n"},"content":{"rendered":"<p>Tocar\u00e1 a d\u00fao con Facundo Ferreira. Ser\u00e1 este viernes 1\u00b0 de octubre a las 21:00.\u00a0<!--more--><\/p>\n<hr \/>\n<p>&nbsp;<\/p>\n<p><strong>Ignacio Montoya Carlotto<\/strong> se presentar\u00e1 este <strong>viernes 1\u00b0 de octubre a las 21:00 en Mor\u00f3n.<\/strong> El m\u00fasico tocar\u00e1 a <strong>d\u00fao con Facundo Ferreira, en percusi\u00f3n<\/strong>.<\/p>\n<p>&nbsp;<\/p>\n<p>Los m\u00fasicos <strong>se presentar\u00e1n en el Teatro Municipal de Mor\u00f3n &#8220;Gregorio Laferrere&#8221;<\/strong>, Provincia de Buenos Aires.<\/p>\n<p>&nbsp;<\/p>\n<p>La <strong>entrada es gratuita<\/strong>\u00a0y se aclar\u00f3 que<strong> se retira una hora antes del concierto.\u00a0<\/strong><\/p>\n<p>&nbsp;<\/p>\n<p>&nbsp;<\/p>\n","protected":false},"excerpt":{"rendered":"<p>Tocar\u00e1 a d\u00fao con Facundo Ferreira. Ser\u00e1 este viernes 1\u00b0 de octubre a las 21:00.\u00a0<\/p>\n","protected":false},"author":6,"featured_media":34301,"comment_status":"closed","ping_status":"closed","sticky":false,"template":"","format":"standard","meta":{"_jetpack_memberships_contains_paid_content":false,"footnotes":""},"categories":[9,1],"tags":[],"class_list":["post-34300","post","type-post","status-publish","format-standard","has-post-thumbnail","hentry","category-cultura","category-portada"],"jetpack_featured_media_url":"https:\/\/i0.wp.com\/cdnoticias.com\/wp-content\/uploads\/2021\/09\/WhatsApp-Image-2021-09-29-at-10.11.42-AM.jpeg?fit=1280%2C853&ssl=1","jetpack_sharing_enabled":true,"_links":{"self":[{"href":"https:\/\/cdnoticias.com\/index.php\/wp-json\/wp\/v2\/posts\/34300","targetHints":{"allow":["GET"]}}],"collection":[{"href":"https:\/\/cdnoticias.com\/index.php\/wp-json\/wp\/v2\/posts"}],"about":[{"href":"https:\/\/cdnoticias.com\/index.php\/wp-json\/wp\/v2\/types\/post"}],"author":[{"embeddable":true,"href":"https:\/\/cdnoticias.com\/index.php\/wp-json\/wp\/v2\/users\/6"}],"replies":[{"embeddable":true,"href":"https:\/\/cdnoticias.com\/index.php\/wp-json\/wp\/v2\/comments?post=34300"}],"version-history":[{"count":0,"href":"https:\/\/cdnoticias.com\/index.php\/wp-json\/wp\/v2\/posts\/34300\/revisions"}],"wp:featuredmedia":[{"embeddable":true,"href":"https:\/\/cdnoticias.com\/index.php\/wp-json\/wp\/v2\/media\/34301"}],"wp:attachment":[{"href":"https:\/\/cdnoticias.com\/index.php\/wp-json\/wp\/v2\/media?parent=34300"}],"wp:term":[{"taxonomy":"category","embeddable":true,"href":"https:\/\/cdnoticias.com\/index.php\/wp-json\/wp\/v2\/categories?post=34300"},{"taxonomy":"post_tag","embeddable":true,"href":"https:\/\/cdnoticias.com\/index.php\/wp-json\/wp\/v2\/tags?post=34300"}],"curies":[{"name":"wp","href":"https:\/\/api.w.org\/{rel}","templated":true}]}}