{"id":34297,"date":"2021-09-29T16:45:50","date_gmt":"2021-09-29T19:45:50","guid":{"rendered":"http:\/\/www.centraldenoticias.com.ar\/?p=34297"},"modified":"2021-09-29T19:14:02","modified_gmt":"2021-09-29T22:14:02","slug":"punto-por-punto-que-dice-el-proyecto-para-convertir-a-cerro-largo-como-reserva-natural","status":"publish","type":"post","link":"https:\/\/cdnoticias.com\/index.php\/2021\/09\/29\/punto-por-punto-que-dice-el-proyecto-para-convertir-a-cerro-largo-como-reserva-natural\/","title":{"rendered":"Punto por punto, qu\u00e9 dice el proyecto para convertir a \u201cCerro Largo\u201d como Reserva Natural"},"content":{"rendered":"<p>El anuncio fue realizado en conferencia de prensa, pero qu\u00e9 dice el escrito presentado en el HCD.<!--more--><\/p>\n<hr \/>\n<p><strong>\u201cDeclarar al \u2018Cerro Largo\u2019 como reserva natural\u201d<\/strong>. De esa manera Bruno Cenizo, acompa\u00f1ado de integrantes del bloque de concejales de Juntos, resumi\u00f3 el objetivo del proyecto de ordenanza que desde el espacio fue presentado en la jornada de este mi\u00e9rcoles en la mesa de entrada del Concejo Deliberante.<\/p>\n<p>&nbsp;<\/p>\n<p>El anuncio fue llevado adelante en\u00a0<a href=\"https:\/\/cdnoticias.com\/index.php\/2021\/09\/29\/concejales-de-juntos-buscan-declarar-al-cerro-largo-como-reserva-natural\/\" target=\"_blank\" rel=\"noopener\">una conferencia de prensa que se desarroll\u00f3 en el patio de la sede legislativa local<\/a>, donde durante varios minutos desarroll\u00f3 los pormenores de la iniciativa y, a la par, contest\u00f3 las preguntas de los medios presentes.<\/p>\n<p>&nbsp;<\/p>\n<p><img data-recalc-dims=\"1\" loading=\"lazy\" decoding=\"async\" class=\"alignnone size-large wp-image-34268\" src=\"https:\/\/i0.wp.com\/cdnoticias.com\/wp-content\/uploads\/2021\/09\/WhatsApp-Image-2021-09-29-at-3.26.30-PM-1-e1632944657523-1024x562.jpeg?resize=800%2C439&#038;ssl=1\" alt=\"\" width=\"800\" height=\"439\" srcset=\"https:\/\/i0.wp.com\/cdnoticias.com\/wp-content\/uploads\/2021\/09\/WhatsApp-Image-2021-09-29-at-3.26.30-PM-1-e1632944657523.jpeg?resize=1024%2C562&amp;ssl=1 1024w, https:\/\/i0.wp.com\/cdnoticias.com\/wp-content\/uploads\/2021\/09\/WhatsApp-Image-2021-09-29-at-3.26.30-PM-1-e1632944657523.jpeg?resize=300%2C165&amp;ssl=1 300w, https:\/\/i0.wp.com\/cdnoticias.com\/wp-content\/uploads\/2021\/09\/WhatsApp-Image-2021-09-29-at-3.26.30-PM-1-e1632944657523.jpeg?resize=768%2C421&amp;ssl=1 768w, https:\/\/i0.wp.com\/cdnoticias.com\/wp-content\/uploads\/2021\/09\/WhatsApp-Image-2021-09-29-at-3.26.30-PM-1-e1632944657523.jpeg?w=1134&amp;ssl=1 1134w\" sizes=\"auto, (max-width: 800px) 100vw, 800px\" \/><\/p>\n<p>&nbsp;<\/p>\n<p>El proyecto podr\u00eda ser parte de las pr\u00f3ximas sesiones del Concejo Deliberante, por ello resulta tan importante como interesante conocer de qu\u00e9 se trata del proyecto. <strong>\u201cLa necesidad de proteger el \u00e1rea ubicada en la Localidad de Sierras Bayas e identificada como Cerro Largo\u201d<\/strong>, se enfatiz\u00f3 en un inicio y en ese sentido se plante\u00f3 que \u201cresulta necesario adecuar la normativa vigente respecto del \u00c1rea identificada \u201cCerro Largo\u201d en la localidad de Sierras Bayas en el Partido de Olavarr\u00eda\u201d.<\/p>\n<p>&nbsp;<\/p>\n<p>\u201cQue dicha \u00e1rea es reconocida por ser una de las pocas elevaciones naturales del Partido con sentido de pertenencia por parte de todos los habitantes\u201d, se agreg\u00f3 y refiri\u00f3 que<strong> \u201cresulta necesario determinar dicho sitio como una Reserva Natural, entendida como un \u00e1rea que, por razones de inter\u00e9s general, debe ser sustra\u00eddo de la libre intervenci\u00f3n humana a fin de asegurar la existencia a perpetuidad de los elementos que la conforman\u201d.<\/strong><\/p>\n<p>&nbsp;<\/p>\n<p><img data-recalc-dims=\"1\" loading=\"lazy\" decoding=\"async\" class=\"alignnone size-full wp-image-33957\" src=\"https:\/\/i0.wp.com\/cdnoticias.com\/wp-content\/uploads\/2021\/09\/cerro-largo-cartel-01.jpg?resize=800%2C444&#038;ssl=1\" alt=\"\" width=\"800\" height=\"444\" srcset=\"https:\/\/i0.wp.com\/cdnoticias.com\/wp-content\/uploads\/2021\/09\/cerro-largo-cartel-01.jpg?w=800&amp;ssl=1 800w, https:\/\/i0.wp.com\/cdnoticias.com\/wp-content\/uploads\/2021\/09\/cerro-largo-cartel-01.jpg?resize=300%2C167&amp;ssl=1 300w, https:\/\/i0.wp.com\/cdnoticias.com\/wp-content\/uploads\/2021\/09\/cerro-largo-cartel-01.jpg?resize=768%2C426&amp;ssl=1 768w\" sizes=\"auto, (max-width: 800px) 100vw, 800px\" \/><\/p>\n<p>&nbsp;<\/p>\n<p>Tal como lo expres\u00f3 Cenizo en la rueda de prensa, \u201cen la actualidad, y en virtud de lo dispuesto por el Art\u00edculo 4\u00b0 de la Ordenanza Municipal N\u00b0 3.229\/09, se establece a la zona donde se emplaza \u201cCerro Largo\u201d como \u00c1rea Rural de Producci\u00f3n Minera o Reserva Minera\u201d. Es por ello que <strong>\u201cpor medio de la presente Ordenanza se propone realizar un cambio de uso de suelo sobre el bien inmueble identificado catastralmente como: Circunscripci\u00f3n XX \u2013 Pa. 1388b (Partida Inmobiliaria 15.516 (78), \u201cCerro Largo, entendiendo que dicha zona tiene un alto valor medioambiental y para la sociedad en su conjunto\u201d.<\/strong><\/p>\n<p>&nbsp;<\/p>\n<p><strong>\u201cQue en el marco de las facultades legales que le otorga al municipio el Decreto Ley 8912\/77 de Ordenamiento Territorial y Usos del Suelo<\/strong>, el cual define en el art. 7\u00ba como Zona de Reserva al sector delimitado en raz\u00f3n de un inter\u00e9s espec\u00edfico orientado al bien com\u00fan, y reconociendo al Cerro Largo como un sector de inter\u00e9s especial; es que se formula el presente Proyecto de Ordenanza mediante el cual se propone afectar dicho sitio como Reserva Natural Municipal\u201d.<\/p>\n<p>&nbsp;<\/p>\n<p><em><strong>Punto por punto<\/strong><\/em><\/p>\n<p>&nbsp;<\/p>\n<p>El Proyecto de Ordenanza en s\u00ed comprende de 8 puntos, siendo los siguientes:<\/p>\n<p>&nbsp;<\/p>\n<p><strong>ART\u00cdCULO 1\u00b0:<\/strong> Excl\u00fayase del destino de Producci\u00f3n Minera o Reserva Minera del Art\u00edculo 4\u00b0 de la Ordenanza Municipal N\u00b0 3.229\/09 el bien inmueble identificado catastralmente como: Circ. XX \u2013 Parcela 1388b de Partida Inmobiliaria 15.516 (78), cuya denominaci\u00f3n se corresponde con el identificado \u201cCerro Largo\u201d de la localidad de Sierras Bayas\u201d.-<\/p>\n<p>&nbsp;<\/p>\n<p><strong>ART\u00cdCULO 2\u00b0<\/strong>: Decl\u00e1rese de Inter\u00e9s Municipal el inmueble mencionado en el Art\u00edculo 1\u00b0, denomin\u00e1ndose como RESERVA NATURAL MUNICIPAL CERRO LARGO al predio mencionado.-<\/p>\n<p>&nbsp;<\/p>\n<p><strong>ART\u00cdCULO 3\u00b0:<\/strong> Ser\u00e1n objetivos de la declaraci\u00f3n de Inter\u00e9s Municipal de la identificada RESERVA NATURAL MUNICIPAL CERRO LARGO de la presente ordenanza:<\/p>\n<ol>\n<li>a) La preservaci\u00f3n de estado natural del paisaje sin producir alteraciones, s\u00f3lo las m\u00ednimas necesarias para asegurar el control, seguridad, atenci\u00f3n al visitante y otras que se adopten para su conservaci\u00f3n y cuidado.<\/li>\n<li>b) La protecci\u00f3n a perpetuidad del patrimonio natural y paisaj\u00edstico.<\/li>\n<li>c) El Uso P\u00fablico para esparcimiento y recreaci\u00f3n por parte de la comunidad local y los visitantes, tanto nacionales como extranjeros.<\/li>\n<\/ol>\n<p>&nbsp;<\/p>\n<p><img data-recalc-dims=\"1\" loading=\"lazy\" decoding=\"async\" class=\"alignnone size-large wp-image-34271\" src=\"https:\/\/i0.wp.com\/cdnoticias.com\/wp-content\/uploads\/2021\/09\/WhatsApp-Image-2021-09-29-at-3.26.31-PM.jpeg?resize=800%2C534&#038;ssl=1\" alt=\"\" width=\"800\" height=\"534\" srcset=\"https:\/\/i0.wp.com\/cdnoticias.com\/wp-content\/uploads\/2021\/09\/WhatsApp-Image-2021-09-29-at-3.26.31-PM.jpeg?resize=1024%2C683&amp;ssl=1 1024w, https:\/\/i0.wp.com\/cdnoticias.com\/wp-content\/uploads\/2021\/09\/WhatsApp-Image-2021-09-29-at-3.26.31-PM.jpeg?resize=300%2C200&amp;ssl=1 300w, https:\/\/i0.wp.com\/cdnoticias.com\/wp-content\/uploads\/2021\/09\/WhatsApp-Image-2021-09-29-at-3.26.31-PM.jpeg?resize=768%2C512&amp;ssl=1 768w, https:\/\/i0.wp.com\/cdnoticias.com\/wp-content\/uploads\/2021\/09\/WhatsApp-Image-2021-09-29-at-3.26.31-PM.jpeg?resize=272%2C182&amp;ssl=1 272w, https:\/\/i0.wp.com\/cdnoticias.com\/wp-content\/uploads\/2021\/09\/WhatsApp-Image-2021-09-29-at-3.26.31-PM.jpeg?w=1152&amp;ssl=1 1152w\" sizes=\"auto, (max-width: 800px) 100vw, 800px\" \/><\/p>\n<p>&nbsp;<\/p>\n<p><strong>ART\u00cdCULO 4\u00b0<\/strong>: En la Reserva Natural definida en el Art\u00edculo 2\u00ba quedan terminantemente prohibidas las siguientes actividades:<\/p>\n<ol>\n<li>a) Vinculadas a la extracci\u00f3n y explotaci\u00f3n del suelo;<\/li>\n<li>b) La iniciaci\u00f3n de fuegos;<\/li>\n<li>c) La caza de ejemplares de la fauna aut\u00f3ctona, por cualquier medio o raz\u00f3n;<\/li>\n<li>d) La introducci\u00f3n de especies ex\u00f3ticas de flora y fauna que afecten el paisaje;<\/li>\n<li>e) La realizaci\u00f3n de construcciones o cualquier obra que implique modificaci\u00f3n del paisaje natural;<\/li>\n<li>f) La presencia de animales que alteren la vegetaci\u00f3n;<\/li>\n<\/ol>\n<p><strong>ART\u00cdCULO 5\u00ba<\/strong>: En caso de incumplimientos seg\u00fan lo establecido en Art\u00edculo 4 se aplicar\u00e1n multas seg\u00fan establezca el Juzgado de Faltas Municipal de acuerdo a lo establecido en el C\u00f3digo de Faltas vigente.<\/p>\n<p>&nbsp;<\/p>\n<p><strong>ART\u00cdCULO 6\u00b0<\/strong>: Facultase al Departamento Ejecutivo Municipal a elaborar y controlar un manual de buenas pr\u00e1cticas tendientes a asegurar la correcta aplicaci\u00f3n de la ordenanza<\/p>\n<p>&nbsp;<\/p>\n<p><strong>ART\u00cdCULO 7\u00ba<\/strong>: La presente Ordenanza es refrendada por el Se\u00f1or Secretario del Honorable Concejo Deliberante.<\/p>\n<p>&nbsp;<\/p>\n<p><strong>ART\u00cdCULO 8\u00b0<\/strong>: Comun\u00edquese,\u00a0 publ\u00edquese,\u00a0 dese\u00a0 al registro\u00a0 de Ordenanzas; c\u00famplase y oportunamente arch\u00edvese.<\/p>\n","protected":false},"excerpt":{"rendered":"<p>El anuncio fue realizado en conferencia de prensa, pero qu\u00e9 dice el escrito presentado en el HCD.<\/p>\n","protected":false},"author":3,"featured_media":33956,"comment_status":"closed","ping_status":"closed","sticky":false,"template":"","format":"standard","meta":{"_jetpack_memberships_contains_paid_content":false,"footnotes":""},"categories":[5,1],"tags":[],"class_list":["post-34297","post","type-post","status-publish","format-standard","has-post-thumbnail","hentry","category-informacion-general","category-portada"],"jetpack_featured_media_url":"https:\/\/i0.wp.com\/cdnoticias.com\/wp-content\/uploads\/2021\/09\/cerro-largo-cartel-00.jpg?fit=800%2C446&ssl=1","jetpack_sharing_enabled":true,"_links":{"self":[{"href":"https:\/\/cdnoticias.com\/index.php\/wp-json\/wp\/v2\/posts\/34297","targetHints":{"allow":["GET"]}}],"collection":[{"href":"https:\/\/cdnoticias.com\/index.php\/wp-json\/wp\/v2\/posts"}],"about":[{"href":"https:\/\/cdnoticias.com\/index.php\/wp-json\/wp\/v2\/types\/post"}],"author":[{"embeddable":true,"href":"https:\/\/cdnoticias.com\/index.php\/wp-json\/wp\/v2\/users\/3"}],"replies":[{"embeddable":true,"href":"https:\/\/cdnoticias.com\/index.php\/wp-json\/wp\/v2\/comments?post=34297"}],"version-history":[{"count":0,"href":"https:\/\/cdnoticias.com\/index.php\/wp-json\/wp\/v2\/posts\/34297\/revisions"}],"wp:featuredmedia":[{"embeddable":true,"href":"https:\/\/cdnoticias.com\/index.php\/wp-json\/wp\/v2\/media\/33956"}],"wp:attachment":[{"href":"https:\/\/cdnoticias.com\/index.php\/wp-json\/wp\/v2\/media?parent=34297"}],"wp:term":[{"taxonomy":"category","embeddable":true,"href":"https:\/\/cdnoticias.com\/index.php\/wp-json\/wp\/v2\/categories?post=34297"},{"taxonomy":"post_tag","embeddable":true,"href":"https:\/\/cdnoticias.com\/index.php\/wp-json\/wp\/v2\/tags?post=34297"}],"curies":[{"name":"wp","href":"https:\/\/api.w.org\/{rel}","templated":true}]}}