{"id":34263,"date":"2021-09-29T15:36:42","date_gmt":"2021-09-29T18:36:42","guid":{"rendered":"http:\/\/www.centraldenoticias.com.ar\/?p=34263"},"modified":"2021-09-29T16:46:38","modified_gmt":"2021-09-29T19:46:38","slug":"concejales-de-juntos-buscan-declarar-al-cerro-largo-como-reserva-natural","status":"publish","type":"post","link":"https:\/\/cdnoticias.com\/index.php\/2021\/09\/29\/concejales-de-juntos-buscan-declarar-al-cerro-largo-como-reserva-natural\/","title":{"rendered":"Concejales de Juntos buscan declarar al Cerro Largo como Reserva Natural"},"content":{"rendered":"<p>Bruno Cenizo detall\u00f3 el proyecto de ordenanza para prohibir la explotaci\u00f3n y extracci\u00f3n del suelo. Se\u00f1al\u00f3 la intenci\u00f3n de potenciar el turismo en Sierras Bayas y habl\u00f3 del pedido que realizar\u00e1n al Estado nacional.<!--more--><\/p>\n<hr \/>\n<p>El presidente del HCD<strong> Bruno Cenizo<\/strong> encabez\u00f3 una conferencia de prensa en la que se anunci\u00f3 la intenci\u00f3n de <strong>declarar al Cerro Largo (ubicado en Sierras Bayas) como Reserva Natural.<\/strong> Acompa\u00f1ado por concejales de Juntos, brind\u00f3 detalles del proyecto.<\/p>\n<p>&nbsp;<\/p>\n<p>En un principio, resalt\u00f3 la implementaci\u00f3n de distintos proyectos vinculados al ambiente, entre los que destac\u00f3 el Programa de Gesti\u00f3n Integral de Residuos Olavarr\u00eda (GIRO), proyectos presentados y propuestas a desarrollar.<\/p>\n<p>&nbsp;<\/p>\n<p>Luego, se explay\u00f3 sobre <em>\u201creclamos hist\u00f3ricos\u201d<\/em> de los vecinos en relaci\u00f3n a <strong><em>\u201ccomplementar la miner\u00eda con el turismo\u201d<\/em><\/strong> para que <strong><em>\u201cSierras Bayas sea un lugar tur\u00edstico por excelencia\u201d<\/em><\/strong> con la posibilidad de<em> \u201cregular el ordenamiento territorial\u201d.<\/em><\/p>\n<p>&nbsp;<\/p>\n<p><img data-recalc-dims=\"1\" loading=\"lazy\" decoding=\"async\" class=\"alignnone size-full wp-image-34258\" src=\"https:\/\/i0.wp.com\/cdnoticias.com\/wp-content\/uploads\/2021\/09\/WhatsApp-Image-2021-09-29-at-3.10.05-PM-2.jpeg?resize=800%2C600&#038;ssl=1\" alt=\"\" width=\"800\" height=\"600\" srcset=\"https:\/\/i0.wp.com\/cdnoticias.com\/wp-content\/uploads\/2021\/09\/WhatsApp-Image-2021-09-29-at-3.10.05-PM-2.jpeg?w=1152&amp;ssl=1 1152w, https:\/\/i0.wp.com\/cdnoticias.com\/wp-content\/uploads\/2021\/09\/WhatsApp-Image-2021-09-29-at-3.10.05-PM-2.jpeg?resize=300%2C225&amp;ssl=1 300w, https:\/\/i0.wp.com\/cdnoticias.com\/wp-content\/uploads\/2021\/09\/WhatsApp-Image-2021-09-29-at-3.10.05-PM-2.jpeg?resize=768%2C576&amp;ssl=1 768w, https:\/\/i0.wp.com\/cdnoticias.com\/wp-content\/uploads\/2021\/09\/WhatsApp-Image-2021-09-29-at-3.10.05-PM-2.jpeg?resize=1024%2C768&amp;ssl=1 1024w\" sizes=\"auto, (max-width: 800px) 100vw, 800px\" \/><\/p>\n<p>&nbsp;<\/p>\n<p>La declaraci\u00f3n de Reserva Natural implica que <em>\u201cse reserve el paisaje de manera natural\u201d.<\/em> Seg\u00fan, comunic\u00f3 Cenizo, el proyecto fue presentado este mi\u00e9rcoles por la ma\u00f1ana en Mesa de Entrada y busca <strong><em>\u201cdarle marco legal para que la explotaci\u00f3n minera no pueda avanzar\u201d.<\/em><\/strong><\/p>\n<p>&nbsp;<\/p>\n<p>Asimismo, afirm\u00f3 que dicha presentaci\u00f3n constituye<em> \u201cun giro de 180\u00b0 a lo que ten\u00edamos regulado\u201d<\/em> debido a que apunta a <strong>prohibir<\/strong> <strong><em>\u201cterminantemente la explotaci\u00f3n y extracci\u00f3n del suelo\u201d.<\/em><\/strong><\/p>\n<p>&nbsp;<\/p>\n<p><em>\u201cNo desconocimos la importancia de la miner\u00eda en nuestro partido, el trabajo genuino, la cantidad de mineras, pero entendemos que no deben ser incompatibles. Deben ser complementarias\u201d<\/em>, asegur\u00f3 el presidente del cuerpo deliberativo.<\/p>\n<p>&nbsp;<\/p>\n<p><img data-recalc-dims=\"1\" loading=\"lazy\" decoding=\"async\" class=\"alignnone size-full wp-image-34269\" src=\"https:\/\/i0.wp.com\/cdnoticias.com\/wp-content\/uploads\/2021\/09\/WhatsApp-Image-2021-09-29-at-3.26.30-PM-2.jpeg?resize=800%2C533&#038;ssl=1\" alt=\"\" width=\"800\" height=\"533\" srcset=\"https:\/\/i0.wp.com\/cdnoticias.com\/wp-content\/uploads\/2021\/09\/WhatsApp-Image-2021-09-29-at-3.26.30-PM-2.jpeg?w=1152&amp;ssl=1 1152w, https:\/\/i0.wp.com\/cdnoticias.com\/wp-content\/uploads\/2021\/09\/WhatsApp-Image-2021-09-29-at-3.26.30-PM-2.jpeg?resize=300%2C200&amp;ssl=1 300w, https:\/\/i0.wp.com\/cdnoticias.com\/wp-content\/uploads\/2021\/09\/WhatsApp-Image-2021-09-29-at-3.26.30-PM-2.jpeg?resize=768%2C512&amp;ssl=1 768w, https:\/\/i0.wp.com\/cdnoticias.com\/wp-content\/uploads\/2021\/09\/WhatsApp-Image-2021-09-29-at-3.26.30-PM-2.jpeg?resize=1024%2C683&amp;ssl=1 1024w, https:\/\/i0.wp.com\/cdnoticias.com\/wp-content\/uploads\/2021\/09\/WhatsApp-Image-2021-09-29-at-3.26.30-PM-2.jpeg?resize=272%2C182&amp;ssl=1 272w\" sizes=\"auto, (max-width: 800px) 100vw, 800px\" \/><\/p>\n<p>&nbsp;<\/p>\n<p>Respecto a las competencias para legislar sobre el tema, Cenizo se\u00f1al\u00f3 que \u201cojal\u00e1 el Estado nacional nos permita, vamos a pedirle que nos permita hacer mejoras\u201d y agreg\u00f3: \u201cel Estado es due\u00f1o del cerro, nosotros tenemos como potestad el ordenamiento territorial\u201d.<\/p>\n<p>&nbsp;<\/p>\n<p>Por \u00faltimo, manifest\u00f3 la intenci\u00f3n de \u201chacer trabajos en conjunto\u201d al ser consultado sobre un posible conflicto de intereses con Naci\u00f3n o con la subsecretar\u00eda de Miner\u00eda bonaerense a cargo de Federico Aguilera.<\/p>\n","protected":false},"excerpt":{"rendered":"<p>Bruno Cenizo detall\u00f3 el proyecto de ordenanza para prohibir la explotaci\u00f3n y extracci\u00f3n del suelo. Se\u00f1al\u00f3 la intenci\u00f3n de potenciar<\/p>\n","protected":false},"author":5,"featured_media":34271,"comment_status":"closed","ping_status":"closed","sticky":false,"template":"","format":"standard","meta":{"_jetpack_memberships_contains_paid_content":false,"footnotes":""},"categories":[4,1],"tags":[],"class_list":["post-34263","post","type-post","status-publish","format-standard","has-post-thumbnail","hentry","category-politica","category-portada"],"jetpack_featured_media_url":"https:\/\/i0.wp.com\/cdnoticias.com\/wp-content\/uploads\/2021\/09\/WhatsApp-Image-2021-09-29-at-3.26.31-PM.jpeg?fit=1152%2C768&ssl=1","jetpack_sharing_enabled":true,"_links":{"self":[{"href":"https:\/\/cdnoticias.com\/index.php\/wp-json\/wp\/v2\/posts\/34263","targetHints":{"allow":["GET"]}}],"collection":[{"href":"https:\/\/cdnoticias.com\/index.php\/wp-json\/wp\/v2\/posts"}],"about":[{"href":"https:\/\/cdnoticias.com\/index.php\/wp-json\/wp\/v2\/types\/post"}],"author":[{"embeddable":true,"href":"https:\/\/cdnoticias.com\/index.php\/wp-json\/wp\/v2\/users\/5"}],"replies":[{"embeddable":true,"href":"https:\/\/cdnoticias.com\/index.php\/wp-json\/wp\/v2\/comments?post=34263"}],"version-history":[{"count":0,"href":"https:\/\/cdnoticias.com\/index.php\/wp-json\/wp\/v2\/posts\/34263\/revisions"}],"wp:featuredmedia":[{"embeddable":true,"href":"https:\/\/cdnoticias.com\/index.php\/wp-json\/wp\/v2\/media\/34271"}],"wp:attachment":[{"href":"https:\/\/cdnoticias.com\/index.php\/wp-json\/wp\/v2\/media?parent=34263"}],"wp:term":[{"taxonomy":"category","embeddable":true,"href":"https:\/\/cdnoticias.com\/index.php\/wp-json\/wp\/v2\/categories?post=34263"},{"taxonomy":"post_tag","embeddable":true,"href":"https:\/\/cdnoticias.com\/index.php\/wp-json\/wp\/v2\/tags?post=34263"}],"curies":[{"name":"wp","href":"https:\/\/api.w.org\/{rel}","templated":true}]}}