{"id":34252,"date":"2021-09-29T15:00:22","date_gmt":"2021-09-29T18:00:22","guid":{"rendered":"http:\/\/www.centraldenoticias.com.ar\/?p=34252"},"modified":"2021-09-29T15:00:22","modified_gmt":"2021-09-29T18:00:22","slug":"galli-vamos-a-tener-pavimento-en-la-avenida-ituzaingo-para-los-proximos-50-anos","status":"publish","type":"post","link":"https:\/\/cdnoticias.com\/index.php\/2021\/09\/29\/galli-vamos-a-tener-pavimento-en-la-avenida-ituzaingo-para-los-proximos-50-anos\/","title":{"rendered":"Galli: \u201cVamos a tener pavimento en la avenida Ituzaing\u00f3 para los pr\u00f3ximos 50 a\u00f1os\u201d"},"content":{"rendered":"<p>El intendente municipal visit\u00f3 la etapa final de obra de repavimentaci\u00f3n de la avenida Ituzaing\u00f3 que finaliza esta semana y se extiende hasta la avenida Avellaneda.<!--more--><\/p>\n<hr \/>\n<p>El intendente Ezequiel Galli junto al presidente del HCD Bruno Cenizo, la concejal Mar\u00eda Jos\u00e9 Gonz\u00e1lez, el secretario de Mantenimiento y Obras P\u00fablicas Julio Ferraro y representantes de la empresa adjudicataria de los trabajos recorrieron la<strong> etapa final de la obra de repavimentaci\u00f3n de la avenida Ituzaing\u00f3.<\/strong><\/p>\n<p>&nbsp;<\/p>\n<p>La repavimentaci\u00f3n de esta arteria (una de las avenidas de mayor circulaci\u00f3n vehicular, debido a la gran actividad comercial que se registra diariamente en el sector)<strong> se realiz\u00f3 por etapas<\/strong>: la primera de ellas comprendi\u00f3<strong> avenida Trabajadores hasta Hip\u00f3lito Yrigoyen.<\/strong> En una segunda instancia se procedi\u00f3 a la repavimentaci\u00f3n del tramo <strong>Balcarce \u2013 Canaveri, con posterior ampliaci\u00f3n hasta avenida Avellaneda.<\/strong><\/p>\n<p>&nbsp;<\/p>\n<p>En forma complementaria a la repavimentaci\u00f3n, el paquete de obras incluy\u00f3 la <strong>construcci\u00f3n de un separador central de hormig\u00f3n<\/strong>, para continuar con el existente en resto de Ituzaing\u00f3, entre Col\u00f3n y Del Valle.<\/p>\n<p>&nbsp;<\/p>\n<p>Adem\u00e1s <strong>en la intersecci\u00f3n de Ituzaing\u00f3 y avenida Trabajadores se construy\u00f3 una rotonda<\/strong>, que junto con la pavimentaci\u00f3n, permite reordenar el tr\u00e1nsito y brindar mejores condiciones de seguridad vial.<\/p>\n<p>&nbsp;<\/p>\n<p>Tras la visita, el intendente Ezequiel Galli expres\u00f3:<strong><em> \u201cestamos terminando una obra que era muy requerida por los vecinos y por quienes transitan por all\u00ed por motivos laborales\u201d.<\/em><\/strong><\/p>\n<p>&nbsp;<\/p>\n<p><em>\u201cDurante todo el transcurso de la obra pudimos constatar que se hizo un muy buen trabajo y vamos a tener pavimento en la avenida Ituzaing\u00f3 para los pr\u00f3ximos 50 a\u00f1os\u201d<\/em>, agreg\u00f3.<\/p>\n<p>&nbsp;<\/p>\n<p>En la zona de trabajo se solicita a los conductores<strong> circular con extrema precauci\u00f3n y respetar la se\u00f1alizaci\u00f3n<\/strong> instalada en el lugar, con la finalidad de evitar inconvenientes en el tr\u00e1nsito.<\/p>\n","protected":false},"excerpt":{"rendered":"<p>El intendente municipal visit\u00f3 la etapa final de obra de repavimentaci\u00f3n de la avenida Ituzaing\u00f3 que finaliza esta semana y<\/p>\n","protected":false},"author":5,"featured_media":34253,"comment_status":"closed","ping_status":"closed","sticky":false,"template":"","format":"standard","meta":{"_jetpack_memberships_contains_paid_content":false,"footnotes":""},"categories":[5,1],"tags":[],"class_list":["post-34252","post","type-post","status-publish","format-standard","has-post-thumbnail","hentry","category-informacion-general","category-portada"],"jetpack_featured_media_url":"https:\/\/i0.wp.com\/cdnoticias.com\/wp-content\/uploads\/2021\/09\/Obras-Pavimentacion-Av.-Ituzaingo-1-1024x685.jpg?fit=1024%2C685&ssl=1","jetpack_sharing_enabled":true,"_links":{"self":[{"href":"https:\/\/cdnoticias.com\/index.php\/wp-json\/wp\/v2\/posts\/34252","targetHints":{"allow":["GET"]}}],"collection":[{"href":"https:\/\/cdnoticias.com\/index.php\/wp-json\/wp\/v2\/posts"}],"about":[{"href":"https:\/\/cdnoticias.com\/index.php\/wp-json\/wp\/v2\/types\/post"}],"author":[{"embeddable":true,"href":"https:\/\/cdnoticias.com\/index.php\/wp-json\/wp\/v2\/users\/5"}],"replies":[{"embeddable":true,"href":"https:\/\/cdnoticias.com\/index.php\/wp-json\/wp\/v2\/comments?post=34252"}],"version-history":[{"count":0,"href":"https:\/\/cdnoticias.com\/index.php\/wp-json\/wp\/v2\/posts\/34252\/revisions"}],"wp:featuredmedia":[{"embeddable":true,"href":"https:\/\/cdnoticias.com\/index.php\/wp-json\/wp\/v2\/media\/34253"}],"wp:attachment":[{"href":"https:\/\/cdnoticias.com\/index.php\/wp-json\/wp\/v2\/media?parent=34252"}],"wp:term":[{"taxonomy":"category","embeddable":true,"href":"https:\/\/cdnoticias.com\/index.php\/wp-json\/wp\/v2\/categories?post=34252"},{"taxonomy":"post_tag","embeddable":true,"href":"https:\/\/cdnoticias.com\/index.php\/wp-json\/wp\/v2\/tags?post=34252"}],"curies":[{"name":"wp","href":"https:\/\/api.w.org\/{rel}","templated":true}]}}