{"id":34225,"date":"2021-10-11T09:27:57","date_gmt":"2021-10-11T12:27:57","guid":{"rendered":"http:\/\/www.centraldenoticias.com.ar\/?p=34225"},"modified":"2021-10-11T10:09:00","modified_gmt":"2021-10-11T13:09:00","slug":"promotoras-de-la-defensoria-del-pueblo-en-el-censo-de-asociaciones-civiles","status":"publish","type":"post","link":"https:\/\/cdnoticias.com\/index.php\/2021\/10\/11\/promotoras-de-la-defensoria-del-pueblo-en-el-censo-de-asociaciones-civiles\/","title":{"rendered":"Promotoras de la Defensor\u00eda del Pueblo en el censo de asociaciones civiles"},"content":{"rendered":"<p>El censo dar\u00e1 comienzo con la visita a las instituciones para \u201ccontinuar con la tarea de regularizaci\u00f3n\u201d. Interviene tambi\u00e9n la Direcci\u00f3n de Personas Jur\u00eddicas.<!--more--><\/p>\n<hr \/>\n<p><strong>Desde la Defensor\u00eda del Pueblo de la provincia de Buenos Aires se indic\u00f3 que comienza el Censo \u201cPromotorxs de Asociaciones Civiles\u201d<\/strong>.<\/p>\n<p>&nbsp;<\/p>\n<p><strong>Est\u00e1 dirigido a las entidades que se encuentran en el partido de Olavarr\u00eda<\/strong>, en el marco del mencionado programa. Intervienen la Defensor\u00eda del Pueblo bonaerense y la Direcci\u00f3n de Personas\u00a0 Jur\u00eddicas provincial.<\/p>\n<p>&nbsp;<\/p>\n<p><img data-recalc-dims=\"1\" loading=\"lazy\" decoding=\"async\" class=\"aligncenter wp-image-34226\" src=\"https:\/\/i0.wp.com\/cdnoticias.com\/wp-content\/uploads\/2021\/09\/defensoria-del-pueblo-1.jpeg?resize=500%2C427&#038;ssl=1\" alt=\"\" width=\"500\" height=\"427\" srcset=\"https:\/\/i0.wp.com\/cdnoticias.com\/wp-content\/uploads\/2021\/09\/defensoria-del-pueblo-1.jpeg?resize=1024%2C874&amp;ssl=1 1024w, https:\/\/i0.wp.com\/cdnoticias.com\/wp-content\/uploads\/2021\/09\/defensoria-del-pueblo-1.jpeg?resize=300%2C256&amp;ssl=1 300w, https:\/\/i0.wp.com\/cdnoticias.com\/wp-content\/uploads\/2021\/09\/defensoria-del-pueblo-1.jpeg?resize=768%2C656&amp;ssl=1 768w, https:\/\/i0.wp.com\/cdnoticias.com\/wp-content\/uploads\/2021\/09\/defensoria-del-pueblo-1.jpeg?w=1512&amp;ssl=1 1512w\" sizes=\"auto, (max-width: 500px) 100vw, 500px\" \/><\/p>\n<p>&nbsp;<\/p>\n<p>\u201cPara <strong>continuar la tarea de regularizaci\u00f3n<\/strong>, se prev\u00e9, en una primera etapa<strong> visitar diferentes instituciones<\/strong> y as\u00ed\u00a0 <strong>completar el censo en todas las asociaciones<\/strong>\u201d se indic\u00f3.<\/p>\n<p>&nbsp;<\/p>\n<p>Para m\u00e1s informaci\u00f3n, <strong>acercarse a la Delegaci\u00f3n de la Defensor\u00eda del Pueblo<\/strong> de la provincia de Buenos Aires de Olavarr\u00eda o mandar un mail a olavarria@defensorba.org.ar.<\/p>\n","protected":false},"excerpt":{"rendered":"<p>El censo dar\u00e1 comienzo con la visita a las instituciones para \u201ccontinuar con la tarea de regularizaci\u00f3n\u201d. Interviene tambi\u00e9n la<\/p>\n","protected":false},"author":4,"featured_media":34227,"comment_status":"closed","ping_status":"closed","sticky":false,"template":"","format":"standard","meta":{"_jetpack_memberships_contains_paid_content":false,"footnotes":""},"categories":[5,1],"tags":[],"class_list":["post-34225","post","type-post","status-publish","format-standard","has-post-thumbnail","hentry","category-informacion-general","category-portada"],"jetpack_featured_media_url":"https:\/\/i0.wp.com\/cdnoticias.com\/wp-content\/uploads\/2021\/09\/defensoria-del-pueblo-2.jpeg?fit=1512%2C1485&ssl=1","jetpack_sharing_enabled":true,"_links":{"self":[{"href":"https:\/\/cdnoticias.com\/index.php\/wp-json\/wp\/v2\/posts\/34225","targetHints":{"allow":["GET"]}}],"collection":[{"href":"https:\/\/cdnoticias.com\/index.php\/wp-json\/wp\/v2\/posts"}],"about":[{"href":"https:\/\/cdnoticias.com\/index.php\/wp-json\/wp\/v2\/types\/post"}],"author":[{"embeddable":true,"href":"https:\/\/cdnoticias.com\/index.php\/wp-json\/wp\/v2\/users\/4"}],"replies":[{"embeddable":true,"href":"https:\/\/cdnoticias.com\/index.php\/wp-json\/wp\/v2\/comments?post=34225"}],"version-history":[{"count":0,"href":"https:\/\/cdnoticias.com\/index.php\/wp-json\/wp\/v2\/posts\/34225\/revisions"}],"wp:featuredmedia":[{"embeddable":true,"href":"https:\/\/cdnoticias.com\/index.php\/wp-json\/wp\/v2\/media\/34227"}],"wp:attachment":[{"href":"https:\/\/cdnoticias.com\/index.php\/wp-json\/wp\/v2\/media?parent=34225"}],"wp:term":[{"taxonomy":"category","embeddable":true,"href":"https:\/\/cdnoticias.com\/index.php\/wp-json\/wp\/v2\/categories?post=34225"},{"taxonomy":"post_tag","embeddable":true,"href":"https:\/\/cdnoticias.com\/index.php\/wp-json\/wp\/v2\/tags?post=34225"}],"curies":[{"name":"wp","href":"https:\/\/api.w.org\/{rel}","templated":true}]}}