{"id":34212,"date":"2021-09-29T09:32:13","date_gmt":"2021-09-29T12:32:13","guid":{"rendered":"http:\/\/www.centraldenoticias.com.ar\/?p=34212"},"modified":"2021-09-29T11:07:52","modified_gmt":"2021-09-29T14:07:52","slug":"con-249-dosis-aplicadas-avanzo-el-martes-la-campana-de-vacunacion-en-olavarria","status":"publish","type":"post","link":"https:\/\/cdnoticias.com\/index.php\/2021\/09\/29\/con-249-dosis-aplicadas-avanzo-el-martes-la-campana-de-vacunacion-en-olavarria\/","title":{"rendered":"Con 249 dosis aplicadas avanz\u00f3 el martes la campa\u00f1a de vacunaci\u00f3n en Olavarr\u00eda"},"content":{"rendered":"<p>Funcionaron dos vacunatorios. M\u00e1s de 70.500 olavarrienses ya completaron el esquema. En tanto, 28 personas fueron hisopadas en el Centro Provincial de Testeo.<!--more--><\/p>\n<hr \/>\n<p><strong>En la jornada del martes se aplicaron 249 vacunas contra el Covid-19<\/strong>, tal como se indic\u00f3 desde la Regi\u00f3n Sanitaria IX. Adem\u00e1s, <strong>28 personas se presentaron en el Centro Provincial de Testeo<\/strong>.<\/p>\n<p>&nbsp;<\/p>\n<p><strong>En el Servicio Territorial N\u00b02 se vacunaron 111 personas<\/strong>, 35 con primeras dosis y 76 completaron esquemas con segundo componente.<strong> En Centro Cultural Universitario se aplicaron 138 vacunas<\/strong>, 42 con primer componente y 96 segundas dosis.<\/p>\n<p>&nbsp;<\/p>\n<blockquote><p>El Ministerio de Salud provincial inform\u00f3 que hasta este martes 84.328 olavarrienses recibieron las primeras dosis y de ellos 70.529 ya completaron el esquema, es decir que 83,6% tienen las dos dosis.<\/p><\/blockquote>\n<p>&nbsp;<\/p>\n<p>E<strong>n cuanto a segundas dosis, contin\u00faa la aplicaci\u00f3n libre para los mayores de 50 a\u00f1os<\/strong> quienes hayan cumplido con los tiempos entre dosis, y para personas gestantes, trabajadores de salud, y personas inmunodeprimidas.<\/p>\n<p>&nbsp;<\/p>\n<p>El resto de la poblaci\u00f3n para recibir el segundo componente debe <strong>respetar el turno<\/strong>, por lo que desde la Regi\u00f3n Sanitaria IX se le pidi\u00f3 a los vecinos y vecinas que est\u00e9n atentos a las notificaciones que se env\u00edan desde el Ministerio de Salud provincial.<\/p>\n<p>&nbsp;<\/p>\n<p>Adem\u00e1s, <strong>sigue desarroll\u00e1ndose la vacunaci\u00f3n libre para mayores de 18 a\u00f1os<\/strong> que acrediten domicilio en la localidad present\u00e1ndose con su DNI en cualquiera de las postas de vacunaci\u00f3n.<\/p>\n<p>&nbsp;<\/p>\n<p>A la par,<strong> contin\u00faa la inscripci\u00f3n a menores de 12 a 17 a\u00f1os<\/strong> a trav\u00e9s del sitio web <strong>www.vacunatepba.gba.gob.ar<\/strong> para obtener el turno correspondiente y recibir la primera dosis, priorizando a quienes pertenecen a grupos de riesgo.<\/p>\n<p>&nbsp;<\/p>\n<p>Cualquier duda o consulta, podr\u00e1n acercarse a cualquiera de las tres postas: Servicio Territorial N\u00b02, Av. Alberdi 2543, de 8 a 18 hs; Facultad de Ciencias de la Salud, Merlo entre Av. Pringles y 9 de julio, de 8 a 18 hs, y en el Centro Cultural Universitario, San Martin 1955, de 8 a 18 hs.<\/p>\n<p>&nbsp;<\/p>\n<p>Por \u00faltimo en cuanto a las actividades preventivas que se realizan en <strong>el Centro Provincial de Testeos <\/strong>que funciona en las instalaciones del Club El Fort\u00edn (Urquiza 2980), de lunes a viernes de 8 a 12, este martes <strong>se realizaron 28 hisopados<\/strong> a personas que se presentaron de manera espont\u00e1nea, de las cuales <strong>2 resultaron positivos<\/strong>.<\/p>\n","protected":false},"excerpt":{"rendered":"<p>Funcionaron dos vacunatorios. M\u00e1s de 70.500 olavarrienses ya completaron el esquema. En tanto, 28 personas fueron hisopadas en el Centro<\/p>\n","protected":false},"author":4,"featured_media":19521,"comment_status":"closed","ping_status":"closed","sticky":false,"template":"","format":"standard","meta":{"_jetpack_memberships_contains_paid_content":false,"footnotes":""},"categories":[16,1],"tags":[],"class_list":["post-34212","post","type-post","status-publish","format-standard","has-post-thumbnail","hentry","category-covid-19","category-portada"],"jetpack_featured_media_url":"https:\/\/i0.wp.com\/cdnoticias.com\/wp-content\/uploads\/2021\/04\/vacunatorio-unicen.jpg?fit=800%2C445&ssl=1","jetpack_sharing_enabled":true,"_links":{"self":[{"href":"https:\/\/cdnoticias.com\/index.php\/wp-json\/wp\/v2\/posts\/34212","targetHints":{"allow":["GET"]}}],"collection":[{"href":"https:\/\/cdnoticias.com\/index.php\/wp-json\/wp\/v2\/posts"}],"about":[{"href":"https:\/\/cdnoticias.com\/index.php\/wp-json\/wp\/v2\/types\/post"}],"author":[{"embeddable":true,"href":"https:\/\/cdnoticias.com\/index.php\/wp-json\/wp\/v2\/users\/4"}],"replies":[{"embeddable":true,"href":"https:\/\/cdnoticias.com\/index.php\/wp-json\/wp\/v2\/comments?post=34212"}],"version-history":[{"count":0,"href":"https:\/\/cdnoticias.com\/index.php\/wp-json\/wp\/v2\/posts\/34212\/revisions"}],"wp:featuredmedia":[{"embeddable":true,"href":"https:\/\/cdnoticias.com\/index.php\/wp-json\/wp\/v2\/media\/19521"}],"wp:attachment":[{"href":"https:\/\/cdnoticias.com\/index.php\/wp-json\/wp\/v2\/media?parent=34212"}],"wp:term":[{"taxonomy":"category","embeddable":true,"href":"https:\/\/cdnoticias.com\/index.php\/wp-json\/wp\/v2\/categories?post=34212"},{"taxonomy":"post_tag","embeddable":true,"href":"https:\/\/cdnoticias.com\/index.php\/wp-json\/wp\/v2\/tags?post=34212"}],"curies":[{"name":"wp","href":"https:\/\/api.w.org\/{rel}","templated":true}]}}