{"id":34193,"date":"2021-09-28T20:44:55","date_gmt":"2021-09-28T23:44:55","guid":{"rendered":"http:\/\/www.centraldenoticias.com.ar\/?p=34193"},"modified":"2021-09-29T08:13:46","modified_gmt":"2021-09-29T11:13:46","slug":"concejales-del-foro-olavarria-fr-se-reunieron-con-vecinos-en-sierra-chica","status":"publish","type":"post","link":"https:\/\/cdnoticias.com\/index.php\/2021\/09\/28\/concejales-del-foro-olavarria-fr-se-reunieron-con-vecinos-en-sierra-chica\/","title":{"rendered":"Concejales del Foro Olavarr\u00eda FR se reunieron con vecinos en Sierra Chica"},"content":{"rendered":"<p>El encuentro se llev\u00f3 a cabo en la tarde de este martes, para conocer los problemas y demandas de los vecinos de la localidad.<!--more--><\/p>\n<hr \/>\n<p>En la tarde de este martes, el concejal Eduardo Rodr\u00edguez, la concejala In\u00e9s Creimer y el candidato por el Frente de Todos, Gast\u00f3n Sarachu, <strong>visitaron Sierra Chica para reunirse con vecinas y vecinos de la localidad.<\/strong><\/p>\n<p>&nbsp;<\/p>\n<p>De acuerdo con lo que se detall\u00f3, el objetivo\u00a0 fue conocer los problemas y demandas como as\u00ed tambi\u00e9n para acercar propuestas. En ese sentido, <strong>\u00a0informaron las obras que se realizan en la localidad gracias al Gobierno Provincial y la gesti\u00f3n del gobernador Axel Kicillof.<\/strong><\/p>\n<p>&nbsp;<\/p>\n<p>A su vez, el candidato del Frente de Todos, Gast\u00f3n Sarachu, se puso a disposici\u00f3n para gestionar aquellas demandas que no han tenido respuesta por parte del Municipio al tiempo que valor\u00f3 la importancia de sumar voces para trabajar en conjunto con las localidades del Partido de Olavarr\u00eda\u201d. \u00a0<strong>\u201cSierra Chica es una localidad muy importante, por lo que es fundamental escuchar a cada vecino y vecina y acercar soluciones y propuestas para los problemas concretos\u201d concluy\u00f3 Sarachu.<\/strong><\/p>\n","protected":false},"excerpt":{"rendered":"<p>El encuentro se llev\u00f3 a cabo en la tarde de este martes, para conocer los problemas y demandas de los<\/p>\n","protected":false},"author":3,"featured_media":34195,"comment_status":"closed","ping_status":"closed","sticky":false,"template":"","format":"standard","meta":{"_jetpack_memberships_contains_paid_content":false,"footnotes":""},"categories":[4],"tags":[],"class_list":["post-34193","post","type-post","status-publish","format-standard","has-post-thumbnail","hentry","category-politica"],"jetpack_featured_media_url":"https:\/\/i0.wp.com\/cdnoticias.com\/wp-content\/uploads\/2021\/09\/Foro-Olavarr%C3%ADa-Sierra-Chica.jpg?fit=1600%2C899&ssl=1","jetpack_sharing_enabled":true,"_links":{"self":[{"href":"https:\/\/cdnoticias.com\/index.php\/wp-json\/wp\/v2\/posts\/34193","targetHints":{"allow":["GET"]}}],"collection":[{"href":"https:\/\/cdnoticias.com\/index.php\/wp-json\/wp\/v2\/posts"}],"about":[{"href":"https:\/\/cdnoticias.com\/index.php\/wp-json\/wp\/v2\/types\/post"}],"author":[{"embeddable":true,"href":"https:\/\/cdnoticias.com\/index.php\/wp-json\/wp\/v2\/users\/3"}],"replies":[{"embeddable":true,"href":"https:\/\/cdnoticias.com\/index.php\/wp-json\/wp\/v2\/comments?post=34193"}],"version-history":[{"count":0,"href":"https:\/\/cdnoticias.com\/index.php\/wp-json\/wp\/v2\/posts\/34193\/revisions"}],"wp:featuredmedia":[{"embeddable":true,"href":"https:\/\/cdnoticias.com\/index.php\/wp-json\/wp\/v2\/media\/34195"}],"wp:attachment":[{"href":"https:\/\/cdnoticias.com\/index.php\/wp-json\/wp\/v2\/media?parent=34193"}],"wp:term":[{"taxonomy":"category","embeddable":true,"href":"https:\/\/cdnoticias.com\/index.php\/wp-json\/wp\/v2\/categories?post=34193"},{"taxonomy":"post_tag","embeddable":true,"href":"https:\/\/cdnoticias.com\/index.php\/wp-json\/wp\/v2\/tags?post=34193"}],"curies":[{"name":"wp","href":"https:\/\/api.w.org\/{rel}","templated":true}]}}