{"id":34192,"date":"2021-09-28T20:30:26","date_gmt":"2021-09-28T23:30:26","guid":{"rendered":"http:\/\/www.centraldenoticias.com.ar\/?p=34192"},"modified":"2021-09-29T08:14:42","modified_gmt":"2021-09-29T11:14:42","slug":"la-subsecretaria-de-derechos-humanos-repudio-la-vandalizacion-de-los-panuelos","status":"publish","type":"post","link":"https:\/\/cdnoticias.com\/index.php\/2021\/09\/28\/la-subsecretaria-de-derechos-humanos-repudio-la-vandalizacion-de-los-panuelos\/","title":{"rendered":"La Subsecretar\u00eda de Derechos Humanos repudi\u00f3 la vandalizaci\u00f3n de los pa\u00f1uelos"},"content":{"rendered":"<p>A trav\u00e9s de un comunicado, el organismo provincial rechaz\u00f3 el ataque cometido sobre el s\u00edmbolo de las Madres y Abuelas de Plaza de Mayo en la Plaza Central de Olavarr\u00eda.<!--more--><\/p>\n<hr \/>\n<p>La <strong>Subsecretar\u00eda de Derechos Humanos de la Provincia de Buenos Aires<\/strong> repudi\u00f3 los hechos vand\u00e1licos cometidos d\u00edas atr\u00e1s sobre los pa\u00f1uelos de las Madres y Abuelas de Plaza de Mayo que se encuentran pintados sobre las baldosas de la Plaza Central de nuestra ciudad.<\/p>\n<p>&nbsp;<\/p>\n<p>Cabe se\u00f1alar que en la tarde del martes un importante n\u00famero de personas, entre militantes, referentes pol\u00edticos, de Derechos Humanos y comunidad en general tom\u00f3 parte de la<a href=\"https:\/\/cdnoticias.com\/index.php\/2021\/09\/28\/vinci-si-hay-una-sancion-deberia-ser-penal-en-funcion-de-lo-que-genera-este-tipo-de-pintadas\/\" target=\"_blank\" rel=\"noopener\"> reparaci\u00f3n y repintado los pa\u00f1uelos.<\/a><\/p>\n<p>&nbsp;<\/p>\n<p>A trav\u00e9s de un comunicado indicaron que <em>\u201ceste proceder deleznable y negacionista, dista mucho del basamento democr\u00e1tico instaurado en la sociedad desde el retorno de la democracia y <strong>guarda estrecha relaci\u00f3n con la ideolog\u00eda que dio sustento al terrorismo de Estado<\/strong>\u201d.<\/em><\/p>\n<p>&nbsp;<\/p>\n<p>Se\u00f1alaron que<em> \u201cnuestro pa\u00eds atraves\u00f3 -y atraviesa- un arduo camino en busca de justicia por las graves violaciones a los derechos humanos cometidas por la \u00faltima dictadura c\u00edvico militar\u201d.<\/em><\/p>\n<p>&nbsp;<\/p>\n<p><img data-recalc-dims=\"1\" loading=\"lazy\" decoding=\"async\" class=\"alignnone size-full wp-image-34081\" src=\"https:\/\/i0.wp.com\/cdnoticias.com\/wp-content\/uploads\/2021\/09\/WhatsApp-Image-2021-09-27-at-16.24.35-1.jpeg?resize=800%2C450&#038;ssl=1\" alt=\"\" width=\"800\" height=\"450\" srcset=\"https:\/\/i0.wp.com\/cdnoticias.com\/wp-content\/uploads\/2021\/09\/WhatsApp-Image-2021-09-27-at-16.24.35-1.jpeg?w=1599&amp;ssl=1 1599w, https:\/\/i0.wp.com\/cdnoticias.com\/wp-content\/uploads\/2021\/09\/WhatsApp-Image-2021-09-27-at-16.24.35-1.jpeg?resize=300%2C169&amp;ssl=1 300w, https:\/\/i0.wp.com\/cdnoticias.com\/wp-content\/uploads\/2021\/09\/WhatsApp-Image-2021-09-27-at-16.24.35-1.jpeg?resize=768%2C432&amp;ssl=1 768w, https:\/\/i0.wp.com\/cdnoticias.com\/wp-content\/uploads\/2021\/09\/WhatsApp-Image-2021-09-27-at-16.24.35-1.jpeg?resize=1024%2C576&amp;ssl=1 1024w\" sizes=\"auto, (max-width: 800px) 100vw, 800px\" \/><\/p>\n<p>&nbsp;<\/p>\n<p><em>\u201cEn primer lugar, avanzando con el juzgamiento a las c\u00fapulas militares en lo que se conoci\u00f3 como el <strong>\u201cJuicio a las Juntas\u201d<\/strong> y posteriormente con el juicio y castigo a todos los responsables de aquel horror, que fue posible gracias a la <strong>nulidad de las &#8220;leyes del perd\u00f3n y de la impunidad&#8221;<\/strong>, a trav\u00e9s de la sanci\u00f3n de la Ley N\u00b0 25.779 y de su promulgaci\u00f3n, en septiembre de 2003, por el ex presidente N\u00e9stor Kirchner, que las declar\u00f3 \u201cinsalvablemente nulas\u201d. Este \u00faltimo precedente signific\u00f3 un verdadero cambio de paradigma en el juzgamiento a los responsables del terrorismo de Estado\u201d<\/em>, continuaron.<\/p>\n<p>&nbsp;<\/p>\n<p>En ese sentido, se lamentaron por la existencia de grupos que<em> \u201c<strong>se sienten envalentonados para agraviar y descalificar la lucha de los organismos de derechos humanos<\/strong>, bas\u00e1ndose especialmente en la doctrina negacionista que no reconoce las violaciones a los derechos humanos que practicaron quienes detentaron el poder durante los a\u00f1os m\u00e1s oscuros de nuestra historia. Y lo hacen a plena luz del d\u00eda y a la vista de todos y todas\u201d.<\/em><\/p>\n<p>&nbsp;<\/p>\n<p><img data-recalc-dims=\"1\" loading=\"lazy\" decoding=\"async\" class=\"alignnone size-full wp-image-34150\" src=\"https:\/\/i0.wp.com\/cdnoticias.com\/wp-content\/uploads\/2021\/09\/Pa%C3%B1uelos-05.jpg?resize=800%2C445&#038;ssl=1\" alt=\"\" width=\"800\" height=\"445\" srcset=\"https:\/\/i0.wp.com\/cdnoticias.com\/wp-content\/uploads\/2021\/09\/Pa%C3%B1uelos-05.jpg?w=800&amp;ssl=1 800w, https:\/\/i0.wp.com\/cdnoticias.com\/wp-content\/uploads\/2021\/09\/Pa%C3%B1uelos-05.jpg?resize=300%2C167&amp;ssl=1 300w, https:\/\/i0.wp.com\/cdnoticias.com\/wp-content\/uploads\/2021\/09\/Pa%C3%B1uelos-05.jpg?resize=768%2C427&amp;ssl=1 768w\" sizes=\"auto, (max-width: 800px) 100vw, 800px\" \/><\/p>\n<p>&nbsp;<\/p>\n<blockquote><p>As\u00ed, vemos como estas personas banalizan el n\u00famero de desaparecidos, o niegan que haya existido un plan sistem\u00e1tico de tortura, desaparici\u00f3n de personas y de robo de bebes.<\/p>\n<p>&nbsp;<\/p><\/blockquote>\n<p>&nbsp;<\/p>\n<p>Por este motivo, interpretaron el ataque ocurrido en nuestra ciudad \u201c<em>como un hecho de <strong>violencia ideol\u00f3gica, psicol\u00f3gica y simb\u00f3lica<\/strong> ejercida no solo contra las v\u00edctimas del terrorismo de Estado y sus familiares, sino contra la comunidad en su conjunto\u201d.<\/em><\/p>\n<p>&nbsp;<\/p>\n<p><em>\u201cDesde el m\u00e1s profundo convencimiento que este tipo de pr\u00e1cticas antidemocr\u00e1ticas -guiadas por el odio y la violencia- deben ser repudiadas de forma categ\u00f3rica con el objetivo de contrarrestarlas y desalentarlas, y guiados por el ejemplo de nuestras Madres y Abuelas de Plaza de Mayo, continuaremos forjando sin descanso una Provincia con m\u00e1s memoria, con m\u00e1s verdad y con m\u00e1s justicia\u201d<\/em>, concluyeron.<\/p>\n","protected":false},"excerpt":{"rendered":"<p>A trav\u00e9s de un comunicado, el organismo provincial rechaz\u00f3 el ataque cometido sobre el s\u00edmbolo de las Madres y Abuelas<\/p>\n","protected":false},"author":5,"featured_media":34199,"comment_status":"closed","ping_status":"closed","sticky":false,"template":"","format":"standard","meta":{"_jetpack_memberships_contains_paid_content":false,"footnotes":""},"categories":[5,1],"tags":[],"class_list":["post-34192","post","type-post","status-publish","format-standard","has-post-thumbnail","hentry","category-informacion-general","category-portada"],"jetpack_featured_media_url":"https:\/\/i0.wp.com\/cdnoticias.com\/wp-content\/uploads\/2021\/09\/Dise%C3%B1o-sin-t%C3%ADtulo-12.png?fit=1080%2C1080&ssl=1","jetpack_sharing_enabled":true,"_links":{"self":[{"href":"https:\/\/cdnoticias.com\/index.php\/wp-json\/wp\/v2\/posts\/34192","targetHints":{"allow":["GET"]}}],"collection":[{"href":"https:\/\/cdnoticias.com\/index.php\/wp-json\/wp\/v2\/posts"}],"about":[{"href":"https:\/\/cdnoticias.com\/index.php\/wp-json\/wp\/v2\/types\/post"}],"author":[{"embeddable":true,"href":"https:\/\/cdnoticias.com\/index.php\/wp-json\/wp\/v2\/users\/5"}],"replies":[{"embeddable":true,"href":"https:\/\/cdnoticias.com\/index.php\/wp-json\/wp\/v2\/comments?post=34192"}],"version-history":[{"count":0,"href":"https:\/\/cdnoticias.com\/index.php\/wp-json\/wp\/v2\/posts\/34192\/revisions"}],"wp:featuredmedia":[{"embeddable":true,"href":"https:\/\/cdnoticias.com\/index.php\/wp-json\/wp\/v2\/media\/34199"}],"wp:attachment":[{"href":"https:\/\/cdnoticias.com\/index.php\/wp-json\/wp\/v2\/media?parent=34192"}],"wp:term":[{"taxonomy":"category","embeddable":true,"href":"https:\/\/cdnoticias.com\/index.php\/wp-json\/wp\/v2\/categories?post=34192"},{"taxonomy":"post_tag","embeddable":true,"href":"https:\/\/cdnoticias.com\/index.php\/wp-json\/wp\/v2\/tags?post=34192"}],"curies":[{"name":"wp","href":"https:\/\/api.w.org\/{rel}","templated":true}]}}