{"id":34186,"date":"2021-09-28T19:16:54","date_gmt":"2021-09-28T22:16:54","guid":{"rendered":"http:\/\/www.centraldenoticias.com.ar\/?p=34186"},"modified":"2021-09-28T19:16:54","modified_gmt":"2021-09-28T22:16:54","slug":"aborto-legal-olavarria-se-sumo-al-panuelazo-por-el-28s","status":"publish","type":"post","link":"https:\/\/cdnoticias.com\/index.php\/2021\/09\/28\/aborto-legal-olavarria-se-sumo-al-panuelazo-por-el-28s\/","title":{"rendered":"Aborto Legal: Olavarr\u00eda se sum\u00f3 al pa\u00f1uelazo por el #28S"},"content":{"rendered":"<p>La Asamblea Feminista y Disidente impuls\u00f3 una actividad en el marco del D\u00eda de Acci\u00f3n Global por el acceso al aborto Legal en Am\u00e9rica Latina y el Caribe.<!--more--><\/p>\n<hr \/>\n<p>Este martes desde las 18 se llev\u00f3 a cabo en el Paseo Jes\u00fas Mend\u00eda una <strong>concentraci\u00f3n y pa\u00f1uelazo<\/strong> en el marco del <strong>D\u00eda de Acci\u00f3n Global por el acceso al aborto Legal en Am\u00e9rica Latina y el Caribe.<\/strong><\/p>\n<p>&nbsp;<\/p>\n<p>La acci\u00f3n fue impulsada por la <strong>Asamblea Disidente y Feminista<\/strong>, y en el caso de Argentina se trata del primer a\u00f1o que se conmemora esta fecha con la vigencia de la <strong>Ley 27.610 que garantiza el acceso a la Interrupci\u00f3n Voluntaria del Embarazo.<\/strong><\/p>\n<p>&nbsp;<\/p>\n<p><img data-recalc-dims=\"1\" loading=\"lazy\" decoding=\"async\" class=\"alignnone size-full wp-image-34178\" src=\"https:\/\/i0.wp.com\/cdnoticias.com\/wp-content\/uploads\/2021\/09\/Pa%C3%B1uelazo-aborto-03.jpg?resize=800%2C445&#038;ssl=1\" alt=\"\" width=\"800\" height=\"445\" srcset=\"https:\/\/i0.wp.com\/cdnoticias.com\/wp-content\/uploads\/2021\/09\/Pa%C3%B1uelazo-aborto-03.jpg?w=800&amp;ssl=1 800w, https:\/\/i0.wp.com\/cdnoticias.com\/wp-content\/uploads\/2021\/09\/Pa%C3%B1uelazo-aborto-03.jpg?resize=300%2C167&amp;ssl=1 300w, https:\/\/i0.wp.com\/cdnoticias.com\/wp-content\/uploads\/2021\/09\/Pa%C3%B1uelazo-aborto-03.jpg?resize=768%2C427&amp;ssl=1 768w\" sizes=\"auto, (max-width: 800px) 100vw, 800px\" \/><\/p>\n<p>&nbsp;<\/p>\n<p>La actividad busc\u00f3 bregar por la <strong>correcta aplicaci\u00f3n en todo el territorio argentino<\/strong> de la Interrupci\u00f3n Voluntaria del Embarazo. Adem\u00e1s, se exigi\u00f3 la <strong>renuncia de Juan Manzur, actual Jefe de Ministros de la Naci\u00f3n.<\/strong><\/p>\n<p>&nbsp;<\/p>\n<p>En ese sentido, durante la ma\u00f1ana de este martes y en di\u00e1logo con Radio Universidad, <strong>Casandra Mu\u00f1oz del Campo, integrante de Socorristas,<\/strong> <a href=\"https:\/\/cdnoticias.com\/index.php\/2021\/09\/28\/en-olavarria-la-interrupcion-voluntaria-del-embarazo-esta-garantizada\/\" target=\"_blank\" rel=\"noopener\">resalt\u00f3 la correcta implementaci\u00f3n de la Interrupci\u00f3n Voluntaria del Embarazo (IVE) en Olavarr\u00eda.<\/a> <em>\u201cNos enorgullece decir que se est\u00e1 garantizando en la mayor parte del sistema de salud p\u00fablico y es muy grato poder comunicarlo\u201d<\/em>, se\u00f1al\u00f3.<\/p>\n<p>&nbsp;<\/p>\n<p><img data-recalc-dims=\"1\" loading=\"lazy\" decoding=\"async\" class=\"alignnone size-full wp-image-34180\" src=\"https:\/\/i0.wp.com\/cdnoticias.com\/wp-content\/uploads\/2021\/09\/Pa%C3%B1uelazo-aborto-01.jpg?resize=800%2C445&#038;ssl=1\" alt=\"\" width=\"800\" height=\"445\" srcset=\"https:\/\/i0.wp.com\/cdnoticias.com\/wp-content\/uploads\/2021\/09\/Pa%C3%B1uelazo-aborto-01.jpg?w=800&amp;ssl=1 800w, https:\/\/i0.wp.com\/cdnoticias.com\/wp-content\/uploads\/2021\/09\/Pa%C3%B1uelazo-aborto-01.jpg?resize=300%2C167&amp;ssl=1 300w, https:\/\/i0.wp.com\/cdnoticias.com\/wp-content\/uploads\/2021\/09\/Pa%C3%B1uelazo-aborto-01.jpg?resize=768%2C427&amp;ssl=1 768w\" sizes=\"auto, (max-width: 800px) 100vw, 800px\" \/><\/p>\n<p>&nbsp;<\/p>\n<p>Sin embargo, asegur\u00f3 que est\u00e1 situaci\u00f3n no se repite en todas partes del pa\u00eds por lo que habl\u00f3 de cuidar la obtenci\u00f3n de esta hist\u00f3rica ley.<\/p>\n","protected":false},"excerpt":{"rendered":"<p>La Asamblea Feminista y Disidente impuls\u00f3 una actividad en el marco del D\u00eda de Acci\u00f3n Global por el acceso al<\/p>\n","protected":false},"author":5,"featured_media":34177,"comment_status":"closed","ping_status":"closed","sticky":false,"template":"","format":"standard","meta":{"_jetpack_memberships_contains_paid_content":false,"footnotes":""},"categories":[3,1],"tags":[],"class_list":["post-34186","post","type-post","status-publish","format-standard","has-post-thumbnail","hentry","category-genero","category-portada"],"jetpack_featured_media_url":"https:\/\/i0.wp.com\/cdnoticias.com\/wp-content\/uploads\/2021\/09\/Pa%C3%B1uelazo-aborto-04.jpg?fit=800%2C445&ssl=1","jetpack_sharing_enabled":true,"_links":{"self":[{"href":"https:\/\/cdnoticias.com\/index.php\/wp-json\/wp\/v2\/posts\/34186","targetHints":{"allow":["GET"]}}],"collection":[{"href":"https:\/\/cdnoticias.com\/index.php\/wp-json\/wp\/v2\/posts"}],"about":[{"href":"https:\/\/cdnoticias.com\/index.php\/wp-json\/wp\/v2\/types\/post"}],"author":[{"embeddable":true,"href":"https:\/\/cdnoticias.com\/index.php\/wp-json\/wp\/v2\/users\/5"}],"replies":[{"embeddable":true,"href":"https:\/\/cdnoticias.com\/index.php\/wp-json\/wp\/v2\/comments?post=34186"}],"version-history":[{"count":0,"href":"https:\/\/cdnoticias.com\/index.php\/wp-json\/wp\/v2\/posts\/34186\/revisions"}],"wp:featuredmedia":[{"embeddable":true,"href":"https:\/\/cdnoticias.com\/index.php\/wp-json\/wp\/v2\/media\/34177"}],"wp:attachment":[{"href":"https:\/\/cdnoticias.com\/index.php\/wp-json\/wp\/v2\/media?parent=34186"}],"wp:term":[{"taxonomy":"category","embeddable":true,"href":"https:\/\/cdnoticias.com\/index.php\/wp-json\/wp\/v2\/categories?post=34186"},{"taxonomy":"post_tag","embeddable":true,"href":"https:\/\/cdnoticias.com\/index.php\/wp-json\/wp\/v2\/tags?post=34186"}],"curies":[{"name":"wp","href":"https:\/\/api.w.org\/{rel}","templated":true}]}}