{"id":34142,"date":"2021-09-28T17:30:13","date_gmt":"2021-09-28T20:30:13","guid":{"rendered":"http:\/\/www.centraldenoticias.com.ar\/?p=34142"},"modified":"2021-09-28T17:30:13","modified_gmt":"2021-09-28T20:30:13","slug":"se-realizo-la-primera-jornada-de-testeos-en-el-dia-internacional-contra-la-hepatitis-c","status":"publish","type":"post","link":"https:\/\/cdnoticias.com\/index.php\/2021\/09\/28\/se-realizo-la-primera-jornada-de-testeos-en-el-dia-internacional-contra-la-hepatitis-c\/","title":{"rendered":"Se realiz\u00f3 la primera jornada de testeos en el D\u00eda Internacional contra la Hepatitis C"},"content":{"rendered":"<p>En esta primera jornada se realizaron\u00a0m\u00e1s de una treintena de controles.<!--more--><\/p>\n<hr \/>\n<p>&nbsp;<\/p>\n<p>La <strong>Secretar\u00eda de Salud del Municipio<\/strong>, junto a la\u00a0<strong>Fundaci\u00f3n HCV Sin Fronteras<\/strong>, lleva adelante acciones conjuntas en el marco del <strong>D\u00eda Internacional contra la\u00a0Hepatitis\u00a0C<\/strong>, que se conmemora cada <strong>1\u00ba de octubre.<\/strong><\/p>\n<p>&nbsp;<\/p>\n<p>En este contexto, los d\u00edas <strong>martes 28 y mi\u00e9rcoles 29 de septiembre<\/strong>, el <strong>Municipio<\/strong> a trav\u00e9s de los Servicios de <strong>Infectolog\u00eda y Laboratorio<\/strong> del Hospital Municipal <strong>\u201cDr. H\u00e9ctor M. Cura\u201d<\/strong> y la Direcci\u00f3n de <strong>Atenci\u00f3n Primaria de la Salud<\/strong>, ofrece <strong>testeos r\u00e1pidos de\u00a0Hepatitis\u00a0C<\/strong>. Participar\u00e1 tambi\u00e9n personal de la <strong>Fundaci\u00f3n HCV Sin Fronteras.<\/strong><\/p>\n<p>&nbsp;<\/p>\n<p><img data-recalc-dims=\"1\" loading=\"lazy\" decoding=\"async\" class=\"aligncenter wp-image-34158 size-large\" src=\"https:\/\/i0.wp.com\/cdnoticias.com\/wp-content\/uploads\/2021\/09\/Salud-Testeos-Hepatitis-C-2.jpg?resize=800%2C600&#038;ssl=1\" alt=\"\" width=\"800\" height=\"600\" srcset=\"https:\/\/i0.wp.com\/cdnoticias.com\/wp-content\/uploads\/2021\/09\/Salud-Testeos-Hepatitis-C-2.jpg?w=1024&amp;ssl=1 1024w, https:\/\/i0.wp.com\/cdnoticias.com\/wp-content\/uploads\/2021\/09\/Salud-Testeos-Hepatitis-C-2.jpg?resize=300%2C225&amp;ssl=1 300w, https:\/\/i0.wp.com\/cdnoticias.com\/wp-content\/uploads\/2021\/09\/Salud-Testeos-Hepatitis-C-2.jpg?resize=768%2C576&amp;ssl=1 768w\" sizes=\"auto, (max-width: 800px) 100vw, 800px\" \/><\/p>\n<p>&nbsp;<\/p>\n<p>Tales <strong>testeos son efectuados en el SMT N\u00ba 2 de 10:00 a 12:00<\/strong> <strong>(abierta a toda la comunidad)<\/strong> y\u00a0el <strong>Laboratorio del Hospital Municipal<\/strong> (para <strong>personal de salud<\/strong>). Los <strong>controles son voluntarios<\/strong> y <strong>no se requiere turno<\/strong> (atenci\u00f3n a demanda, por <strong>orden de llegada<\/strong>). Asimismo, se brinda consejer\u00eda sobre esta enfermedad.<\/p>\n<p>&nbsp;<\/p>\n<p>Cabe destacar que, si el resultado del testeo r\u00e1pido <strong>da positivo<\/strong>, se efect\u00faa una <strong>confirmaci\u00f3n de dicho resultado<\/strong>, mediante el equipo de <strong>Biolog\u00eda molecular<\/strong> para la medici\u00f3n de carga viral de <strong>VIH,\u00a0hepatitis\u00a0B y C<\/strong>, del que dispone el Municipio.<\/p>\n<p>&nbsp;<\/p>\n<p><img data-recalc-dims=\"1\" loading=\"lazy\" decoding=\"async\" class=\"aligncenter wp-image-34159 size-large\" src=\"https:\/\/i0.wp.com\/cdnoticias.com\/wp-content\/uploads\/2021\/09\/Salud-Testeos-Hepatitis-C-3.jpg?resize=800%2C600&#038;ssl=1\" alt=\"\" width=\"800\" height=\"600\" srcset=\"https:\/\/i0.wp.com\/cdnoticias.com\/wp-content\/uploads\/2021\/09\/Salud-Testeos-Hepatitis-C-3.jpg?w=1024&amp;ssl=1 1024w, https:\/\/i0.wp.com\/cdnoticias.com\/wp-content\/uploads\/2021\/09\/Salud-Testeos-Hepatitis-C-3.jpg?resize=300%2C225&amp;ssl=1 300w, https:\/\/i0.wp.com\/cdnoticias.com\/wp-content\/uploads\/2021\/09\/Salud-Testeos-Hepatitis-C-3.jpg?resize=768%2C576&amp;ssl=1 768w\" sizes=\"auto, (max-width: 800px) 100vw, 800px\" \/><\/p>\n<p>&nbsp;<\/p>\n<p>En esta <strong>primera jornada de testeos<\/strong>, con la participaci\u00f3n de la asesora de la Secretar\u00eda de Salud, <strong>Mariana Diamanti<\/strong>, se <strong>realizaron m\u00e1s de una treintena de controles.<\/strong><\/p>\n<p>&nbsp;<\/p>\n","protected":false},"excerpt":{"rendered":"<p>En esta primera jornada se realizaron\u00a0m\u00e1s de una treintena de controles.<\/p>\n","protected":false},"author":6,"featured_media":34144,"comment_status":"closed","ping_status":"closed","sticky":false,"template":"","format":"standard","meta":{"_jetpack_memberships_contains_paid_content":false,"footnotes":""},"categories":[5,1],"tags":[],"class_list":["post-34142","post","type-post","status-publish","format-standard","has-post-thumbnail","hentry","category-informacion-general","category-portada"],"jetpack_featured_media_url":"https:\/\/i0.wp.com\/cdnoticias.com\/wp-content\/uploads\/2021\/09\/Salud-Testeos-Hepatitis-C-4.jpg?fit=1024%2C768&ssl=1","jetpack_sharing_enabled":true,"_links":{"self":[{"href":"https:\/\/cdnoticias.com\/index.php\/wp-json\/wp\/v2\/posts\/34142","targetHints":{"allow":["GET"]}}],"collection":[{"href":"https:\/\/cdnoticias.com\/index.php\/wp-json\/wp\/v2\/posts"}],"about":[{"href":"https:\/\/cdnoticias.com\/index.php\/wp-json\/wp\/v2\/types\/post"}],"author":[{"embeddable":true,"href":"https:\/\/cdnoticias.com\/index.php\/wp-json\/wp\/v2\/users\/6"}],"replies":[{"embeddable":true,"href":"https:\/\/cdnoticias.com\/index.php\/wp-json\/wp\/v2\/comments?post=34142"}],"version-history":[{"count":0,"href":"https:\/\/cdnoticias.com\/index.php\/wp-json\/wp\/v2\/posts\/34142\/revisions"}],"wp:featuredmedia":[{"embeddable":true,"href":"https:\/\/cdnoticias.com\/index.php\/wp-json\/wp\/v2\/media\/34144"}],"wp:attachment":[{"href":"https:\/\/cdnoticias.com\/index.php\/wp-json\/wp\/v2\/media?parent=34142"}],"wp:term":[{"taxonomy":"category","embeddable":true,"href":"https:\/\/cdnoticias.com\/index.php\/wp-json\/wp\/v2\/categories?post=34142"},{"taxonomy":"post_tag","embeddable":true,"href":"https:\/\/cdnoticias.com\/index.php\/wp-json\/wp\/v2\/tags?post=34142"}],"curies":[{"name":"wp","href":"https:\/\/api.w.org\/{rel}","templated":true}]}}