{"id":34101,"date":"2021-09-28T09:41:53","date_gmt":"2021-09-28T12:41:53","guid":{"rendered":"http:\/\/www.centraldenoticias.com.ar\/?p=34101"},"modified":"2021-09-29T08:14:30","modified_gmt":"2021-09-29T11:14:30","slug":"olavarria-se-suma-al-panuelazo-por-la-legalizacion-del-aborto-en-el-continente","status":"publish","type":"post","link":"https:\/\/cdnoticias.com\/index.php\/2021\/09\/28\/olavarria-se-suma-al-panuelazo-por-la-legalizacion-del-aborto-en-el-continente\/","title":{"rendered":"Olavarr\u00eda se suma al Pa\u00f1uelazo por la legalizaci\u00f3n del aborto en el continente"},"content":{"rendered":"<p>Es un d\u00eda de acci\u00f3n global y en nuestra ciudad la convocatoria es de la Asamblea Feminista Disidente desde las 18 en el Paseo Mend\u00eda.<!--more--><\/p>\n<hr \/>\n<p><strong>La Campa\u00f1a Nacional por el Derecho al Aborto Legal, Seguro y Gratuito se manifestar\u00e1 este martes con un pa\u00f1uelazo<\/strong> frente al Congreso de la Naci\u00f3n, que tendr\u00e1 sus r\u00e9plicas en ciudades de todo el pa\u00eds, entre ellas Olavarr\u00eda.<\/p>\n<p>&nbsp;<\/p>\n<p>El reclamo central es <strong>\u201cla efectiva implementaci\u00f3n de la ley de Interrupci\u00f3n Voluntaria del Embarazo (IVE)\u201d<\/strong> y para apoyar iniciativas similares en los pa\u00edses de la regi\u00f3n, en coincidencia con el <strong>D\u00eda de la Acci\u00f3n Global por el Acceso a este derecho en Am\u00e9rica Latina y el Caribe<\/strong>.<\/p>\n<p>&nbsp;<\/p>\n<p>El reclamo tambi\u00e9n busca <strong>\u201cexigir la libertad de todas las presas por abortar y que no haya ninguna ni\u00f1a m\u00e1s obligada a gestar, parir y criar\u201d<\/strong>.<\/p>\n<p>&nbsp;<\/p>\n<p><img data-recalc-dims=\"1\" loading=\"lazy\" decoding=\"async\" class=\"aligncenter wp-image-34104\" src=\"https:\/\/i0.wp.com\/cdnoticias.com\/wp-content\/uploads\/2021\/09\/pa%C3%B1uelazo-aborto-asambleafeminista-1024x1024.jpeg?resize=500%2C500&#038;ssl=1\" alt=\"\" width=\"500\" height=\"500\" srcset=\"https:\/\/i0.wp.com\/cdnoticias.com\/wp-content\/uploads\/2021\/09\/pa%C3%B1uelazo-aborto-asambleafeminista.jpeg?resize=1024%2C1024&amp;ssl=1 1024w, https:\/\/i0.wp.com\/cdnoticias.com\/wp-content\/uploads\/2021\/09\/pa%C3%B1uelazo-aborto-asambleafeminista.jpeg?resize=150%2C150&amp;ssl=1 150w, https:\/\/i0.wp.com\/cdnoticias.com\/wp-content\/uploads\/2021\/09\/pa%C3%B1uelazo-aborto-asambleafeminista.jpeg?resize=300%2C300&amp;ssl=1 300w, https:\/\/i0.wp.com\/cdnoticias.com\/wp-content\/uploads\/2021\/09\/pa%C3%B1uelazo-aborto-asambleafeminista.jpeg?resize=768%2C768&amp;ssl=1 768w, https:\/\/i0.wp.com\/cdnoticias.com\/wp-content\/uploads\/2021\/09\/pa%C3%B1uelazo-aborto-asambleafeminista.jpeg?w=1080&amp;ssl=1 1080w\" sizes=\"auto, (max-width: 500px) 100vw, 500px\" \/><\/p>\n<p>&nbsp;<\/p>\n<p><strong>El \u201c28S\u201d tambi\u00e9n se conmemorar\u00e1 a en Olavarr\u00eda<\/strong> con una convocatoria de la <strong>Asamblea Feminista Disidente<\/strong>: comenzar\u00e1 a las <strong>18 en el Paseo Mend\u00eda<\/strong>.<\/p>\n<p>&nbsp;<\/p>\n<blockquote><p>\u201cLas Mareas Verdes siguen en movimiento, porque quedan muchos territorios en los que a\u00fan los estados y sus gobiernos nos niegan las autonom\u00edas de nuestrxs cuespxs\u201d sostuvo la agrupaci\u00f3n local.<\/p><\/blockquote>\n<p>&nbsp;<\/p>\n<p>Adem\u00e1s, <strong>se incluy\u00f3 el rechazo a la asunci\u00f3n de Juan Manzur al frente de la Jefatura de Gabinete de la Naci\u00f3n<\/strong> como otra de las consignas de la convocatoria. El ex gobernador de Tucum\u00e1n y recientemente asumido en el Gabinete nacional est\u00e1 en contra del aborto y desde su provincia ejerci\u00f3 una fuerte resistencia para que el proyecto de legalizaci\u00f3n no avanzara en el Congreso. Incluso march\u00f3 personalmente junto a los &#8220;celestes&#8221; en Tucum\u00e1n.<\/p>\n<p>&nbsp;<\/p>\n<p><img data-recalc-dims=\"1\" loading=\"lazy\" decoding=\"async\" class=\"size-large wp-image-10108 aligncenter\" src=\"https:\/\/i0.wp.com\/cdnoticias.com\/wp-content\/uploads\/2020\/12\/aborto-legal.jpg?resize=800%2C600&#038;ssl=1\" alt=\"\" width=\"800\" height=\"600\" srcset=\"https:\/\/i0.wp.com\/cdnoticias.com\/wp-content\/uploads\/2020\/12\/aborto-legal.jpg?resize=1024%2C768&amp;ssl=1 1024w, https:\/\/i0.wp.com\/cdnoticias.com\/wp-content\/uploads\/2020\/12\/aborto-legal.jpg?resize=300%2C225&amp;ssl=1 300w, https:\/\/i0.wp.com\/cdnoticias.com\/wp-content\/uploads\/2020\/12\/aborto-legal.jpg?resize=768%2C576&amp;ssl=1 768w, https:\/\/i0.wp.com\/cdnoticias.com\/wp-content\/uploads\/2020\/12\/aborto-legal.jpg?w=1280&amp;ssl=1 1280w\" sizes=\"auto, (max-width: 800px) 100vw, 800px\" \/><\/p>\n<p>&nbsp;<\/p>\n<p>En 2019 fue denunciado penalmente por distintas organizaciones feministas, al igual que otros funcionarios de la Gobernaci\u00f3n tucumana, por impedir la aplicaci\u00f3n de la legislaci\u00f3n y obligar a una ni\u00f1a a parir: los denunciantes sostuvieron que todos los derechos de la ni\u00f1a violada y forzada a ser madre fueron vulnerados.<\/p>\n<p>&nbsp;<\/p>\n<p><strong>En Am\u00e9rica Latina<\/strong><\/p>\n<p>&nbsp;<\/p>\n<p>El aborto es legal sin causales hasta en Uruguay, Puerto Rico, Cuba, Guyana, Argentina y en los estados mexicanos de Distrito Federal, Oaxaca, Hidalgo y Veracruz de M\u00e9xico.<\/p>\n<p>&nbsp;<\/p>\n<p>En Chile, Brasil, Bolivia, Colombia, Costa Rica, Ecuador, Guatemala, Panam\u00e1, Paraguay, Per\u00fa y Venezuela existe la despenalizaci\u00f3n por causales, mientras que persiste la restricci\u00f3n total en pa\u00edses como El Salvador, Hait\u00ed, Honduras, Nicaragua o Rep\u00fablica Dominicana.<\/p>\n<p>&nbsp;<\/p>\n<p>Fuente: <em>con datos de Agencia DIB<\/em><\/p>\n","protected":false},"excerpt":{"rendered":"<p>Es un d\u00eda de acci\u00f3n global y en nuestra ciudad la convocatoria es de la Asamblea Feminista Disidente desde las<\/p>\n","protected":false},"author":4,"featured_media":34103,"comment_status":"closed","ping_status":"closed","sticky":false,"template":"","format":"standard","meta":{"_jetpack_memberships_contains_paid_content":false,"footnotes":""},"categories":[3,1],"tags":[],"class_list":["post-34101","post","type-post","status-publish","format-standard","has-post-thumbnail","hentry","category-genero","category-portada"],"jetpack_featured_media_url":"https:\/\/i0.wp.com\/cdnoticias.com\/wp-content\/uploads\/2021\/09\/pa%C3%B1uelazo-aborto-asamblea-feminista00.jpg?fit=800%2C446&ssl=1","jetpack_sharing_enabled":true,"_links":{"self":[{"href":"https:\/\/cdnoticias.com\/index.php\/wp-json\/wp\/v2\/posts\/34101","targetHints":{"allow":["GET"]}}],"collection":[{"href":"https:\/\/cdnoticias.com\/index.php\/wp-json\/wp\/v2\/posts"}],"about":[{"href":"https:\/\/cdnoticias.com\/index.php\/wp-json\/wp\/v2\/types\/post"}],"author":[{"embeddable":true,"href":"https:\/\/cdnoticias.com\/index.php\/wp-json\/wp\/v2\/users\/4"}],"replies":[{"embeddable":true,"href":"https:\/\/cdnoticias.com\/index.php\/wp-json\/wp\/v2\/comments?post=34101"}],"version-history":[{"count":0,"href":"https:\/\/cdnoticias.com\/index.php\/wp-json\/wp\/v2\/posts\/34101\/revisions"}],"wp:featuredmedia":[{"embeddable":true,"href":"https:\/\/cdnoticias.com\/index.php\/wp-json\/wp\/v2\/media\/34103"}],"wp:attachment":[{"href":"https:\/\/cdnoticias.com\/index.php\/wp-json\/wp\/v2\/media?parent=34101"}],"wp:term":[{"taxonomy":"category","embeddable":true,"href":"https:\/\/cdnoticias.com\/index.php\/wp-json\/wp\/v2\/categories?post=34101"},{"taxonomy":"post_tag","embeddable":true,"href":"https:\/\/cdnoticias.com\/index.php\/wp-json\/wp\/v2\/tags?post=34101"}],"curies":[{"name":"wp","href":"https:\/\/api.w.org\/{rel}","templated":true}]}}