{"id":34098,"date":"2021-09-28T08:53:39","date_gmt":"2021-09-28T11:53:39","guid":{"rendered":"http:\/\/www.centraldenoticias.com.ar\/?p=34098"},"modified":"2021-09-28T08:57:26","modified_gmt":"2021-09-28T11:57:26","slug":"olavarria-amanecio-con-una-helada-y-la-primavera","status":"publish","type":"post","link":"https:\/\/cdnoticias.com\/index.php\/2021\/09\/28\/olavarria-amanecio-con-una-helada-y-la-primavera\/","title":{"rendered":"Olavarr\u00eda amaneci\u00f3 con una helada, \u00bfy la primavera?"},"content":{"rendered":"<p>Estaba pronosticada la baja para la madrugada y la ma\u00f1ana de este martes en Olavarr\u00eda. Por la tarde se espera que las condiciones mejores.<!--more--><\/p>\n<hr \/>\n<p>A pesar del inicio de la primavera, <strong>las temperaturas se mantienen bajas en el centro de la Provincia de Buenos Aires<\/strong>.<\/p>\n<p>&nbsp;<\/p>\n<p>De hecho, <strong>Olavarr\u00eda amaneci\u00f3 con una helada<\/strong> que cubri\u00f3 mayormente los sectores rurales, pero tambi\u00e9n se sinti\u00f3 en la planta urbana.<\/p>\n<p>&nbsp;<\/p>\n<blockquote class=\"twitter-tweet\">\n<p dir=\"ltr\" lang=\"es\">Nueva helada este martes 28, la Primavera est\u00e1 remolona. Una imagen es de La Mar\u00eda, Ruta 60, la otra de un lugar indeterminado del partido de <a href=\"https:\/\/twitter.com\/hashtag\/Olavarr%C3%ADa?src=hash&amp;ref_src=twsrc%5Etfw\">#Olavarr\u00eda<\/a>. Los oyentes las mandaron al 2284545646 <a href=\"https:\/\/t.co\/GGT53vF2US\">pic.twitter.com\/GGT53vF2US<\/a><\/p>\n<p>\u2014 Radio Olavarr\u00eda (@Radio_Olavarria) <a href=\"https:\/\/twitter.com\/Radio_Olavarria\/status\/1442794554365726722?ref_src=twsrc%5Etfw\">September 28, 2021<\/a><\/p><\/blockquote>\n<p><script async src=\"https:\/\/platform.twitter.com\/widgets.js\" charset=\"utf-8\"><\/script><\/p>\n<p><strong>Desde la Estaci\u00f3n Meteorol\u00f3gica Olavarr\u00eda se hab\u00eda pronostica el fen\u00f3meno<\/strong>, con el detalle de las bajas temperaturas previstas para la madrugada y la ma\u00f1ana de este martes: 3\u00b0 y 8\u00b0 grados respectivamente con viento de alrededor de 22 kil\u00f3metros por hora en promedio.<\/p>\n<p>&nbsp;<\/p>\n<p>En tanto, <strong>para la tarde se espera que las condiciones mejoren levemente<\/strong>\u00a0ya que la m\u00e1xima pronosticada es de 17\u00b0.<\/p>\n","protected":false},"excerpt":{"rendered":"<p>Estaba pronosticada la baja para la madrugada y la ma\u00f1ana de este martes en Olavarr\u00eda. Por la tarde se espera<\/p>\n","protected":false},"author":4,"featured_media":34099,"comment_status":"closed","ping_status":"closed","sticky":false,"template":"","format":"standard","meta":{"_jetpack_memberships_contains_paid_content":false,"footnotes":""},"categories":[5,1],"tags":[],"class_list":["post-34098","post","type-post","status-publish","format-standard","has-post-thumbnail","hentry","category-informacion-general","category-portada"],"jetpack_featured_media_url":"https:\/\/i0.wp.com\/cdnoticias.com\/wp-content\/uploads\/2021\/09\/helada-00.jpg?fit=800%2C445&ssl=1","jetpack_sharing_enabled":true,"_links":{"self":[{"href":"https:\/\/cdnoticias.com\/index.php\/wp-json\/wp\/v2\/posts\/34098","targetHints":{"allow":["GET"]}}],"collection":[{"href":"https:\/\/cdnoticias.com\/index.php\/wp-json\/wp\/v2\/posts"}],"about":[{"href":"https:\/\/cdnoticias.com\/index.php\/wp-json\/wp\/v2\/types\/post"}],"author":[{"embeddable":true,"href":"https:\/\/cdnoticias.com\/index.php\/wp-json\/wp\/v2\/users\/4"}],"replies":[{"embeddable":true,"href":"https:\/\/cdnoticias.com\/index.php\/wp-json\/wp\/v2\/comments?post=34098"}],"version-history":[{"count":0,"href":"https:\/\/cdnoticias.com\/index.php\/wp-json\/wp\/v2\/posts\/34098\/revisions"}],"wp:featuredmedia":[{"embeddable":true,"href":"https:\/\/cdnoticias.com\/index.php\/wp-json\/wp\/v2\/media\/34099"}],"wp:attachment":[{"href":"https:\/\/cdnoticias.com\/index.php\/wp-json\/wp\/v2\/media?parent=34098"}],"wp:term":[{"taxonomy":"category","embeddable":true,"href":"https:\/\/cdnoticias.com\/index.php\/wp-json\/wp\/v2\/categories?post=34098"},{"taxonomy":"post_tag","embeddable":true,"href":"https:\/\/cdnoticias.com\/index.php\/wp-json\/wp\/v2\/tags?post=34098"}],"curies":[{"name":"wp","href":"https:\/\/api.w.org\/{rel}","templated":true}]}}