{"id":34095,"date":"2021-09-28T08:27:02","date_gmt":"2021-09-28T11:27:02","guid":{"rendered":"http:\/\/www.centraldenoticias.com.ar\/?p=34095"},"modified":"2021-09-28T10:49:56","modified_gmt":"2021-09-28T13:49:56","slug":"galli-mi-absoluto-repudio-a-este-ataque-cobarde-e-innecesario","status":"publish","type":"post","link":"https:\/\/cdnoticias.com\/index.php\/2021\/09\/28\/galli-mi-absoluto-repudio-a-este-ataque-cobarde-e-innecesario\/","title":{"rendered":"Galli: \u201cMi absoluto repudio a este ataque cobarde e innecesario\u201d"},"content":{"rendered":"<p>El jefe comunal utiliz\u00f3 sus redes sociales para lamentar la intervenci\u00f3n de los pa\u00f1uelos de Madres y Abuelas de Plaza de Mayo. \u201cHay simbolismos que son parte de nuestra historia. Y la historia se respeta\u201d dijo.<!--more--><\/p>\n<hr \/>\n<p>A \u00faltima hora del lunes, <a href=\"https:\/\/cdnoticias.com\/index.php\/2021\/09\/28\/el-equipo-republicano-se-adjudico-el-acto-de-vandalismo-en-los-panuelos-de-madres-y-abuelas\/\" target=\"_blank\" rel=\"noopener\">apenas algunas horas despu\u00e9s de la lamentable intervenci\u00f3n de los pa\u00f1uelos de Madres y Abuelas de Plaza de Mayo ubicados en la plaza central de la ciudad<\/a>, <strong>el intendente Galli repudi\u00f3 los hechos y los catalog\u00f3 de <em>\u201cun ataque cobarde e innecesario\u201d.<\/em><\/strong><\/p>\n<p>&nbsp;<\/p>\n<p>V\u00eda Twitter, el jefe comunal expres\u00f3 que <strong><em>\u201cpodemos coincidir o disentir, pero hay simbolismos que son parte de nuestra historia. Y la historia se respeta\u201d.<\/em><\/strong><\/p>\n<p>&nbsp;<\/p>\n<blockquote class=\"twitter-tweet\">\n<p dir=\"ltr\" lang=\"es\">Podemos coincidir o disentir, pero hay simbolismos que son parte de nuestra historia. Y la historia se respeta. Mi absoluto repudio a este ataque cobarde e innecesario. <a href=\"https:\/\/t.co\/LBBW53Xdmy\">pic.twitter.com\/LBBW53Xdmy<\/a><\/p>\n<p>\u2014 Ezequiel Galli (@ezequielgalli) <a href=\"https:\/\/twitter.com\/ezequielgalli\/status\/1442680188958126081?ref_src=twsrc%5Etfw\">September 28, 2021<\/a><\/p><\/blockquote>\n<p><script async src=\"https:\/\/platform.twitter.com\/widgets.js\" charset=\"utf-8\"><\/script><\/p>\n<p>&nbsp;<\/p>\n<blockquote><p>\u201cMi absoluto repudio a este ataque cobarde e innecesario\u201d.<\/p><\/blockquote>\n<p>&nbsp;<\/p>\n<p>Cabe se\u00f1alar que la agrupaci\u00f3n <strong>\u201cEquipo Republicano de Olavarr\u00eda\u201d se adjudic\u00f3 el hecho y hab\u00eda compartido, adem\u00e1s de las repudiables im\u00e1genes de las pintadas tanto en la plaza como en la Facultad de Salud, un flyer convocando a vecinos a participar de una actividad de \u201cJuntos\u201d con el propio Galli como protagonista, junto a Horacio Rodr\u00edguez Larreta y Diego Santilli.<\/strong><\/p>\n<p>&nbsp;<\/p>\n<p>Con este repudio, en tanto, <strong>el jefe comunal tom\u00f3 distancia de dicha agrupaci\u00f3n y como principal representante del Estado puso en valor los simbolismos hist\u00f3ricos que representan tanto las Madres como las Abuelas de Plaza de Mayo.<\/strong><\/p>\n","protected":false},"excerpt":{"rendered":"<p>El jefe comunal utiliz\u00f3 sus redes sociales para lamentar la intervenci\u00f3n de los pa\u00f1uelos de Madres y Abuelas de Plaza<\/p>\n","protected":false},"author":2,"featured_media":34096,"comment_status":"closed","ping_status":"closed","sticky":false,"template":"","format":"standard","meta":{"_jetpack_memberships_contains_paid_content":false,"footnotes":""},"categories":[5,1],"tags":[],"class_list":["post-34095","post","type-post","status-publish","format-standard","has-post-thumbnail","hentry","category-informacion-general","category-portada"],"jetpack_featured_media_url":"https:\/\/i0.wp.com\/cdnoticias.com\/wp-content\/uploads\/2021\/09\/galli-repudio.jpg?fit=542%2C402&ssl=1","jetpack_sharing_enabled":true,"_links":{"self":[{"href":"https:\/\/cdnoticias.com\/index.php\/wp-json\/wp\/v2\/posts\/34095","targetHints":{"allow":["GET"]}}],"collection":[{"href":"https:\/\/cdnoticias.com\/index.php\/wp-json\/wp\/v2\/posts"}],"about":[{"href":"https:\/\/cdnoticias.com\/index.php\/wp-json\/wp\/v2\/types\/post"}],"author":[{"embeddable":true,"href":"https:\/\/cdnoticias.com\/index.php\/wp-json\/wp\/v2\/users\/2"}],"replies":[{"embeddable":true,"href":"https:\/\/cdnoticias.com\/index.php\/wp-json\/wp\/v2\/comments?post=34095"}],"version-history":[{"count":0,"href":"https:\/\/cdnoticias.com\/index.php\/wp-json\/wp\/v2\/posts\/34095\/revisions"}],"wp:featuredmedia":[{"embeddable":true,"href":"https:\/\/cdnoticias.com\/index.php\/wp-json\/wp\/v2\/media\/34096"}],"wp:attachment":[{"href":"https:\/\/cdnoticias.com\/index.php\/wp-json\/wp\/v2\/media?parent=34095"}],"wp:term":[{"taxonomy":"category","embeddable":true,"href":"https:\/\/cdnoticias.com\/index.php\/wp-json\/wp\/v2\/categories?post=34095"},{"taxonomy":"post_tag","embeddable":true,"href":"https:\/\/cdnoticias.com\/index.php\/wp-json\/wp\/v2\/tags?post=34095"}],"curies":[{"name":"wp","href":"https:\/\/api.w.org\/{rel}","templated":true}]}}